{"id":238,"date":"2016-12-21T21:36:40","date_gmt":"2016-12-21T20:36:40","guid":{"rendered":"http:\/\/www.jananews.cz\/WP\/index.php\/2016\/12\/21\/skutecna-liga-2016-ma-sve-viteze\/"},"modified":"2016-12-21T21:36:40","modified_gmt":"2016-12-21T20:36:40","slug":"skutecna-liga-2016-ma-sve-viteze","status":"publish","type":"post","link":"https:\/\/jananews.cz\/index.php\/2016\/12\/21\/skutecna-liga-2016-ma-sve-viteze\/","title":{"rendered":"Skute\u010dn\u00e1 Liga 2016 m\u00e1 sv\u00e9 v\u00edt\u011bze"},"content":{"rendered":"<p>PRAHA &#8211; V sobotu 17. prosince se v KD Mlejn uskute\u010dnilo fin\u00e1le 12. ro\u010dn\u00edku nejv\u011bt\u0161\u00ed hudebn\u00ed sout\u011b\u017ee neprofesion\u00e1ln\u00edch kapel u n\u00e1s Skute\u010dn\u00e1 Liga. Na leto\u0161n\u00ed ro\u010dn\u00edk se do sout\u011b\u017ee p\u0159ihl\u00e1silo 122 kapel, ze kter\u00fdch musela odborn\u00e1 porota vybrat pouze 5 nejlep\u0161\u00edch, kter\u00e9 postoup\u00ed do fin\u00e1le. Ka\u017ed\u00fdm rokem je toto rozhodov\u00e1n\u00ed t\u011b\u017e\u0161\u00ed a t\u011b\u017e\u0161\u00ed, jeliko\u017e se \u00farove\u0148 m\u00edstn\u00edch kapel st\u00e1le zvy\u0161uje. Nicm\u00e9n\u011b se mezi v\u0161emi z\u00fa\u010dastn\u011bn\u00fdmi na\u0161lo p\u011bt opravdov\u00fdch talent\u016f, kte\u0159\u00ed se probojovali a\u017e do \u00fapln\u00e9ho fin\u00e1le. Jsou to kapely Cox &amp; Vox,Sabina Lud\u00e1nyiov\u00e1, DMG &amp; The Funky Terrorist, Idio &amp; Idio a Black Mercury.<\/p>\n<p>  <!--more-->  <\/p>\n<p>O v\u00fdsledc\u00edch SL2016 rozhodovala na\u0161e odborn\u00e1 porota, kter\u00e1 se skl\u00e1d\u00e1 z Luk\u00e1\u0161e Fouska, Bohumila Zatloukala, Vladim\u00edra Zatloukala, Ladislava Jakla, Ji\u0159\u00edho Pila\u0159e, Jamajky Koblicov\u00e9, Petra Kor\u00e1la, Martina Polonyie, Zde\u0148ka Hnyka a v\u00fdznamn\u00e9ho hosta, kter\u00fd do fin\u00e1lov\u00e9 poroty dorazil a\u017e ze Spojen\u00fdch St\u00e1t\u016f Neila Turbina b\u00fdval\u00e9ho \u010dlena skupiny Anthrax. Nakonec se porota rozhodla n\u00e1sledovn\u011b:<\/p>\n<p>1. m\u00edsto<br \/>IDIO&amp;IDIO (88,75b.)<\/p>\n<p>2. m\u00edsto<br \/>COX&amp;VOX (86,75b.)<\/p>\n<p>3. m\u00edsto<br \/>BLACK MERCURY (84,25b.)<\/p>\n<p>4. m\u00edsto<br \/>SABINA LUD\u00c1NYIOV\u00c1 (81,5b.)<\/p>\n<p>5. m\u00edsto<br \/>DMG&amp;THE FUNKY TERRORIST (70,25b.)<\/p>\n<p>T\u00edmto v\u0161em fin\u00e1lov\u00fdm a z\u00fa\u010dastn\u011bn\u00fdm kapel\u00e1m gratulujeme a p\u0159ejeme mnoho \u00fasp\u011bch\u016f na hudebn\u00ed sc\u00e9n\u011b. Nejv\u011bt\u0161\u00ed gratulace ov\u0161em pat\u0159\u00ed kapele Idio&amp;Idio, kter\u00e1 se dostala p\u0159es celou sout\u011b\u017e a\u017e do \u00fapln\u00e9ho fin\u00e1le na 1. m\u00edsto. Velice se t\u011b\u0161\u00edme na budouc\u00ed spolupr\u00e1ci se v\u0161emi finalisty.<br \/>Ka\u017ed\u00fdm rokem po\u0159\u00e1d\u00e1me i p\u0159ed\u00e1v\u00e1n\u00ed cen Music Talent Awards a ani 12. ro\u010dn\u00edk nebyl v\u00fdjimkou. Op\u011bt v\u0161em v\u00fdherc\u016fm i nominovan\u00fdm gratulujeme.<\/p>\n<p>MTA 2016<br \/>Muzikant roku: Pavel Bek (Charlotta)<br \/>Zp\u011bv\u00e1k roku: Jimy Cox (Cox&amp;Vox)<br \/>Zp\u011bva\u010dka roku: Sabina Lud\u00e1nyiov\u00e1<br \/>Kytara roku: Jan Lichtenberg (The Myne)<br \/>Image roku: Black Mercury<br \/>Osobnost roku: Jamajka Koblicov\u00e1<\/p>\n<p>V\u0161em kapel\u00e1m, partner\u016fm, porotc\u016fm a p\u0159\u00e1tel\u016fm Skute\u010dn\u00e9 Ligy mnohokr\u00e1t d\u011bkujeme za fantastick\u00fd 12. Ro\u010dn\u00edk sout\u011b\u017ee a budeme se na v\u00e1s op\u011bt t\u011b\u0161it v p\u0159\u00ed\u0161t\u00edm roce.<\/p>\n<p>Kr\u00e1sn\u00e9 v\u00e1no\u010dn\u00ed sv\u00e1tky a \u0161\u0165astn\u00fd nov\u00fd rok p\u0159eje Skute\u010dn\u00e1 Liga<\/p>\n<p>Text: Luk\u00e1\u0161 Fousek<\/p>\n<p>Foto: archiv Skute\u010dn\u00e1 liga<\/p>\n<p><img loading=\"lazy\" class=\" size-full wp-image-235\" src=\"https:\/\/jananews.cz\/wp-content\/uploads\/2016\/12\/skutecnaliga1.jpg\" alt=\"\" width=\"497\" height=\"331\" srcset=\"https:\/\/jananews.cz\/wp-content\/uploads\/2016\/12\/skutecnaliga1.jpg 640w, https:\/\/jananews.cz\/wp-content\/uploads\/2016\/12\/skutecnaliga1-300x200.jpg 300w\" sizes=\"(max-width: 497px) 100vw, 497px\" \/><\/p>\n<p><img loading=\"lazy\" class=\" size-full wp-image-236\" src=\"https:\/\/jananews.cz\/wp-content\/uploads\/2016\/12\/skutecnaliga2.jpg\" alt=\"\" width=\"498\" height=\"333\" srcset=\"https:\/\/jananews.cz\/wp-content\/uploads\/2016\/12\/skutecnaliga2.jpg 640w, https:\/\/jananews.cz\/wp-content\/uploads\/2016\/12\/skutecnaliga2-300x201.jpg 300w\" sizes=\"(max-width: 498px) 100vw, 498px\" \/><\/p>\n<p><img loading=\"lazy\" class=\" size-full wp-image-237\" src=\"https:\/\/jananews.cz\/wp-content\/uploads\/2016\/12\/skutecnaliga3.jpg\" alt=\"\" width=\"491\" height=\"327\" srcset=\"https:\/\/jananews.cz\/wp-content\/uploads\/2016\/12\/skutecnaliga3.jpg 640w, https:\/\/jananews.cz\/wp-content\/uploads\/2016\/12\/skutecnaliga3-300x200.jpg 300w\" sizes=\"(max-width: 491px) 100vw, 491px\" \/><\/p>\n<p>\u00a0<\/p>\n","protected":false},"excerpt":{"rendered":"<p>PRAHA &#8211; V sobotu 17. prosince se v KD Mlejn uskute\u010dnilo fin\u00e1le 12. ro\u010dn\u00edku nejv\u011bt\u0161\u00ed hudebn\u00ed sout\u011b\u017ee neprofesion\u00e1ln\u00edch kapel u n\u00e1s Skute\u010dn\u00e1 Liga. Na leto\u0161n\u00ed ro\u010dn\u00edk se do sout\u011b\u017ee p\u0159ihl\u00e1silo 122 kapel, ze kter\u00fdch musela odborn\u00e1 porota vybrat pouze 5 nejlep\u0161\u00edch, kter\u00e9 postoup\u00ed do fin\u00e1le. Ka\u017ed\u00fdm rokem je toto rozhodov\u00e1n\u00ed t\u011b\u017e\u0161\u00ed a t\u011b\u017e\u0161\u00ed, jeliko\u017e se<\/p>\n","protected":false},"author":1,"featured_media":235,"comment_status":"open","ping_status":"open","sticky":false,"template":"","format":"standard","meta":[],"categories":[7],"tags":[],"_links":{"self":[{"href":"https:\/\/jananews.cz\/index.php\/wp-json\/wp\/v2\/posts\/238"}],"collection":[{"href":"https:\/\/jananews.cz\/index.php\/wp-json\/wp\/v2\/posts"}],"about":[{"href":"https:\/\/jananews.cz\/index.php\/wp-json\/wp\/v2\/types\/post"}],"author":[{"embeddable":true,"href":"https:\/\/jananews.cz\/index.php\/wp-json\/wp\/v2\/users\/1"}],"replies":[{"embeddable":true,"href":"https:\/\/jananews.cz\/index.php\/wp-json\/wp\/v2\/comments?post=238"}],"version-history":[{"count":0,"href":"https:\/\/jananews.cz\/index.php\/wp-json\/wp\/v2\/posts\/238\/revisions"}],"wp:featuredmedia":[{"embeddable":true,"href":"https:\/\/jananews.cz\/index.php\/wp-json\/wp\/v2\/media\/235"}],"wp:attachment":[{"href":"https:\/\/jananews.cz\/index.php\/wp-json\/wp\/v2\/media?parent=238"}],"wp:term":[{"taxonomy":"category","embeddable":true,"href":"https:\/\/jananews.cz\/index.php\/wp-json\/wp\/v2\/categories?post=238"},{"taxonomy":"post_tag","embeddable":true,"href":"https:\/\/jananews.cz\/index.php\/wp-json\/wp\/v2\/tags?post=238"}],"curies":[{"name":"wp","href":"https:\/\/api.w.org\/{rel}","templated":true}]}}