{"id":240,"date":"2016-12-23T00:05:54","date_gmt":"2016-12-22T23:05:54","guid":{"rendered":"http:\/\/www.jananews.cz\/WP\/index.php\/2016\/12\/23\/rozhovor-nikola-kandoussi\/"},"modified":"2016-12-23T00:05:54","modified_gmt":"2016-12-22T23:05:54","slug":"rozhovor-nikola-kandoussi","status":"publish","type":"post","link":"https:\/\/jananews.cz\/index.php\/2016\/12\/23\/rozhovor-nikola-kandoussi\/","title":{"rendered":"ROZHOVOR: Nikola Kandoussi"},"content":{"rendered":"<p>K m\u00e9mu sezn\u00e1men\u00ed s Nikolou Kandoussi\u00a0do\u0161lo p\u0159ed d\u00e1vn\u00fdmi lety, kdy jako asi 15let\u00e1 mi napsala a prost\u011b si se mnou, co nem\u011bla v\u016fbec na nic \u010das, dala \u201erande\u201c na opa\u010dn\u00e9m konci Prahy, ne\u017e jsem se b\u011b\u017en\u011b pohybovala \u2013 v hudebn\u00edm kolosu Music City.<\/p>\n<p>  <!--more-->  <\/p>\n<p>Pamatuji si, \u017ee jsem se na ni d\u00edvala trochu jak na zjeven\u00ed\u00a0 &#8211; jednak proto, \u017ee po t\u011bch v\u011bch holk\u00e1ch v muzice, co jsem l\u00e9ta znala, se tu najednou objevil n\u011bkdo v\u00fdrazn\u011b mlad\u0161\u00ed, a jednak \u2013 \u017ee ta holka um\u011bla prost\u011b hr\u00e1t. M\u011bla pot\u0159ebu se se mnou sezn\u00e1mit a tak to prost\u011b ud\u011blala. P\u016fsobila na m\u011b jak ne\u0159\u00edzen\u00e1 st\u0159ela \u2013 jako ta, co ud\u011bl\u00e1 v\u017edycky co chce, jen nikdo nev\u00ed nikdy, co a kdy to bude. A jeliko\u017e jsem se asi d\u00edvala n\u011bjak podez\u00edrav\u011b nebo co, rozhodla se m\u011b p\u0159esv\u011bd\u010dit \u2013 a b\u011bhem kr\u00e1tk\u00e9 chv\u00edle mydlila do bic\u00edch, hr\u00e1la na basu a pot\u00e9 vlezla do jak\u00e9hosi kytarov\u00e9ho brlohu, kde obklopena apar\u00e1ty v\u0161eho druhu urvala cestou ze zdi n\u011bjakou kytaru, zapojila ji \u2013 a hr\u00e1la. Ne, z\u00e1m\u011brn\u011b nep\u00ed\u0161u, \u017ee \u201ejako chlap\u201c, proto\u017ee za tenhle v\u00fdrok m\u011b kdysi m\u00e1lem se\u017eraly snad v\u0161echny existuj\u00edc\u00ed feministky (a j\u00e1 i pozd\u011bji pochopila pro\u010d). Ale Niky zkr\u00e1tka hr\u00e1la. M\u011bla to tam. Ne\u0161mrdlala, nebrnkala, hr\u00e1la. Moje dal\u0161\u00ed sezn\u00e1men\u00ed s Niky pak bylo na p\u00f3diu, kdy jsem ji v pomaten\u00ed sv\u00fdch smysl\u016f doporu\u010dila do nejmenovan\u00e9 hradeck\u00e9 d\u00edv\u010d\u00ed r\u00e1doby rockov\u00e9 kapely Sweet Zone. Ano, i tam Niky vyru\u0161ovala, proto\u017ee na\u010de\u0159ila jejich ul\u00edzan\u00e9 vody pseudorockerek, sko\u010dila doprost\u0159ed p\u00f3dia s kytarou a bylo to tam. Ona to jednodu\u0161e hrnula. No a tak jsem po dlouh\u00fdch letech, co zpovzd\u00e1l\u00ed okukuji Niky a jej\u00ed hudebn\u00ed dr\u00e1hu, dostala n\u00e1pad, ud\u011blat s n\u00ed rozhovor. Kupodivu souhlasila \u2013 tak pozor, je to tu!:-)<\/p>\n<p><strong>Niky\u2026uplynula del\u0161\u00ed doba od tv\u00e9ho p\u016fsoben\u00ed v AB Bandu a jak pozoruji, mak\u00e1\u0161 st\u00e1le se svou kapelou THE AGONY. Co pr\u00e1v\u011b d\u011bl\u00e1te a jak\u00e9 m\u00e1te nejbli\u017e\u0161\u00ed\u00a0 pl\u00e1ny?<\/strong><\/p>\n<p>Zrovna jsme ukon\u010dily leto\u0161n\u00ed koncertn\u00ed sez\u00f3nu a dal\u0161\u00ed hran\u00ed n\u00e1s \u010dek\u00e1 14. 1. v Karlov\u00fdch Varech. Do t\u00fd doby m\u00e1m v pl\u00e1nu dot\u00e1hnout n\u011bjak\u00fd rozd\u011blan\u00fd dem\u00e1\u010de, s holkama je nazkou\u0161\u00edme a budeme cvi\u010dit na studio, proto\u017ee n\u00e1s \u010dek\u00e1 hodn\u011b d\u016fle\u017eit\u00fd druh\u00fd album. Krom\u011b toho prost\u011b koncerty a koncerty, aktu\u00e1ln\u011b se \u0159e\u0161\u00ed, kam v\u0161ude v r\u00e1mci Evropy se p\u0159\u00ed\u0161t\u00ed rok pod\u00edv\u00e1me. \u0160v\u00e9dsko, Finsko, Francie, Holandsko, UK, N\u011bmecko, Polsko?.. kdo v\u00ed. Chceme v\u0161ude \ud83d\ude42<\/p>\n<p><strong>Ned\u00e1 se nevid\u011bt tv\u016fj pozitivn\u00ed vztah k d\u00e1msk\u00e9 rockov\u00e9 legend\u011b Girlschool. D\u00e1 se \u0159\u00edci, \u017ee se ti splnil sen, proto\u017ee pokud jsem zaregistrovala, dokonce jste s nimi n\u011bkde hr\u00e1ly. Pov\u011bz \u010dten\u00e1\u0159\u016fm \u2013 jak se to stane, \u017ee si holka z \u010c\u00e1slavi spln\u00ed sen a dot\u00e1hne si sv\u00e9 obl\u00edbence do sv\u00e9 vlasti?<\/strong><\/p>\n<p>Tak na tomhle m\u00edst\u011b bych r\u00e1da poznamenala, \u017ee jsem sice vyrostla v \u010c\u00e1slavi, ale narozen\u00e1 jsem v Praze \ud83d\ude00 No a jinak za dot\u00e1hnut\u00ed Girlschool do CZ na jejich vlastn\u00ed klubov\u00fd koncert m\u016f\u017ee z nejv\u011bt\u0161\u00ed \u010d\u00e1sti promot\u00e9r Zdenda Stejskal \/ My Guitar Straps. Z moj\u00ed strany vze\u0161el pouze prvotn\u00ed impuls v listopadu 2014, kdy jsem se vr\u00e1tila z koncertu Girlschool v Lond\u00fdn\u011b a pravila jsem, \u017ee u\u017e by se sem fakt m\u011bly dov\u00e9zt na klubovku p\u0159\u00edmo do Prahy. V\u011bd\u011bla jsem, \u017ee Zden\u011bk je tu chce ud\u011blat, pro\u010de\u017e jsem za\u010dala prudit jeho. \u201aNe\u2018 pro m\u011b nebyla odpov\u011b\u010f, j\u00e1 jsem toti\u017e dost tvrdohlav\u00fd hovado, kdy\u017e n\u011bco chci, tud\u00ed\u017e jsem mana\u017eera Girlschool a Zde\u0148ka otravovala tak dlouho, a\u017e se to dalo dohromady, samoz\u0159ejm\u011b s t\u00edm, \u017ee The Agony budou p\u0159edskakovat. Asi tomu pomohl i fakt, \u017ee se s holkama kamar\u00e1d\u00edm, tak\u017ee ten koncert braly taky hodn\u011b osobn\u011b.<\/p>\n<p><strong>Asi bych se m\u011bla zeptat na takov\u00e9 ty blbosti jako jak skl\u00e1d\u00e1te hudbu a podobn\u011b, ale zept\u00e1m se sp\u00ed\u0161 \u2013 jak to sakra d\u011bl\u00e1te, \u017ee vypad\u00e1te v\u0161echny tak skv\u011ble? \ud83d\ude42<\/strong><\/p>\n<p>Zrovna od tebe bych takovou ot\u00e1zku fakt ne\u010dekala, abys v\u011bd\u011blas! My rozhodn\u011b nejsme \u017e\u00e1dn\u00fd Miss Universe&#8230; jsou tu holky v kapel\u00e1ch, co vypadaj\u00ed daleko l\u00edp, my sp\u00ed\u0161 m\u00e1me to \u201an\u011bco\u2018, co se t\u011b\u017eko definuje&#8230; jsme ka\u017ed\u00e1 \u00fapln\u011b jin\u00e1, po sv\u00fdm, a nem\u00e1me pot\u0159ebu se do n\u011b\u010deho p\u0159ed\u011bl\u00e1vat. Ze m\u011b sexy blond\u00fdna nikdy nebude, tak jsem si ud\u011blala p\u0159ednost z toho co m\u00e1m. A t\u0159eba postavu si udr\u017euju t\u00edm, \u017ee udr\u017eov\u00e1n\u00ed postavy absolutn\u011b ne\u0159e\u0161\u00edm.<\/p>\n<p><strong>Jako kytaristka pat\u0159\u00ed\u0161 k t\u011bm, co je na podiu vid\u011bt a sly\u0161et. Sice to nebude zaj\u00edmat laickou ve\u0159ejnost, ale co je n\u00e1m sakra po n\u00ed \u2013 hele, na co hraje\u0161, p\u011bkn\u011b tu aparaturu celou vyjmenuj.<\/strong><\/p>\n<p>To bylo tak, \u017ee kdy\u017e jsem za\u010dala hr\u00e1t s kapelama, do\u0161lo mi, \u017ee 25W kombo Ibanez se jaksi na p\u00f3dium moc nehod\u00ed. Tak\u017ee mi bylo zru\u0161eno tu\u0161\u00edm \u017eivotn\u00ed poji\u0161t\u011bn\u00ed a za ty pen\u00edze jsem si po\u0159\u00eddila hlavu Marshall JCM2000 Dual Super Lead 50W (neb Mar\u0161\u00e1la mus\u00ed\u0161 vytavit, jinak nehraje tak dob\u0159e, a stovkov\u00e1 hlava je dobr\u00e1 leda tak do Wembley, a tam my je\u0161t\u011b nehrajeme). K tomu klasick\u00e1 bedna Marshall 1960BV s 4&#215;12 repr\u00e1kama Celestion G12 Vintage 70. Prost\u011b klasika, ide\u00e1l na v\u00fdraznou \u0161\u0165avnatou rytmickou kytaru. Neped\u00e1luju, jedu z kytary p\u0159es kabel nebo vys\u00edla\u010dku p\u0159\u00edmo do apar\u00e1tu, a dokonce ani nefootswitchuju, \u010dist\u00fd zvuk si d\u011bl\u00e1m st\u00e1hnut\u00edm po\u0165\u00e1ku. Kytary m\u00e1m dv\u011b, ta hlavn\u00ed je na m\u00edru postaven\u00fd lev\u00e1ck\u00fd Explorer Pro z d\u00edlny Libora Kobrleho. Jde o men\u0161\u00ed a trochu leh\u010d\u00ed verzi klasick\u00fdho Explorera, s pr\u016fb\u011b\u017en\u00fdm krkem (luxusn\u00ed sustain). D\u0159evo mahagon a \u201aflame\u2018 javorov\u00e1 vrchn\u00ed deska, ebenov\u00fd hmatn\u00edk s perle\u0165ov\u00fdm signaturem na 12. poli, rozp\u00ednac\u00ed sn\u00edma\u010de Seymour Duncan (SH-8 \u201aInvader\u2018 u kobylky, SH-1 u krku), to cel\u00fd v n\u00e1dhern\u00fdm \u010derven\u00fdm nitrolaku.<br \/>\u00e1hradn\u00ed kytarou je Epiphone Les Paul Standard. Popruhy m\u00e1m oba ko\u017een\u00fd a na m\u00edru od My Guitar Straps, pou\u017e\u00edv\u00e1m trs\u00e1tka George Dennis 0.88 sharp a hraju na struny Ernie Ball 2222 Hybrid Slinky, ned\u00e1vno jsme se s na\u0161\u00ed Terkou p\u0159idaly jako firemn\u00ed hr\u00e1\u010dky do \u010desk\u00fd rodiny Ernie Ball, velmi d\u011bkujeme Hof\u00edkovi z Rockster Music. Tak!<\/p>\n<p><strong>P\u0159em\u00fd\u0161l\u00edm jako co se t\u011b je\u0161t\u011b coby kytaristky zeptat a napad\u00e1 m\u011b z\u00e1sadn\u00ed ot\u00e1zka. Kdy\u017e hraje\u0161, vid\u00ed\u0161 si p\u0159es prsa na hmatn\u00edk?<\/strong><\/p>\n<p>Jo. A dokonce jsem na tom zat\u00edm tak dob\u0159e, \u017ee mi kozy nedrhnou o \u00e9\u010dko :)))<\/p>\n<p><strong>Dal\u0161\u00ed takov\u00e1 ot\u00e1zka kdy\u017e se pt\u00e1 ex kytaristka kytaristky \u2013 co pije\u0161? A s ledem, bez nebo v\u0161echno?<\/strong><\/p>\n<p>Pivo bez ledu (nejrad\u0161i asi Kozla nebo Lu\u017einsk\u00fd polotmav\u00fd speci\u00e1l t\u0159in\u00e1ctku) a J\u00e9grmajstra bez ledu. Kdy\u017e je nouze, tak gintonic. Taky bez ledu, proto\u017ee led nen\u00ed dobrej na hlasivky. Jedinej dobrej led je Led Zeppelin.<\/p>\n<p><strong>Kdy\u017e bys m\u011bla \u0159\u00edct hodn\u011b rychle, kterou jedinou v\u011bc by sis vzala na pustej ostrov? Hlavn\u011b pros\u00edmt\u011b ne\u0159\u00edkej, \u017ee kytaru, na to ti nesko\u010d\u00edm, proto\u017ee by sis vzala minim\u00e1ln\u011b je\u0161t\u011b n\u011bkoho, kdo si s tebou bude pov\u00eddat.<\/strong><\/p>\n<p>Se\u0161it s perem. Psala bych si den\u00edk, texty a pokra\u010dov\u00e1n\u00ed brav\u00ed\u010dkovsk\u00fd rubriky L\u00e1ska, sex a tr\u00e1pen\u00ed. Pak by mi do\u0161el inkoust nebo ten se\u0161it, tak bych se \u0161la utopit v m\u00f3\u0159i.<\/p>\n<p><strong>Jako kapela p\u016fsob\u00edte navenek jako hodn\u011b zchmelen\u00e1 (pardon to byl p\u0159eklep) kapela.\u00a0 Zd\u00e1 se mi to, nebo jste velk\u00fd kamar\u00e1dky i mimo kapelu?<\/strong><\/p>\n<p>Nem\u00e1m tu\u0161en\u00ed, jak se n\u00e1m to povedlo, ale krom\u011b kapely jsme daly dohromady i skv\u011blou partu. Kejt\u00fd je pro m\u011b jako dal\u0161\u00ed sestra, kterou bych ob\u010das nejrad\u0161i p\u0159izabila a ob\u010das uma\u010dkala l\u00e1skou, Terka je par\u0165\u00e1k do pohody i nepohody, co je schopn\u00fd vyplodit nesmrteln\u00fd hl\u00e1\u0161ky, a s Kajdou se zn\u00e1m stra\u0161n\u011b let, u\u017e n\u011bjak od t\u011bch \u010dtrn\u00e1cti. V\u017edycky jsme spolu cht\u011bly b\u00fdt v kapele, splnilo se n\u00e1m to a\u017e p\u0159ed t\u0159emi lety a m\u00e1m v n\u00ed nejenom \u00fa\u017easnou bubenici, ale taky \u017eenskou, kter\u00e1 nezkaz\u00ed \u017e\u00e1dnou legraci. Jsem na n\u00e1s hrozn\u011b hrd\u00e1 a m\u00e1m n\u00e1s r\u00e1da.<\/p>\n<p>\u00a0<br \/><strong>Jsou V\u00e1noce, \u017eensk\u00fd zpravidla pe\u010dou cukrov\u00ed. Pe\u010dete v kapele, pe\u010dete v kapele na to nebo pe\u010dete kytary, virbly a basi\u010dky obalovan\u00e9 ve vanilkov\u00e9m cukru nebo slepovan\u00e9 ryb\u00edzovkou?<\/strong><\/p>\n<p>J\u00e1 osobn\u011b na to pe\u010du, kdykoliv jsem se u na\u0161ich pokusila vytvo\u0159it vanilkov\u00fd rohl\u00ed\u010dky, tak m\u011b mamka vyhnala z kuchyn\u011b s t\u00edm, \u017ee na moje vanilkov\u00fd paskvily se nem\u016f\u017ee koukat. Tud\u00ed\u017e jsem se p\u0159eorientovala do role profesion\u00e1ln\u00edho testera vos\u00edch hn\u00edzd. Uk\u00e1zky mi sm\u00edte poslat po\u0161tou, j\u00e1 v\u00e1m to pak zhodnot\u00edm.<\/p>\n<p><strong>Kde m\u016f\u017eou z\u00e1jemci sly\u0161et v nejbli\u017e\u0161\u00ed dob\u011b kapelu THE AGONY? jo, j\u00e1 vim, te\u010f chce\u0161 ur\u010dit\u011b \u0159\u00edct, \u017ee si to maj\u00ed p\u0159e\u010d\u00edst na webovk\u00e1ch, ale na co se mam jako furt pt\u00e1t?<\/strong><\/p>\n<p>Tak samoz\u0159ejm\u011b si to m\u016f\u017eete p\u0159e\u010d\u00edst na webovk\u00e1ch <a href=\"http:\/\/www.theagony.cz\">www.theagony.cz<\/a>, ale pokud nem\u00e1te \u010das a chu\u0165, pak nejbli\u017e\u0161\u00ed mo\u017enost n\u00e1s vid\u011bt a sly\u0161et jsou 14. 1. Karlovy Vary a pak 31. 1. Praha \u2013 Cross. A pak u\u017e bude \u00fanor a do t\u00fd doby se na ten web ur\u010dit\u011b stihnete mrknout J))<\/p>\n<p><strong>A te\u010f takov\u00e1 klasick\u00e1 ot\u00e1zka bulv\u00e1rn\u00ed filcky &#8211; jak si p\u0159edstavuje\u0161 ide\u00e1ln\u00edho partnera? Kolik m\u00e1 m\u00edt vlas\u016f, zub\u016f, kreditek, kravat, p\u0159\u00edpadn\u011b kabelek, lodi\u010dek, d\u00e9lku srsti a tak?<\/strong><\/p>\n<p>Vlas\u016f hodn\u011b (miluju, kdy\u017e m\u00e1 n\u011bkdo supr vlasy), srsti m\u00e1lo, zub\u016f standardn\u011b, kreditka aspo\u0148 jedna se hod\u00ed ka\u017ed\u00fdmu, kravaty jsou praktick\u00e1 z\u00e1le\u017eitost, kabelku a\u0165 si klidn\u011b taky koup\u00ed, lodi\u010dky m\u00edt m\u016f\u017ee. J\u00e1\u00a0 nev\u00edm, jsem asi hrozn\u011b n\u00e1ro\u010dn\u00e1, ale m\u011bl by to b\u00fdt n\u011bkdo, kdo je charismatickej, p\u011bknej, ale hlavn\u011b taky chytrej. \u010clov\u011bk, co si ze sebe bude schopnej ud\u011blat legraci, budeme m\u00edt stejn\u011b pra\u0161t\u011bnej smysl pro humor, ale z\u00e1rove\u0148 to bude m\u00edt v hlav\u011b srovnan\u00fd, budeme si m\u00edt o \u010dem pov\u00eddat. Dal\u0161\u00ed v\u011bc je, \u017ee nev\u00edm, jestli si k sob\u011b dovedu p\u0159edstavit n\u011bkoho, kdo nen\u00ed muzikant, kdo ten \u017eivot nezn\u00e1 a nech\u00e1pe, pro\u010d sypu pen\u00edze do vybaven\u00ed, pro\u010d jsem o v\u00edkendech pry\u010d, pro\u010d si se mnou lidi cht\u011bj\u00ed pov\u00eddat, nedejbo\u017ee m\u011b na n\u011bco zvou, kdy\u017e slezu z p\u00f3dia, pro\u010d se vrac\u00edm ve \u010dty\u0159i r\u00e1no utahan\u00e1 jako kot\u011b a sp\u00edm do odpoledne dal\u0161\u00edho dne, pro\u010d m\u011b nic jin\u00fdho nezaj\u00edm\u00e1, kdy\u017e p\u00ed\u0161u nov\u00fd v\u011bci, pro\u010d tomu v\u011bnuju tolik \u010dasu, energie, v\u0161eho. Chci \u010dlov\u011bka, co mi bude imponovat (a j\u00e1 jemu), co m\u011b pochop\u00ed (a j\u00e1 jeho), co m\u011b podr\u017e\u00ed (a j\u00e1 jeho), a co se po na\u0161em koncert\u011b nebude pt\u00e1t \u201aMus\u00ed\u0161 se proboha tak p\u0159edv\u00e1d\u011bt? A jdeme u\u017e dom\u016f?\u2018, n\u00fdbr\u017e \u0159ekne: \u201eJsem na tebe py\u0161n\u00e1, bylo to super, akor\u00e1t t\u0159et\u00ed song si srovnejte harmonie.. na, tady m\u00e1\u0161 pivo.\u201c<\/p>\n<p><strong>Nezlob se na m\u011b, \u017ee t\u011b zase vobt\u011b\u017euju, ale j\u00e1 jsem si jenom vzpomn\u011bla, \u017ee jsem se t\u011b je\u0161t\u011b nezeptala, jestli m\u00e1\u0161 sklep!<\/strong><\/p>\n<p>M\u00e1m sklepn\u00ed k\u00f3ji, ale vid\u011bt bys ji nemohla! Pra\u010dku m\u00e1m, od p\u016fdi\u010dky nem\u00e1m kl\u00ed\u010de a beztak je to daleko a vysoko a v\u016fbec to nen\u00ed sm\u011broplatn\u00fd a tady se to zvrh\u00e1v\u00e1, j\u00e1 jdu rad\u0161i pry\u010d \ud83d\ude00<\/p>\n<p><strong>D\u011bkuji za rozhovor.<\/strong><\/p>\n<p>(-jh-)<\/p>\n<p><img loading=\"lazy\" class=\" size-full wp-image-239\" src=\"https:\/\/jananews.cz\/wp-content\/uploads\/2016\/12\/nikola_kandoussi1.jpg\" alt=\"\" width=\"290\" height=\"395\" srcset=\"https:\/\/jananews.cz\/wp-content\/uploads\/2016\/12\/nikola_kandoussi1.jpg 290w, https:\/\/jananews.cz\/wp-content\/uploads\/2016\/12\/nikola_kandoussi1-220x300.jpg 220w\" sizes=\"(max-width: 290px) 100vw, 290px\" \/><\/p>\n<p>\u00a0<\/p>\n","protected":false},"excerpt":{"rendered":"<p>K m\u00e9mu sezn\u00e1men\u00ed s Nikolou Kandoussi\u00a0do\u0161lo p\u0159ed d\u00e1vn\u00fdmi lety, kdy jako asi 15let\u00e1 mi napsala a prost\u011b si se mnou, co nem\u011bla v\u016fbec na nic \u010das, dala \u201erande\u201c na opa\u010dn\u00e9m konci Prahy, ne\u017e jsem se b\u011b\u017en\u011b pohybovala \u2013 v hudebn\u00edm kolosu Music City.<\/p>\n","protected":false},"author":1,"featured_media":239,"comment_status":"open","ping_status":"open","sticky":false,"template":"","format":"standard","meta":[],"categories":[7],"tags":[],"_links":{"self":[{"href":"https:\/\/jananews.cz\/index.php\/wp-json\/wp\/v2\/posts\/240"}],"collection":[{"href":"https:\/\/jananews.cz\/index.php\/wp-json\/wp\/v2\/posts"}],"about":[{"href":"https:\/\/jananews.cz\/index.php\/wp-json\/wp\/v2\/types\/post"}],"author":[{"embeddable":true,"href":"https:\/\/jananews.cz\/index.php\/wp-json\/wp\/v2\/users\/1"}],"replies":[{"embeddable":true,"href":"https:\/\/jananews.cz\/index.php\/wp-json\/wp\/v2\/comments?post=240"}],"version-history":[{"count":0,"href":"https:\/\/jananews.cz\/index.php\/wp-json\/wp\/v2\/posts\/240\/revisions"}],"wp:featuredmedia":[{"embeddable":true,"href":"https:\/\/jananews.cz\/index.php\/wp-json\/wp\/v2\/media\/239"}],"wp:attachment":[{"href":"https:\/\/jananews.cz\/index.php\/wp-json\/wp\/v2\/media?parent=240"}],"wp:term":[{"taxonomy":"category","embeddable":true,"href":"https:\/\/jananews.cz\/index.php\/wp-json\/wp\/v2\/categories?post=240"},{"taxonomy":"post_tag","embeddable":true,"href":"https:\/\/jananews.cz\/index.php\/wp-json\/wp\/v2\/tags?post=240"}],"curies":[{"name":"wp","href":"https:\/\/api.w.org\/{rel}","templated":true}]}}