{"id":244,"date":"2017-02-03T18:13:48","date_gmt":"2017-02-03T17:13:48","guid":{"rendered":"http:\/\/www.jananews.cz\/WP\/index.php\/2017\/02\/03\/srdcervace-muzete-pomoci-vytvaret-i-vy\/"},"modified":"2017-02-03T18:13:48","modified_gmt":"2017-02-03T17:13:48","slug":"srdcervace-muzete-pomoci-vytvaret-i-vy","status":"publish","type":"post","link":"https:\/\/jananews.cz\/index.php\/2017\/02\/03\/srdcervace-muzete-pomoci-vytvaret-i-vy\/","title":{"rendered":"Srdcerv\u00e1\u010de m\u016f\u017eete pomoci vytv\u00e1\u0159et i vy!"},"content":{"rendered":"<p>PRAHA &#8211; Katalog unik\u00e1tn\u00edch d\u00e1rk\u016f a z\u00e1\u017eitk\u016f v r\u00e1mci projektu Srdcerv\u00e1\u010di je otev\u0159en prakticky celoro\u010dn\u011b v\u0161em, kdo maj\u00ed z\u00e1jem ud\u011blat n\u011bco pro dobrou v\u011bc a pomoci spole\u010dn\u011b zlep\u0161it mo\u017enosti pro invalidn\u00ed ob\u010dany, kte\u0159\u00ed \u2013 i v r\u00e1mci terapie \u2013 maj\u00ed z\u00e1jem nad\u00e1le v r\u00e1mci sv\u00fdch omezen\u00fdch mo\u017enost\u00ed pracovat. Z\u00fa\u010dastnit se m\u016f\u017ee prakticky kdokoliv, v r\u00e1mci sv\u00fdch mo\u017enost\u00ed. Projekt organizuje NFOZP, neboli Nada\u010dn\u00ed fond pro podporu zam\u011bstn\u00e1v\u00e1n\u00ed osob se \u00a0zdravotn\u00edm posti\u017een\u00edm.<\/p>\n<p>  <!--more-->  <\/p>\n<p>Do katalogu se mohou zapojit firmy, ale i \u0159adov\u00ed lid\u00e9, kter\u00fdm nen\u00ed \u017eivot osob t\u011blesn\u011b posti\u017een\u00fdch lhostejn\u00fd. Zjednodu\u0161en\u011b \u0159e\u010deno \u2013 firmy \u010di jednotlivci mohou po konzultaci s organiz\u00e1tory v\u011bnovat do katalogu unik\u00e1tn\u00ed d\u00e1rek \u010di z\u00e1\u017eitek. T\u00edm m\u016f\u017ee b\u00fdt nap\u0159\u00edklad hudebn\u00ed nosi\u010d s podpisem interpreta, vstupenka na akci s podepsanou fotografi\u00ed \u010di setk\u00e1n\u00ed s obl\u00edben\u00fdm zp\u011bv\u00e1kem \u010di hercem. Firmy mohou v\u011bnovat nap\u0159\u00edklad prohl\u00eddku sv\u00fdch v\u00fdrobn\u00edch prostor \u010di n\u011bjak\u00fd speci\u00e1ln\u011b vyroben\u00fd v\u00fdrobek pro tuto akci, ale t\u0159eba i vstup na n\u011bjakou jimi provozuj\u00edc\u00ed atrakci. V\u0161e to, co se ned\u00e1 b\u011b\u017en\u011b koupit. Pokud si nejsou jisti, lze se p\u0159edem poradit s ochotn\u00fdmi pracovn\u00edky NFOZP. Tyto dary jsou pot\u00e9 za\u0159azeny do katalogu z\u00e1\u017eitk\u016f, spolu s uveden\u00edm d\u00e1rce.\u00a0 Ti, kdo necht\u011bj\u00ed \u010di nemohou darovat z\u00e1\u017eitek \u010di v\u011bcn\u00fd dar, mohou p\u0159isp\u011bt po\u0159\u00edzen\u00edm\u00a0 tohoto v\u00fdrobku z katalogu. Dal\u0161\u00ed mo\u017enost\u00ed, kdy chce d\u00e1rce p\u0159isp\u011bt, ale nemus\u00ed za to m\u00edt po\u0159\u00edzenou v\u011bc nebo z\u00e1\u017eitek, je certifik\u00e1t\u00a0 \u201eDobr\u00fd pocit\u201c, kdy je mo\u017eno zaslat na \u00fa\u010det organiz\u00e1tora libovolnou \u010d\u00e1stku od 100 K\u010d v\u00fd\u0161e.<\/p>\n<p>A co se stane s utr\u017een\u00fdmi pen\u011bzi? Finan\u010dn\u00ed prost\u0159edky, kter\u00e9 d\u00edky e-katalogu unik\u00e1tn\u00edch z\u00e1\u017eitk\u016f a d\u00e1rk\u016f Srdcerv\u00e1\u010di z\u00edskaj\u00ed, jsou pak jednou ro\u010dn\u011b v pln\u00e9 v\u00fd\u0161i rozd\u011bleny v grantov\u00e9m \u0159\u00edzen\u00ed organizac\u00edm, kter\u00e9 zam\u011bstn\u00e1vaj\u00ed v\u00edce jak pades\u00e1t procent zdravotn\u011b posti\u017een\u00fdch, nebo jednotlivc\u016fm, kte\u0159\u00ed se p\u0159es sv\u00e9 onemocn\u011bn\u00ed \u010di \u00faraz rozhodli vz\u00edt osud do sv\u00fdch rukou a st\u00e1t se drobn\u00fdmi podnikateli. P\u0159\u00edsp\u011bvek m\u016f\u017ee b\u00fdt pou\u017eit na z\u0159\u00edzen\u00ed nov\u00e9ho pracovn\u00edho m\u00edsta \u010di na n\u00e1kup pracovn\u00edho za\u0159\u00edzen\u00ed pro zdravotn\u011b znev\u00fdhodn\u011bn\u00e9ho pracovn\u00edka.<\/p>\n<p>Na tomto projektu m\u00e1 mo\u017enost ten dobr\u00fd pocit z\u00edskat v podstat\u011b ka\u017ed\u00fd, kdo se do n\u011bj zapoj\u00ed \u2013 ten kdo v\u011bnoval z\u00e1\u017eitek \u010di dar, a\u0165 ji\u017e v\u011bcn\u00fd \u010di finan\u010dn\u00ed, m\u00e1 skute\u010dn\u011b dobr\u00fd pocit z toho, \u017ee ud\u011blal spr\u00e1vnou v\u011bc.\u00a0 V dal\u0161\u00ed f\u00e1zi m\u00e1 d\u00e1rce, kter\u00fd si v\u00fdrobek \u010di z\u00e1\u017eitek zakoupil, dobr\u00fd pocit, \u017ee sv\u00fdm n\u00e1kupem pomohl druh\u00e9mu. V posledn\u00ed f\u00e1zi pak z\u00edsk\u00e1 firma pen\u00edze, aby mohla pomoci z\u00e1jemc\u016fm o pr\u00e1ci, a invalidn\u00ed ob\u010dan\u00e9, kte\u0159\u00ed mohou d\u00edky tomuto projektu naj\u00edt pr\u00e1ci, maj\u00ed krom\u011b z\u00edskan\u00e9 mzdy p\u0159edev\u0161\u00edm pocit, \u017ee jsou je\u0161t\u011b n\u011bkomu prosp\u011b\u0161n\u00ed, \u017ee n\u011bkdo jejich pr\u00e1ci pot\u0159ebuje, nebo\u0165 zam\u011bstn\u00e1n\u00ed je pro invalidy p\u0159edev\u0161\u00edm terapi\u00ed, jak pohybovou, tak psychickou.<\/p>\n<p>Poj\u010fte pomoci i vy \u2013 na <a href=\"http:\/\/www.srdcervaci.cz\">www.srdcervaci.cz<\/a> naleznete podrobn\u00e9 informace o projektu a katalog unik\u00e1tn\u00edch d\u00e1rk\u016f a z\u00e1\u017eitk\u016f. V\u011b\u0159\u00edme, \u017ee i vy se stanete t\u011bmi spr\u00e1vn\u00fdmi Srdcerv\u00e1\u010di a budete se cel\u00fdm srdcem rv\u00e1t za dobrou v\u011bc, za pomoc t\u011bm, kdo ji nejv\u00edce pot\u0159ebuj\u00ed.<\/p>\n<p>\u00a0<\/p>\n<p><strong>Pozor \u2013 Hled\u00e1 se 56 kandid\u00e1t\u016f\/tek z \u0159ad osob se zdravotn\u00edm znev\u00fdhodn\u011bn\u00edm\/posti\u017een\u00edm. Pracovn\u00ed p\u0159\u00edle\u017eitost pro ty z v\u00e1s, kte\u0159\u00ed vrcholov\u011b sportujete, pracujete a jste zdravotn\u011b posti\u017een\u00ed nebo znev\u00fdhodn\u011bn\u00ed!<\/strong><\/p>\n<p><strong><a href=\"http:\/\/www.srdcervaci.cz\/stante-se-srdcervacem-srdcervackou-2017\">http:\/\/www.srdcervaci.cz\/stante-se-srdcervacem-srdcervackou-2017<\/a><\/strong><\/p>\n<p><a href=\"http:\/\/www.srdcervaci.cz\">www.srdcervaci.cz<\/a><\/p>\n<p><a href=\"http:\/\/www.nfozp.cz\">www.nfozp.cz<\/a><\/p>\n<p>\u00a0<\/p>\n<p>Jana Henychov\u00e1<\/p>\n<p><img loading=\"lazy\" class=\" size-full wp-image-243\" src=\"https:\/\/jananews.cz\/wp-content\/uploads\/2017\/02\/logo.JPG\" alt=\"\" width=\"581\" height=\"174\" srcset=\"https:\/\/jananews.cz\/wp-content\/uploads\/2017\/02\/logo.JPG 581w, https:\/\/jananews.cz\/wp-content\/uploads\/2017\/02\/logo-300x90.jpg 300w\" sizes=\"(max-width: 581px) 100vw, 581px\" \/><\/p>\n<p>\u00a0<\/p>\n<p>\u00a0<\/p>\n<p>\u00a0<\/p>\n","protected":false},"excerpt":{"rendered":"<p>PRAHA &#8211; Katalog unik\u00e1tn\u00edch d\u00e1rk\u016f a z\u00e1\u017eitk\u016f v r\u00e1mci projektu Srdcerv\u00e1\u010di je otev\u0159en prakticky celoro\u010dn\u011b v\u0161em, kdo maj\u00ed z\u00e1jem ud\u011blat n\u011bco pro dobrou v\u011bc a pomoci spole\u010dn\u011b zlep\u0161it mo\u017enosti pro invalidn\u00ed ob\u010dany, kte\u0159\u00ed \u2013 i v r\u00e1mci terapie \u2013 maj\u00ed z\u00e1jem nad\u00e1le v r\u00e1mci sv\u00fdch omezen\u00fdch mo\u017enost\u00ed pracovat. Z\u00fa\u010dastnit se m\u016f\u017ee prakticky kdokoliv, v r\u00e1mci<\/p>\n","protected":false},"author":1,"featured_media":243,"comment_status":"open","ping_status":"open","sticky":false,"template":"","format":"standard","meta":[],"categories":[19],"tags":[],"_links":{"self":[{"href":"https:\/\/jananews.cz\/index.php\/wp-json\/wp\/v2\/posts\/244"}],"collection":[{"href":"https:\/\/jananews.cz\/index.php\/wp-json\/wp\/v2\/posts"}],"about":[{"href":"https:\/\/jananews.cz\/index.php\/wp-json\/wp\/v2\/types\/post"}],"author":[{"embeddable":true,"href":"https:\/\/jananews.cz\/index.php\/wp-json\/wp\/v2\/users\/1"}],"replies":[{"embeddable":true,"href":"https:\/\/jananews.cz\/index.php\/wp-json\/wp\/v2\/comments?post=244"}],"version-history":[{"count":0,"href":"https:\/\/jananews.cz\/index.php\/wp-json\/wp\/v2\/posts\/244\/revisions"}],"wp:featuredmedia":[{"embeddable":true,"href":"https:\/\/jananews.cz\/index.php\/wp-json\/wp\/v2\/media\/243"}],"wp:attachment":[{"href":"https:\/\/jananews.cz\/index.php\/wp-json\/wp\/v2\/media?parent=244"}],"wp:term":[{"taxonomy":"category","embeddable":true,"href":"https:\/\/jananews.cz\/index.php\/wp-json\/wp\/v2\/categories?post=244"},{"taxonomy":"post_tag","embeddable":true,"href":"https:\/\/jananews.cz\/index.php\/wp-json\/wp\/v2\/tags?post=244"}],"curies":[{"name":"wp","href":"https:\/\/api.w.org\/{rel}","templated":true}]}}