{"id":249,"date":"2017-03-10T11:59:09","date_gmt":"2017-03-10T10:59:09","guid":{"rendered":"http:\/\/www.jananews.cz\/WP\/index.php\/2017\/03\/10\/vse-pro-stavbu-a-interier-najdou-navstevnici-na-breznovem-souboru-veletrhu\/"},"modified":"2020-08-19T22:10:34","modified_gmt":"2020-08-19T20:10:34","slug":"vse-pro-stavbu-a-interier-najdou-navstevnici-na-breznovem-souboru-veletrhu","status":"publish","type":"post","link":"https:\/\/jananews.cz\/index.php\/2017\/03\/10\/vse-pro-stavbu-a-interier-najdou-navstevnici-na-breznovem-souboru-veletrhu\/","title":{"rendered":"V\u0161e pro stavbu a interi\u00e9r najdou n\u00e1v\u0161t\u011bvn\u00edci na b\u0159eznov\u00e9m souboru veletrh\u016f"},"content":{"rendered":"<p>PRAHA &#8211; Stovky \u010desk\u00fdch i zahrani\u010dn\u00edch spole\u010dnost\u00ed se p\u0159edstav\u00ed na nejv\u011bt\u0161\u00edm jarn\u00edm souboru veletrh\u016f bydlen\u00ed, designu a zahrad, kter\u00fd se uskute\u010dn\u00ed od \u010dtvrtka 23. b\u0159ezna do ned\u011ble 26. b\u0159ezna v let\u0148ansk\u00e9m are\u00e1lu PVA EXPO PRAHA. I letos bude mo\u017en\u00e9 nav\u0161t\u00edvit veletrhy FOR HABITAT, FOR GARDEN, FOR FURNITURE, DESIGN SHAKER, BYDLEN\u00cd, nov\u00e9 projekty, a letos poprv\u00e9 i SV\u011aTLO V ARCHITEKTU\u0158E. N\u00e1v\u0161t\u011bvn\u00edci tak najdou \u201epod jednou st\u0159echou\u201c v\u0161e, co se t\u00fdk\u00e1 stavby, vybaven\u00ed, interi\u00e9r\u016f, designu a zahrady.<\/p>\n<p><!--more--><\/p>\n<p>Spole\u010dnosti z oblasti stavby, renovac\u00ed a rekonstrukc\u00ed se u\u017e po \u010dty\u0159iadvac\u00e1t\u00e9 p\u0159edstav\u00ed na veletrhu FOR HABITAT, kter\u00fd tradi\u010dn\u011b odstartuje jarn\u00ed veletr\u017en\u00ed sez\u00f3nu bydlen\u00ed. Vystavovatel\u00e9 porad\u00ed s pevn\u00fdmi \u010d\u00e1stmi interi\u00e9ru, jako jsou podlahy, schodi\u0161t\u011b, okna, dve\u0159e a mnoho dal\u0161\u00edho.<\/p>\n<p>N\u00e1v\u0161t\u011bvn\u00edci FOR FURNITURE se mohou t\u011b\u0161it na klasick\u00fd, modern\u00ed, stylov\u00fd i designov\u00fd n\u00e1bytek, renomovan\u00e1 designov\u00e1 studia a design\u00e9ry, ale tak\u00e9 mlad\u00e9 um\u011blce a uk\u00e1zky zaj\u00edmav\u00fdch interi\u00e9r\u016f. Ji\u017e po\u0161est\u00e9 bude ned\u00edlnou sou\u010d\u00e1st\u00ed tohoto veletrhu i v\u00fdb\u011brov\u00e1 p\u0159ehl\u00eddka interi\u00e9rov\u00e9ho designu DESIGN SHAKER. V r\u00e1mci doprovodn\u00e9ho programu se p\u0159edstav\u00ed projekt SC\u00c9NA, INSPIRACE &amp; TRENDY 2017, kde budou k vid\u011bn\u00ed 4 interi\u00e9rov\u00e9 styly sv\u011btov\u00fdch trend\u016f bydlen\u00ed pro rok 2017. Lid\u00e9 si budou moci prohl\u00e9dnout styl pastelov\u00fdch a jemn\u00fdch t\u00f3n\u016f, interi\u00e9r pln\u00fd p\u0159\u00edrodn\u00edch materi\u00e1l\u016f, jako je d\u0159evo, k\u00e1men \u010di vlna, kombinaci nov\u00e9ho a star\u00e9ho designu, nebo kombinaci sv\u011btl\u00fdch a neutr\u00e1ln\u00edch barev s v\u00fdrazn\u00fdmi barvami jako je \u010derven\u00e1 \u010di zelen\u00e1. V DESIGN GALLERY prob\u011bhne v\u00fdstava vybran\u00fdch designov\u00fdch solit\u00e9r\u016f a v\u00edt\u011bz\u016f sout\u011b\u017ee N\u00e1bytek roku 2017. V PVA EXPO PRAHA\u00a0 v Let\u0148anech se poprv\u00e9 uskute\u010dn\u00ed tak\u00e9 p\u00e1t\u00fd ro\u010dn\u00edk specializovan\u00e9 v\u00fdstavy SV\u011aTLO V ARCHITEKTU\u0158E. V\u00fdstava je ur\u010dena p\u0159edev\u0161\u00edm lidem z oboru, tedy architekt\u016fm, projektant\u016fm, stavebn\u00edm in\u017een\u00fdr\u016fm. Nejen pro n\u011b jsou p\u0159ipraven\u00e9 expozice specializovan\u00fdch firem, uk\u00e1zky studentsk\u00fdch prac\u00ed i speci\u00e1ln\u00ed program.<\/p>\n<p>Na veletrhu FOR GARDEN se budou moci lid\u00e9 inspirovat zahradn\u00ed architekturou, zahradn\u00edmi stavbami, vybaven\u00edm zahrady, zahradn\u00edm n\u00e1bytkem, technikou a n\u00e1\u0159ad\u00edm, zelen\u00ed a dal\u0161\u00edmi zaj\u00edmavostmi.<\/p>\n<p>Pro ty, kte\u0159\u00ed se cht\u011bj\u00ed rovnou st\u011bhovat, je p\u0159ipravena v\u00fdstava BYDLEN\u00cd, nov\u00e9 projekty, kde se p\u0159edstav\u00ed renomovan\u00ed pra\u017e\u0161t\u00ed a st\u0159edo\u010de\u0161t\u00ed develope\u0159i.<\/p>\n<p>Podrobn\u00e9 informace naleznete na webov\u00fdch str\u00e1nk\u00e1ch <a href=\"http:\/\/www.forhabitat.cz\">www.forhabitat.cz<\/a><\/p>\n<p>Text: Ing. Alena Brad\u00e1\u010dov\u00e1, PR<\/p>\n","protected":false},"excerpt":{"rendered":"<p>PRAHA &#8211; Stovky \u010desk\u00fdch i zahrani\u010dn\u00edch spole\u010dnost\u00ed se p\u0159edstav\u00ed na nejv\u011bt\u0161\u00edm jarn\u00edm souboru veletrh\u016f bydlen\u00ed, designu a zahrad, kter\u00fd se uskute\u010dn\u00ed od \u010dtvrtka 23. b\u0159ezna do ned\u011ble 26. b\u0159ezna v let\u0148ansk\u00e9m are\u00e1lu PVA EXPO PRAHA. I letos bude mo\u017en\u00e9 nav\u0161t\u00edvit veletrhy FOR HABITAT, FOR GARDEN, FOR FURNITURE, DESIGN SHAKER, BYDLEN\u00cd, nov\u00e9 projekty, a letos poprv\u00e9<\/p>\n","protected":false},"author":1,"featured_media":398,"comment_status":"open","ping_status":"open","sticky":false,"template":"","format":"standard","meta":[],"categories":[8],"tags":[],"_links":{"self":[{"href":"https:\/\/jananews.cz\/index.php\/wp-json\/wp\/v2\/posts\/249"}],"collection":[{"href":"https:\/\/jananews.cz\/index.php\/wp-json\/wp\/v2\/posts"}],"about":[{"href":"https:\/\/jananews.cz\/index.php\/wp-json\/wp\/v2\/types\/post"}],"author":[{"embeddable":true,"href":"https:\/\/jananews.cz\/index.php\/wp-json\/wp\/v2\/users\/1"}],"replies":[{"embeddable":true,"href":"https:\/\/jananews.cz\/index.php\/wp-json\/wp\/v2\/comments?post=249"}],"version-history":[{"count":1,"href":"https:\/\/jananews.cz\/index.php\/wp-json\/wp\/v2\/posts\/249\/revisions"}],"predecessor-version":[{"id":477,"href":"https:\/\/jananews.cz\/index.php\/wp-json\/wp\/v2\/posts\/249\/revisions\/477"}],"wp:featuredmedia":[{"embeddable":true,"href":"https:\/\/jananews.cz\/index.php\/wp-json\/wp\/v2\/media\/398"}],"wp:attachment":[{"href":"https:\/\/jananews.cz\/index.php\/wp-json\/wp\/v2\/media?parent=249"}],"wp:term":[{"taxonomy":"category","embeddable":true,"href":"https:\/\/jananews.cz\/index.php\/wp-json\/wp\/v2\/categories?post=249"},{"taxonomy":"post_tag","embeddable":true,"href":"https:\/\/jananews.cz\/index.php\/wp-json\/wp\/v2\/tags?post=249"}],"curies":[{"name":"wp","href":"https:\/\/api.w.org\/{rel}","templated":true}]}}