{"id":250,"date":"2017-03-23T09:54:02","date_gmt":"2017-03-23T08:54:02","guid":{"rendered":"http:\/\/www.jananews.cz\/WP\/index.php\/2017\/03\/23\/soutez-o-vstupenky-na-veletrh-for-furniture\/"},"modified":"2020-08-16T22:27:48","modified_gmt":"2020-08-16T20:27:48","slug":"soutez-o-vstupenky-na-veletrh-for-furniture","status":"publish","type":"post","link":"https:\/\/jananews.cz\/index.php\/2017\/03\/23\/soutez-o-vstupenky-na-veletrh-for-furniture\/","title":{"rendered":"Sout\u011b\u017e o vstupenky na veletrh FOR FURNITURE"},"content":{"rendered":"<p>PRAHA: Chyst\u00e1te se na 7.\u00a0mezin\u00e1rodn\u00ed veletrh n\u00e1bytku a bytov\u00e9ho designu\u00a0FOR FURNITURE? M\u016f\u017eete vyrazit i zdarma. Sta\u010d\u00ed odpov\u011bd\u011bt na na\u0161i sout\u011b\u017en\u00ed ot\u00e1zku.<\/p>\n<p><!--more--><\/p>\n<p>Leto\u0161n\u00ed veletrh FOR FURNITURE se kon\u00e1 ve dnech 23. &#8211; 26. b\u0159ezna ve v\u00fdstavn\u00edm are\u00e1lu PVA EXPO PRAHA v Let\u0148anech. Nav\u0161t\u00edvit ho m\u016f\u017eete od \u010dtvrtka do soboty od 10 do 18 hodin. V ned\u011bli bude otev\u0159en od 10 do 17 hodin.<\/p>\n<p>Na veletrhu si m\u016f\u017eete zakoupit katalog za 100 K\u010d. Sou\u010dasn\u011b je mo\u017en\u00e9 parkovat p\u0159\u00edmo p\u0159ed are\u00e1lem &#8211; parkovn\u00e9 pro osobn\u00ed vozidlo stoj\u00ed 150 K\u010d. Do are\u00e1lu se dostanete tak\u00e9 MHD &#8211; nejpohodln\u011bj\u0161\u00ed je vyu\u017e\u00edt metro trasa C, zast\u00e1vka Let\u0148any.<\/p>\n<p>Adresa v\u00fdstavi\u0161t\u011b: Beranov\u00fdch 667, Praha 9 Let\u0148any.<\/p>\n<p>Sout\u011b\u017en\u00ed ot\u00e1zka:<\/p>\n<p>Jmenujte alespo\u0148 jeden v\u00fdrobek, kter\u00fd m\u016f\u017eete na veletrhu FOR FORNITURE zhl\u00e9dnout.<\/p>\n<p>Odpov\u011bdi zas\u00edlejte na adresu <a href=\"mailto:info@janamusic.cz\">info@janamusic.cz<\/a>\u00a0nejpozd\u011bji do 24. b\u0159ezna 2017 12.00 hodin.<\/p>\n<p>(-jh-)<\/p>\n","protected":false},"excerpt":{"rendered":"<p>PRAHA: Chyst\u00e1te se na 7.\u00a0mezin\u00e1rodn\u00ed veletrh n\u00e1bytku a bytov\u00e9ho designu\u00a0FOR FURNITURE? M\u016f\u017eete vyrazit i zdarma. Sta\u010d\u00ed odpov\u011bd\u011bt na na\u0161i sout\u011b\u017en\u00ed ot\u00e1zku.<\/p>\n","protected":false},"author":1,"featured_media":398,"comment_status":"open","ping_status":"open","sticky":false,"template":"","format":"standard","meta":[],"categories":[8],"tags":[],"_links":{"self":[{"href":"https:\/\/jananews.cz\/index.php\/wp-json\/wp\/v2\/posts\/250"}],"collection":[{"href":"https:\/\/jananews.cz\/index.php\/wp-json\/wp\/v2\/posts"}],"about":[{"href":"https:\/\/jananews.cz\/index.php\/wp-json\/wp\/v2\/types\/post"}],"author":[{"embeddable":true,"href":"https:\/\/jananews.cz\/index.php\/wp-json\/wp\/v2\/users\/1"}],"replies":[{"embeddable":true,"href":"https:\/\/jananews.cz\/index.php\/wp-json\/wp\/v2\/comments?post=250"}],"version-history":[{"count":1,"href":"https:\/\/jananews.cz\/index.php\/wp-json\/wp\/v2\/posts\/250\/revisions"}],"predecessor-version":[{"id":469,"href":"https:\/\/jananews.cz\/index.php\/wp-json\/wp\/v2\/posts\/250\/revisions\/469"}],"wp:featuredmedia":[{"embeddable":true,"href":"https:\/\/jananews.cz\/index.php\/wp-json\/wp\/v2\/media\/398"}],"wp:attachment":[{"href":"https:\/\/jananews.cz\/index.php\/wp-json\/wp\/v2\/media?parent=250"}],"wp:term":[{"taxonomy":"category","embeddable":true,"href":"https:\/\/jananews.cz\/index.php\/wp-json\/wp\/v2\/categories?post=250"},{"taxonomy":"post_tag","embeddable":true,"href":"https:\/\/jananews.cz\/index.php\/wp-json\/wp\/v2\/tags?post=250"}],"curies":[{"name":"wp","href":"https:\/\/api.w.org\/{rel}","templated":true}]}}