{"id":251,"date":"2017-03-23T11:13:30","date_gmt":"2017-03-23T10:13:30","guid":{"rendered":"http:\/\/www.jananews.cz\/WP\/index.php\/2017\/03\/23\/je-cas-vylepsit-sve-bydleni-inspiraci-najdete-na-soubehu-jarnich-veletrhu\/"},"modified":"2020-08-16T22:21:09","modified_gmt":"2020-08-16T20:21:09","slug":"je-cas-vylepsit-sve-bydleni-inspiraci-najdete-na-soubehu-jarnich-veletrhu","status":"publish","type":"post","link":"https:\/\/jananews.cz\/index.php\/2017\/03\/23\/je-cas-vylepsit-sve-bydleni-inspiraci-najdete-na-soubehu-jarnich-veletrhu\/","title":{"rendered":"Je \u010das vylep\u0161it sv\u00e9 bydlen\u00ed \u2013 inspiraci najdete na soub\u011bhu jarn\u00edch veletrh\u016f"},"content":{"rendered":"<p>PRAHA &#8211;\u00a0Nejv\u011bt\u0161\u00ed jarn\u00ed p\u0159ehl\u00eddka bydlen\u00ed, designu a zahrad za\u010dala. Na v\u00fdstavi\u0161ti v PVA EXPO PRAHA v Let\u0148anech najdou n\u00e1v\u0161t\u011bvn\u00edci t\u00e9m\u011b\u0159 \u0161est stovek vystavovatel\u016f, kte\u0159\u00ed na veletrz\u00edch FOR HABITAT, FOR GARDEN, FOR FURNITURE, p\u0159ehl\u00eddce interi\u00e9rov\u00e9ho designu DESIGN SHAKER, v\u00fdstav\u011b BYDLEN\u00cd, nov\u00e9 projekty, a letos poprv\u00e9 i na specializovan\u00e9 v\u00fdstav\u011b SV\u011aTLO V ARCHITEKTU\u0158E, p\u0159edstav\u00ed nejnov\u011bj\u0161\u00ed trendy pro bydlen\u00ed. \u00a0Ve \u010dtvrtek 23. b\u0159ezna v 11 hodin soub\u011bh veletrh\u016f zah\u00e1j\u00ed ministryn\u011b pro m\u00edstn\u00ed rozvoj Karla \u0160lechtov\u00e1. Veletrh potrv\u00e1 a\u017e do ned\u011ble 26. b\u0159ezna.<\/p>\n<p><!--more--><\/p>\n<p>Na soub\u011bhu jarn\u00edch veletrh\u016f bydlen\u00ed, designu a zahrad se p\u0159edstav\u00ed 599 spole\u010dnost\u00ed na hrub\u00e9 v\u00fdstavn\u00ed plo\u0161e 32 tis\u00edc\u00a0metr\u016f \u010dtvere\u010dn\u00edch. N\u00e1v\u0161t\u011bvnost podle po\u0159adatel\u016f p\u0159ekro\u010d\u00ed 30 tis\u00edc lid\u00ed.<\/p>\n<p>FOR HABITAT<\/p>\n<p>Na veletrhu FOR HABITAT p\u0159edstav\u00ed 129 vystavovatel\u016f to nejlep\u0161\u00ed ze sv\u00e9 nab\u00eddky, ale i spoustu novinek. N\u00e1v\u0161t\u011bvn\u00edci tak najdou inspiraci, jak obnovit nebo vybrat pevn\u00e9 \u010d\u00e1sti interi\u00e9ru, jakou jsou podlahy, schodi\u0161t\u011b, okna, dve\u0159e a mnoho dal\u0161\u00edho. Pro z\u00e1jemce jsou p\u0159ipraven\u00e9 p\u0159edn\u00e1\u0161ky na t\u00e9ma feng shui v sobotu 25. b\u0159ezna.<\/p>\n<p>FOR FURNITURE<\/p>\n<p>V\u00edce ne\u017e 150 v\u00fdrobc\u016f a dovozc\u016f n\u00e1bytku p\u0159edvede klasick\u00fd i modern\u00ed n\u00e1bytek na veletrhu FOR FURNITURE. Lid\u00e9 uvid\u00ed produkty s ozna\u010den\u00edm \u010cesk\u00e1 kvalita \u2013 N\u00e1bytek. \u00a0V\u00fdrobky od \u010desk\u00fdch truhl\u00e1\u0159\u016f a \u010daloun\u00edk\u016f jsou mnohdy v\u00fdrazn\u011b kvalitn\u011bj\u0161\u00ed a designov\u011b propracovan\u011bj\u0161\u00ed. Nav\u00edc jsou vyv\u00edjeny pro \u010desk\u00e9 spot\u0159ebitele s p\u0159ihl\u00e9dnut\u00edm na tuzemsk\u00e9 po\u017eadavky a nepodl\u00e9haj\u00ed glob\u00e1ln\u00edmu konceptu unifikovan\u00e9ho vkusu. Ve \u010dtvrtek 23. b\u0159ezna bude od 15 hodin v r\u00e1mci DESIGN SHAKER OPENING vyhl\u00e1\u0161en N\u00c1BYTEK ROKU 2017. Ocen\u011bn\u00ed ji\u017e po osm\u00e9 ud\u011bl\u00ed Asociace \u010desk\u00fdch n\u00e1bytk\u00e1\u0159\u016f.<\/p>\n<p>DESIGN SHAKER<\/p>\n<p>V r\u00e1mci doprovodn\u00e9ho programu v\u00fdb\u011brov\u00e9 p\u0159ehl\u00eddky interi\u00e9rov\u00e9ho designu se p\u0159edstav\u00ed projekt SC\u00c9NA, INSPIRACE &amp; TRENDY 2017, na kter\u00e9m budou k vid\u011bn\u00ed 4 interi\u00e9rov\u00e9 styly sv\u011btov\u00fdch trend\u016f bydlen\u00ed pro rok 2017. Lid\u00e9 si budou moci prohl\u00e9dnout styl pastelov\u00fdch a jemn\u00fdch t\u00f3n\u016f, interi\u00e9r pln\u00fd p\u0159\u00edrodn\u00edch materi\u00e1l\u016f, jako je d\u0159evo, k\u00e1men \u010di vlna, kombinaci nov\u00e9ho a star\u00e9ho designu nebo kombinaci sv\u011btl\u00fdch a neutr\u00e1ln\u00edch barev s v\u00fdrazn\u00fdmi barvami jako je \u010derven\u00e1 \u010di zelen\u00e1. V DESIGN GALLERY prob\u011bhne v\u00fdstava vybran\u00fdch designov\u00fdch solit\u00e9r\u016f a v\u00edt\u011bz\u016f sout\u011b\u017ee N\u00e1bytek roku 2017.<\/p>\n<p>SV\u011aTLO V ARCHITEKTU\u0158E<\/p>\n<p>Specializovan\u00e1 v\u00fdstava SV\u011aTLO V ARCHITEKTU\u0158E, kter\u00e1 je ur\u010dena p\u0159edev\u0161\u00edm lidem z oboru, tedy architekt\u016fm, projektant\u016fm a stavebn\u00edm in\u017een\u00fdr\u016fm, se uskute\u010dn\u00ed letos poprv\u00e9 v PVA EXPO PRAHA. Nachystan\u00e9 jsou dva dny pln\u00e9 odborn\u00fdch p\u0159edn\u00e1\u0161ek, ale i v\u00fdstava studentsk\u00fdch prac\u00ed a poradensk\u00e9 centrum, ve kter\u00e9m budou odborn\u00edci odpov\u00eddat na ot\u00e1zky na t\u00e9ma osv\u011btlen\u00ed.<\/p>\n<p>FOR GARDEN<\/p>\n<p>Na veletrhu FOR GARDEN se budou moci lid\u00e9 inspirovat zahradn\u00ed architekturou, zahradn\u00edmi stavbami, vybaven\u00edm zahrady, zahradn\u00edm n\u00e1bytkem, technikou a n\u00e1\u0159ad\u00edm, zelen\u00ed a dal\u0161\u00edmi zaj\u00edmavostmi. Na speci\u00e1ln\u00edm workshopu se vlastn\u00edci p\u016fdy dozv\u011bd\u00ed, jak sv\u016fj majetek ochr\u00e1nit p\u0159ed ztr\u00e1tou hodnoty, mal\u00ed i velc\u00ed se mohou p\u0159ij\u00edt pod\u00edvat na model zahradn\u00ed \u017eeleznice, v\u00fdstavu fotografi\u00ed a soch nebo se zapojit do sout\u011b\u017ee v lukost\u0159elb\u011b.<\/p>\n<p>BYDLEN\u00cd, nov\u00e9 projekty<\/p>\n<p>V r\u00e1mci v\u00fdstavy p\u0159edstav\u00ed developersk\u00e9 spole\u010dnosti aktu\u00e1ln\u00ed projekty vhodn\u00e9 ke koupi, nap\u0159\u00edklad rodinn\u00e9 a bytov\u00e9 domy ve v\u00fdstavb\u011b. Nab\u00eddka se bude t\u00fdkat Prahy a St\u0159edo\u010desk\u00e9ho kraje. Prvn\u00ed den v\u00fdstavy se od 11 hodin uskute\u010dn\u00ed diskuzn\u00ed panel Svazu m\u011bst a obc\u00ed \u010cesk\u00e9 republiky na t\u00e9ma soci\u00e1ln\u00ed a seniorsk\u00e9 bydlen\u00ed bez bari\u00e9r. V p\u00e1tek od 13.15 prob\u011bhne ve Vstupn\u00ed hale I, v Konferen\u010dn\u00edm s\u00e1le 2 p\u0159edn\u00e1\u0161ka St\u00e1tn\u00edho fondu \u017eivotn\u00edho prost\u0159ed\u00ed \u010cesk\u00e9 republiky, na kter\u00e9 jeho z\u00e1stupci porad\u00ed, jak\u00e9 dota\u010dn\u00ed programy jsou vhodn\u00e9 pro ty, kte\u0159\u00ed pl\u00e1nuj\u00ed stav\u011bt nebo rekonstruovat. Ve Vstupn\u00ed hale I, Konferen\u010dn\u00edm s\u00e1le 2, prob\u011bhne p\u0159edn\u00e1\u0161ka na t\u00e9ma \u201eJak koupit a jak prodat bydlen\u00ed\u201c od port\u00e1lu ESTAV.CZ.<\/p>\n<p>GRAND PRIX a TOP EXPO<\/p>\n<p>Organiz\u00e1to\u0159i jarn\u00edho soub\u011bhu veletrh\u016f ud\u011bl\u00ed ocen\u011bn\u00ed nejlep\u0161\u00edm expozic\u00edm a nejlep\u0161\u00edm expon\u00e1t\u016fm a produkt\u016fm p\u0159ihl\u00e1\u0161en\u00fdch do sout\u011b\u017ee GRAND PRIX.<\/p>\n<p>Podrobn\u00e9 informace naleznete na webov\u00fdch str\u00e1nk\u00e1ch www.forhabitat.cz, www.vystavabydleni.cz, www.for-garden.cz, www.forfurniture.cz, www.designshaker.cz, www.svetlovarchitekture.cz.<\/p>\n<p>Z\u00e1kladn\u00ed informace ro\u010dn\u00edku 2017:<\/p>\n<p>FOR HABITAT \u2013 24. ro\u010dn\u00edk bydlen\u00ed, stavby a rekonstrukc\u00ed<\/p>\n<p>FOR GARDEN \u2013 11. ro\u010dn\u00edk mezin\u00e1rodn\u00edho veletrhu zahradn\u00ed architektury, n\u00e1bytku, techniky<\/p>\n<p>a zelen\u011b<\/p>\n<p>FOR FURNITURE \u2013 7. mezin\u00e1rodn\u00ed veletrh n\u00e1bytku a bytov\u00e9ho designu<\/p>\n<p>BYDLEN\u00cd, nov\u00e9 projekty \u2013 23. ro\u010dn\u00edk specializovan\u00e9 v\u00fdstavy nov\u00fdch projekt\u016f bydlen\u00ed<\/p>\n<p>DESIGN SHAKER \u2013 6. v\u00fdb\u011brov\u00e1 p\u0159ehl\u00eddka interi\u00e9rov\u00e9ho designu<\/p>\n<p>SV\u011aTLO V ARCHITEKTU\u0158E \u2013 5. ro\u010dn\u00edk specializovan\u00e9 v\u00fdstavy sv\u00edtidel, designu a osv\u011btlovac\u00ed techniky<\/p>\n<p>Term\u00edn kon\u00e1n\u00ed: 23. \u2013 26. b\u0159ezna 2017<\/p>\n<p>M\u00edsto kon\u00e1n\u00ed: PVA EXPO PRAHA, Beranov\u00fdch 667, Praha 9 &#8211; Let\u0148any<\/p>\n<p>Otev\u0159eno: \u010dtvrtek a\u017e sobota 10 \u2013 18 hodin, ned\u011ble 10 \u2013 17 hodin<\/p>\n<p>Vstupn\u00e9: 150 K\u010d, zlevn\u011bn\u00e9 100 K\u010d<\/p>\n<p>\u010ctvrtek, p\u00e1tek, ned\u011ble: od 15 \u2013 18 hod.: ZDARMA<\/p>\n<p>Po\u0159adatel: ABF, a.s., www.pvaexpo.cz<\/p>\n<p>Souhrnn\u00e1 statistika:<\/p>\n<p>Po\u010det z\u00fa\u010dastn\u011bn\u00fdch firem: 599<\/p>\n<p>Po\u010det zahrani\u010dn\u00edch vystavovatel\u016f: 41 (9 zem\u00ed)<\/p>\n<p>Celkov\u00e1 \u010dist\u00e1 v\u00fdstavn\u00ed plocha: 15 380 m2<\/p>\n<p>Celkov\u00e1 obsazen\u00e1 hrub\u00e1 plocha: 32 000 m2<\/p>\n<p>Ofici\u00e1ln\u00edmi vozy veletrh\u016f je zna\u010dka Ford.<\/p>\n<p>Kontakt pro m\u00e9dia:<\/p>\n<p>Ing. Alena Brad\u00e1\u010dov\u00e1, PR mana\u017eerka, e-mail: bradacova@abf.cz, mobil: 739 003 164<\/p>\n","protected":false},"excerpt":{"rendered":"<p>PRAHA &#8211;\u00a0Nejv\u011bt\u0161\u00ed jarn\u00ed p\u0159ehl\u00eddka bydlen\u00ed, designu a zahrad za\u010dala. Na v\u00fdstavi\u0161ti v PVA EXPO PRAHA v Let\u0148anech najdou n\u00e1v\u0161t\u011bvn\u00edci t\u00e9m\u011b\u0159 \u0161est stovek vystavovatel\u016f, kte\u0159\u00ed na veletrz\u00edch FOR HABITAT, FOR GARDEN, FOR FURNITURE, p\u0159ehl\u00eddce interi\u00e9rov\u00e9ho designu DESIGN SHAKER, v\u00fdstav\u011b BYDLEN\u00cd, nov\u00e9 projekty, a letos poprv\u00e9 i na specializovan\u00e9 v\u00fdstav\u011b SV\u011aTLO V ARCHITEKTU\u0158E, p\u0159edstav\u00ed nejnov\u011bj\u0161\u00ed trendy pro<\/p>\n","protected":false},"author":1,"featured_media":398,"comment_status":"open","ping_status":"open","sticky":false,"template":"","format":"standard","meta":[],"categories":[5],"tags":[],"_links":{"self":[{"href":"https:\/\/jananews.cz\/index.php\/wp-json\/wp\/v2\/posts\/251"}],"collection":[{"href":"https:\/\/jananews.cz\/index.php\/wp-json\/wp\/v2\/posts"}],"about":[{"href":"https:\/\/jananews.cz\/index.php\/wp-json\/wp\/v2\/types\/post"}],"author":[{"embeddable":true,"href":"https:\/\/jananews.cz\/index.php\/wp-json\/wp\/v2\/users\/1"}],"replies":[{"embeddable":true,"href":"https:\/\/jananews.cz\/index.php\/wp-json\/wp\/v2\/comments?post=251"}],"version-history":[{"count":1,"href":"https:\/\/jananews.cz\/index.php\/wp-json\/wp\/v2\/posts\/251\/revisions"}],"predecessor-version":[{"id":468,"href":"https:\/\/jananews.cz\/index.php\/wp-json\/wp\/v2\/posts\/251\/revisions\/468"}],"wp:featuredmedia":[{"embeddable":true,"href":"https:\/\/jananews.cz\/index.php\/wp-json\/wp\/v2\/media\/398"}],"wp:attachment":[{"href":"https:\/\/jananews.cz\/index.php\/wp-json\/wp\/v2\/media?parent=251"}],"wp:term":[{"taxonomy":"category","embeddable":true,"href":"https:\/\/jananews.cz\/index.php\/wp-json\/wp\/v2\/categories?post=251"},{"taxonomy":"post_tag","embeddable":true,"href":"https:\/\/jananews.cz\/index.php\/wp-json\/wp\/v2\/tags?post=251"}],"curies":[{"name":"wp","href":"https:\/\/api.w.org\/{rel}","templated":true}]}}