{"id":261,"date":"2017-04-20T12:59:02","date_gmt":"2017-04-20T10:59:02","guid":{"rendered":"http:\/\/www.jananews.cz\/WP\/index.php\/2017\/04\/20\/soutez-o-vstupenky-na-dnesni-koncert-combebandu\/"},"modified":"2017-04-20T12:59:02","modified_gmt":"2017-04-20T10:59:02","slug":"soutez-o-vstupenky-na-dnesni-koncert-combebandu","status":"publish","type":"post","link":"https:\/\/jananews.cz\/index.php\/2017\/04\/20\/soutez-o-vstupenky-na-dnesni-koncert-combebandu\/","title":{"rendered":"SOUTE\u017d o vstupenky na \u010cOMBEBAND!"},"content":{"rendered":"<p>PRAHA &#8211; Pozor, sout\u011b\u017e o vstupenky na \u010cOMBEBAND! Akce se kon\u00e1 dnes od 19:00 hodin v pra\u017esk\u00e9m Pal\u00e1ci Akropolis. Odpov\u011bdi pi\u0161te na adresu <a href=\"mailto:jana@henych.com\">jana@henych.com<\/a> nejpozd\u011bji do 17.00 hodin.<\/p>\n<p>  <!--more-->  <\/p>\n<p>Sout\u011b\u017en\u00ed ot\u00e1zka:<\/p>\n<p>Jak se jmenuje baskytarista skupiny \u010cOMBEBAND?<\/p>\n<p>Ze spr\u00e1vn\u00fdch odpov\u011bd\u00ed bude vylosov\u00e1no 6 v\u00fdherc\u016f. Do mailu spolu se\u00a0spr\u00e1vnou odpov\u011bd\u00ed uve\u010fte sv\u00e9 jm\u00e9no a p\u0159\u00edjmen\u00ed.\u00a0V\u00fdherci budou informov\u00e1ni na mail nejpozd\u011bji v 17.30 hodin.\u00a0<\/p>\n<p>V\u00edce informac\u00ed o akci nejdete na odkazu <a href=\"https:\/\/www.facebook.com\/events\/330037804018263\/\">https:\/\/www.facebook.com\/events\/330037804018263\/<\/a>\u00a0<\/p>\n<p>\u00a0<\/p>\n<p><img loading=\"lazy\" class=\" size-full wp-image-260\" src=\"https:\/\/jananews.cz\/wp-content\/uploads\/2017\/04\/combeband.jpg\" alt=\"\" width=\"519\" height=\"549\" srcset=\"https:\/\/jananews.cz\/wp-content\/uploads\/2017\/04\/combeband.jpg 907w, https:\/\/jananews.cz\/wp-content\/uploads\/2017\/04\/combeband-283x300.jpg 283w, https:\/\/jananews.cz\/wp-content\/uploads\/2017\/04\/combeband-768x813.jpg 768w\" sizes=\"(max-width: 519px) 100vw, 519px\" \/><\/p>\n<p>\u00a0<\/p>\n","protected":false},"excerpt":{"rendered":"<p>PRAHA &#8211; Pozor, sout\u011b\u017e o vstupenky na \u010cOMBEBAND! Akce se kon\u00e1 dnes od 19:00 hodin v pra\u017esk\u00e9m Pal\u00e1ci Akropolis. Odpov\u011bdi pi\u0161te na adresu jana@henych.com nejpozd\u011bji do 17.00 hodin.<\/p>\n","protected":false},"author":1,"featured_media":260,"comment_status":"open","ping_status":"open","sticky":false,"template":"","format":"standard","meta":[],"categories":[7],"tags":[],"_links":{"self":[{"href":"https:\/\/jananews.cz\/index.php\/wp-json\/wp\/v2\/posts\/261"}],"collection":[{"href":"https:\/\/jananews.cz\/index.php\/wp-json\/wp\/v2\/posts"}],"about":[{"href":"https:\/\/jananews.cz\/index.php\/wp-json\/wp\/v2\/types\/post"}],"author":[{"embeddable":true,"href":"https:\/\/jananews.cz\/index.php\/wp-json\/wp\/v2\/users\/1"}],"replies":[{"embeddable":true,"href":"https:\/\/jananews.cz\/index.php\/wp-json\/wp\/v2\/comments?post=261"}],"version-history":[{"count":0,"href":"https:\/\/jananews.cz\/index.php\/wp-json\/wp\/v2\/posts\/261\/revisions"}],"wp:featuredmedia":[{"embeddable":true,"href":"https:\/\/jananews.cz\/index.php\/wp-json\/wp\/v2\/media\/260"}],"wp:attachment":[{"href":"https:\/\/jananews.cz\/index.php\/wp-json\/wp\/v2\/media?parent=261"}],"wp:term":[{"taxonomy":"category","embeddable":true,"href":"https:\/\/jananews.cz\/index.php\/wp-json\/wp\/v2\/categories?post=261"},{"taxonomy":"post_tag","embeddable":true,"href":"https:\/\/jananews.cz\/index.php\/wp-json\/wp\/v2\/tags?post=261"}],"curies":[{"name":"wp","href":"https:\/\/api.w.org\/{rel}","templated":true}]}}