{"id":262,"date":"2017-05-11T09:35:09","date_gmt":"2017-05-11T07:35:09","guid":{"rendered":"http:\/\/www.jananews.cz\/WP\/index.php\/2017\/05\/11\/odraedir-vydavaji-sve-prvni-dlouhohrajici-album\/"},"modified":"2020-08-16T22:13:02","modified_gmt":"2020-08-16T20:13:02","slug":"odraedir-vydavaji-sve-prvni-dlouhohrajici-album","status":"publish","type":"post","link":"https:\/\/jananews.cz\/index.php\/2017\/05\/11\/odraedir-vydavaji-sve-prvni-dlouhohrajici-album\/","title":{"rendered":"ODRAEDIR vyd\u00e1vaj\u00ed sv\u00e9 prvn\u00ed dlouhohraj\u00edc\u00ed album"},"content":{"rendered":"<p>PRAHA &#8211; Po dlouh\u00fdch \u010dty\u0159ech letech vyd\u00e1v\u00e1 \u010desk\u00e1 pagan metalov\u00e1 kapela Odraedir sv\u00e9 prvn\u00ed dlouhohraj\u00edc\u00ed album Legends of the Dark Times. Ji\u017e koncem \u00fanora byla p\u0159edstavena prvn\u00ed nahr\u00e1vka Path of the Wolf, kter\u00e1 je v\u011bnov\u00e1na p\u0159\u00edb\u011bhu o Geraltovi z Rivie, hlavn\u00ed postav\u011b fantasy cyklu Zakl\u00edna\u010d od polsk\u00e9ho autora Andrzeje Sapkowsk\u00e9ho a nov\u011b je k poslechu tak\u00e9 druh\u00e1 skladba Choir of Swords. Album sest\u00e1v\u00e1 celkem z dev\u00edti skladeb, intra a outra a 9. 6. prob\u011bhne v Pra\u017esk\u00e9m klubu Exit-us koncert k jeho vyd\u00e1n\u00ed, kam si Odraedir pozvali kapely Thanalian, Wolfarian a tak\u00e9 Desire for Sorrow, kte\u0159\u00ed zde p\u0159edstav\u00ed sv\u00e9 nov\u00e9 album.<\/p>\n<p><!--more--><\/p>\n<p>Legends of the Dark Times nab\u00edz\u00ed mno\u017estv\u00ed melodi\u00ed i r\u00e1zn\u00fdch kytarov\u00fdch riff\u016f, dopln\u011bn\u00fdch \u0161k\u00e1lou hudebn\u00edch n\u00e1stroj\u016f jako jsou dudy, fl\u00e9tny nebo housle, p\u0159isp\u00edvaj\u00edc\u00edch ke <span style=\"text-decoration: underline;\">komplexit\u011b celkov\u00e9 kompozice. Pro aktu\u00e1ln\u00ed informace sledujte ofici\u00e1ln\u00ed You Tube kan\u00e1l a Facebookov\u00fd profil kapely na n\u00ed\u017ee uveden\u00fdch adres\u00e1ch.<\/span><\/p>\n<p><span style=\"text-decoration: underline;\">Seznam skladeb:<\/span><br \/>\n01 &#8211; The Legend Now Begins&#8230;<br \/>\n02 &#8211; Heroes of the Dark Times<br \/>\n03 &#8211; Brave Souls<br \/>\n04 &#8211; The Dawn of Oden\u00b4s Horde<br \/>\n05 &#8211; Beowulf and Grendel<br \/>\n06 &#8211; Beowulf and the Dragon<br \/>\n07 &#8211; Pagan Forest<br \/>\n08 &#8211; Choir of Swords<br \/>\n09 &#8211; In the Name of Thor<br \/>\n10 &#8211; Legends Ain\u00b4t Be Forgotten<br \/>\n11 &#8211; Path of the Wolf (bonus)<\/p>\n<p>Path of the Wolf: \u00a0youtube.com\/watch?v=Oo1aVNBnKdI<br \/>\nChoir of Swords: \u00a0youtube.com\/watch?v=82V62pjtqP8&amp;t=7s<br \/>\nOfici\u00e1ln\u00ed YT kan\u00e1l:\u00a0youtube.com\/channel\/UCuW-bizmM322jdSy_5MQKjA<br \/>\nFB str\u00e1nka: \u00a0\u00a0\u00a0\u00a0\u00a0\u00a0\u00a0\u00a0 facebook.com\/odraedir\/<\/p>\n","protected":false},"excerpt":{"rendered":"<p>PRAHA &#8211; Po dlouh\u00fdch \u010dty\u0159ech letech vyd\u00e1v\u00e1 \u010desk\u00e1 pagan metalov\u00e1 kapela Odraedir sv\u00e9 prvn\u00ed dlouhohraj\u00edc\u00ed album Legends of the Dark Times. Ji\u017e koncem \u00fanora byla p\u0159edstavena prvn\u00ed nahr\u00e1vka Path of the Wolf, kter\u00e1 je v\u011bnov\u00e1na p\u0159\u00edb\u011bhu o Geraltovi z Rivie, hlavn\u00ed postav\u011b fantasy cyklu Zakl\u00edna\u010d od polsk\u00e9ho autora Andrzeje Sapkowsk\u00e9ho a nov\u011b je k poslechu<\/p>\n","protected":false},"author":1,"featured_media":398,"comment_status":"open","ping_status":"open","sticky":false,"template":"","format":"standard","meta":[],"categories":[7],"tags":[],"_links":{"self":[{"href":"https:\/\/jananews.cz\/index.php\/wp-json\/wp\/v2\/posts\/262"}],"collection":[{"href":"https:\/\/jananews.cz\/index.php\/wp-json\/wp\/v2\/posts"}],"about":[{"href":"https:\/\/jananews.cz\/index.php\/wp-json\/wp\/v2\/types\/post"}],"author":[{"embeddable":true,"href":"https:\/\/jananews.cz\/index.php\/wp-json\/wp\/v2\/users\/1"}],"replies":[{"embeddable":true,"href":"https:\/\/jananews.cz\/index.php\/wp-json\/wp\/v2\/comments?post=262"}],"version-history":[{"count":1,"href":"https:\/\/jananews.cz\/index.php\/wp-json\/wp\/v2\/posts\/262\/revisions"}],"predecessor-version":[{"id":467,"href":"https:\/\/jananews.cz\/index.php\/wp-json\/wp\/v2\/posts\/262\/revisions\/467"}],"wp:featuredmedia":[{"embeddable":true,"href":"https:\/\/jananews.cz\/index.php\/wp-json\/wp\/v2\/media\/398"}],"wp:attachment":[{"href":"https:\/\/jananews.cz\/index.php\/wp-json\/wp\/v2\/media?parent=262"}],"wp:term":[{"taxonomy":"category","embeddable":true,"href":"https:\/\/jananews.cz\/index.php\/wp-json\/wp\/v2\/categories?post=262"},{"taxonomy":"post_tag","embeddable":true,"href":"https:\/\/jananews.cz\/index.php\/wp-json\/wp\/v2\/tags?post=262"}],"curies":[{"name":"wp","href":"https:\/\/api.w.org\/{rel}","templated":true}]}}