{"id":265,"date":"2017-07-19T07:48:08","date_gmt":"2017-07-19T05:48:08","guid":{"rendered":"http:\/\/www.jananews.cz\/WP\/index.php\/2017\/07\/19\/eva-hurychova-vydala-album-chybicka-se-vloudi\/"},"modified":"2017-07-19T07:48:08","modified_gmt":"2017-07-19T05:48:08","slug":"eva-hurychova-vydala-album-chybicka-se-vloudi","status":"publish","type":"post","link":"https:\/\/jananews.cz\/index.php\/2017\/07\/19\/eva-hurychova-vydala-album-chybicka-se-vloudi\/","title":{"rendered":"Eva Hurychov\u00e1 vydala album Chybi\u010dka se vloud\u00ed"},"content":{"rendered":"<p>PRAHA &#8211; Zp\u011bva\u010dka Eva Hurychov\u00e1 vyd\u00e1v\u00e1 nov\u00e9 album hit\u016f a rarit s n\u00e1zvem Chybi\u010dka se vloud\u00ed. Nosi\u010d vych\u00e1z\u00ed v nyn\u00ed trendov\u00e9 podob\u011b jako vinyl LP.\u00a0 Album vych\u00e1z\u00ed v\u00edce jak 30 let od vyd\u00e1n\u00ed debutov\u00e9 vinylov\u00e9 LP desky, tedy elp\u00ed\u010dka, jak se tenkr\u00e1t velk\u00fdm gramofonov\u00fdm desk\u00e1m \u0159\u00edkalo. Prvn\u00ed LP z roku 1986 se jmenovalo Dnes na tom z\u00e1le\u017e\u00ed a sou\u010dasn\u00fd novinkov\u00fd vinyl m\u00e1 n\u00e1zev Evina d\u0159\u00edv\u011bj\u0161\u00edho hitu Chybi\u010dka se vloud\u00ed s podtitulem &#8222;hity a rarity&#8220;. Rarity stoj\u00ed za to zd\u016fraznit, proto\u017ee na albu jich nen\u00ed m\u00e1lo, a kdov\u00ed, \u010d\u00edm Eva Hurychov\u00e1 je\u0161t\u011b p\u0159ekvap\u00ed.<\/p>\n<p>  <!--more-->  <\/p>\n<p>V limitovan\u00e9 s\u00e9rii tuto novinku vyd\u00e1v\u00e1 hudebn\u00ed vydavatelstv\u00ed MG Music (distribuce Supraphon) v edici Retro, a to na dnes op\u011bt velmi m\u00f3dn\u00edm vinylu. Doslova unik\u00e1tn\u00ed elp\u00ed\u010dko p\u0159in\u00e1\u0161\u00ed 13 p\u00edsn\u00ed \u2013 mnoh\u00fdch hit\u016f spolu s neskute\u010dn\u00fdmi raritami, kter\u00e9 je\u0161t\u011b nikdy na \u017e\u00e1dn\u00e9m nosi\u010di nevy\u0161ly. P\u00edsni\u010dky mapuj\u00ed \u010dty\u0159icetiletou p\u011bveckou \u00e9ru a kari\u00e9ru Evy Hurychov\u00e9. Na LP desce samoz\u0159ejm\u011b nechyb\u00ed jej\u00ed nejv\u011bt\u0161\u00ed hity \u2013 J\u00e1 p\u0159ijdu, Chybi\u010dka se vloud\u00ed, U\u017e n\u00e1m sv\u00edt\u00e1, je\u017e jsou nov\u011b nato\u010den\u00e9 z let 2006 a 2007. Zastoupena je tak\u00e9 Evina autorsk\u00e1 tvorba (Voda a k\u00e1men, M\u011bli bychom se m\u00edt r\u00e1di). Fanou\u0161ky jist\u011b pot\u011b\u0161\u00ed cenn\u00e9 nahr\u00e1vky ze zp\u011bva\u010d\u010dina soukrom\u00e9ho archivu jako Kamav Tut, Tvoje m\u00e1ma to v\u00ed, \u017ee jsem bl\u00e1zen, nebo Barevn\u00e9 letokruhy, nato\u010den\u00e9 v letech 1976 a 1977 s triem Letokruhy. Sou\u010dasnost prezentuje hitov\u00fd duet Evy a Libora Petr\u016f s n\u00e1zvem N\u011bkoho m\u00edt, kter\u00fd vznikl v prosinci 2016.<\/p>\n<p>\u201eNikdy by m\u011b nenapadlo, \u017ee n\u011bkter\u00e9 tak star\u00e9 nahr\u00e1vky m\u016f\u017eou v\u016fbec spat\u0159it sv\u011btlo sv\u011bta. Proto jsem zpo\u010d\u00e1tku v\u00e1hala, nyn\u00ed ale mus\u00edm producentovi za n\u00e1pad pod\u011bkovat. Plno nahr\u00e1vek jsem p\u0159ed dv\u011bma lety p\u0159i rychl\u00e9m st\u011bhov\u00e1n\u00ed, bohu\u017eel, vyhodila, a ty, kter\u00e9 jsem si asi intuitivn\u011b nechala, ty jsem si na \u017e\u00e1dn\u00e9m albu nedovedla p\u0159edstavit. Mo\u017en\u00e1 ale pr\u00e1v\u011b proto nelet\u011bly do popelnice\u2026 V\u00fdb\u011br na desku jsem pou\u0161t\u011bla i sv\u00fdm \u010dty\u0159iadvacetilet\u00fdm dcer\u00e1m, kter\u00e9 se shodly, co tam ur\u010dit\u011b d\u00e1t a co ne. Nakonec se, mysl\u00edm, poda\u0159ila pestr\u00e1 sestava, snad si z n\u00ed n\u011bco vybere ka\u017ed\u00fd, aspo\u0148 douf\u00e1m,\u201c \u0159\u00edk\u00e1 s \u00fasm\u011bvem Eva Hurychov\u00e1 o sv\u00e9m nov\u00e9m vinylov\u00e9m elp\u00ed\u010dku Chybi\u010dka se vloud\u00ed.\u00a0<\/p>\n<p>Uk\u00e1zka:<\/p>\n<p>\u00a0https:\/\/www.youtube.com\/watch?v=lbA7BHmS67Q\u00a0<\/p>\n<p>\u00a0https:\/\/www.youtube.com\/watch?v=UupwJyfhTc4\u00a0<\/p>\n<p><strong>Kdo je Eva Hurychov\u00e1?<\/strong><\/p>\n<p>Zp\u011bva\u010dka, skladatelka, texta\u0159ka a spisovatelka Eva Hurychov\u00e1 se narodila 25. \u010dervence 1951. Na na\u0161\u00ed hudebn\u00ed sc\u00e9n\u011b se objevila v polovin\u011b sedmdes\u00e1t\u00fdch let minul\u00e9ho stolet\u00ed. \u00dasp\u011b\u0161n\u011b bodovala v anket\u011b popularity Zlat\u00fd slav\u00edk, kde se dr\u017eela kolem des\u00e1t\u00e9ho m\u00edsta, a to hlavn\u011b po spolupr\u00e1ci s Honzou Neck\u00e1\u0159em (bratrem V\u00e1clava) a skupinou Bacily. Prvn\u00ed singl (Jednou \u00fasm\u011bv, jednou pl\u00e1\u010d \/ Vodn\u00edk) j\u00ed vy\u0161el u\u017e v roce 1977. V t\u00e9 dob\u011b zp\u00edvala s formac\u00ed Letokruhy, pozd\u011bji se svou skupinou Drops. Za\u010d\u00e1tkem osmdes\u00e1t\u00fdch let za\u010dala intenzivn\u011bj\u0161\u00ed spolupr\u00e1ci s Honzou Neck\u00e1\u0159em a hned jejich prvn\u00ed, netradi\u010dn\u00ed duet J\u00e1 p\u0159ijdu se stal velk\u00fdm hitem. N\u00e1sledovaly dal\u0161\u00ed jako M\u00e1 sestra Helga, Samolepa L\u00fddie, Hifi, J\u00e1 to zkr\u00e1t\u00edm nebo To chce m\u00edt sv\u016fj syst\u00e9m, za n\u011bj oba v roce 1984 z\u00edskali bronz na festivalu Bratislavsk\u00e1 lyra. Z\u00e1hy vznikly Eviny dal\u0161\u00ed s\u00f3lov\u00e9 hity: Chybi\u010dka se vloud\u00ed, Souhv\u011bzd\u00ed l\u00e1sky, P\u00e9\u0165o, \u010dau, s kter\u00fdmi \u00fasp\u011b\u0161n\u011b hostovala v koncertn\u00edm programu V\u00e1clava Neck\u00e1\u0159e. S jeho bratrem Honzou nat\u00e1\u010dela pro \u010ceskoslovenskou televizi zaj\u00edmav\u00e9 klipy ve stylu inspirovan\u00e9m u n\u00e1s tehdy zak\u00e1zanou tzv. novou vlnou, kter\u00fd se t\u011b\u0161il velk\u00e9mu z\u00e1jmu hlavn\u011b mlad\u00fdch poslucha\u010d\u016f.<\/p>\n<p>V roce 1986 Ev\u011b Hurychov\u00e9 vy\u0161lo debutov\u00e9 elp\u00ed\u010dko nahran\u00e9 s Bacily s n\u00e1zvem podle textu Zde\u0148ka Ryt\u00ed\u0159e Dnes na tom z\u00e1le\u017e\u00ed. Kr\u00e1tce nato vystupovala ve stejnojmenn\u00e9m programu se svou novou doprovodnou skupinou Pudr. Pozd\u011bji ob\u010das koncertovala s ostravsk\u00fdmi Plame\u0148\u00e1ky, po roce 1989 do roku 1992 \u00fa\u010dinkovala v z\u00e1jezdov\u00fdch po\u0159adech Lu\u010fka Soboty a Jana Ros\u00e1ka.<\/p>\n<p>V \u00fanoru 1993 se Eva stala maminkou dvoj\u010dat \u2013 Krist\u00fdnky a Barborky, kter\u00fdm se naplno v\u011bnovala, proto ambice k pokra\u010duj\u00edc\u00ed kari\u00e9\u0159e pov\u011bsila na h\u0159eb\u00edk. V roce 1996 nato\u010dila s Honzou Neck\u00e1\u0159em, Danou Mor\u00e1vkovou a dal\u0161\u00edmi album podle logopedick\u00e9 kn\u00ed\u017eky pro d\u011bti Brousek pro tv\u016fj jaz\u00fd\u010dek. V roce 1997 vy\u0161lo Ev\u011b CD J\u00e1 p\u0159\u00edjdu \u2013 20x Eva Hurychov\u00e1 a dv\u011b nav\u00edc, CD singl s nov\u011b nato\u010den\u00fdm hitem J\u00e1 p\u0159ijdu, kde v n\u00ed ke konci roztomile brebent\u00ed Evina dvoj\u010data. V roce 2007 Ev\u011b vy\u0161lo CD Souhv\u011bzd\u00ed l\u00e1sky (Besf of s Bacily) a tak\u00e9 kniha sepsan\u00e1 z jej\u00edch den\u00edk\u016f \u0158ekla jsem NE tyranovi. Eva Hurychov\u00e1 se toti\u017e stala ob\u011bt\u00ed dom\u00e1c\u00edho n\u00e1sil\u00ed. Od t\u00e9ho\u017e roku pom\u00e1h\u00e1 ob\u011btem dom\u00e1c\u00edho n\u00e1sil\u00ed p\u0159es Evinu schr\u00e1nku (evinaschranka@email.cz), kam se ji\u017e obr\u00e1tilo ke t\u0159em tis\u00edc\u016fm osob.<\/p>\n<p>Od roku 2014 je Eva \u010dlenkou V\u00fdboru pro prevenci dom\u00e1c\u00edho n\u00e1sil\u00ed a n\u00e1sil\u00ed na \u017een\u00e1ch p\u0159i Rad\u011b vl\u00e1dy pro rovn\u00e9 p\u0159\u00edle\u017eitosti \u017een a mu\u017e\u016f. V\u00fdrazn\u00e9 profesion\u00e1ln\u00ed zm\u011bny v Evin\u011b \u017eivot\u011b za\u010daly v \u010dervnu 2013, kdy na Technick\u00e9 univerzit\u011b v Liberci, Kated\u0159e soci\u00e1ln\u00edch studi\u00ed a speci\u00e1ln\u00ed pedagogiky odpromovala s titulem bakal\u00e1\u0159, a tamt\u00e9\u017e v \u010dervnu 2015 s titulem magistr, aktu\u00e1ln\u011b je nyn\u00ed doktorandkou. V l\u00e9t\u011b 2016 zalo\u017eila s dv\u011bma kolegyn\u011bmi Asociaci \u0161kolsk\u00e9 soci\u00e1ln\u00ed pr\u00e1ce v \u010cR, z. s.<\/p>\n<p><a href=\"http:\/\/www.evahurychova.cz\">www.evahurychova.cz<\/a><\/p>\n<p><a href=\"http:\/\/www.assp.cz\">www.assp.cz<\/a>\u00a0<br \/>\u00a0<br \/>Foto: MG Music<\/p>\n<p><img loading=\"lazy\" class=\" size-full wp-image-263\" src=\"https:\/\/jananews.cz\/wp-content\/uploads\/2017\/07\/hurychova1.jpg\" alt=\"\" width=\"417\" height=\"600\" \/><\/p>\n<p><img loading=\"lazy\" class=\" size-full wp-image-264\" src=\"https:\/\/jananews.cz\/wp-content\/uploads\/2017\/07\/hurychova2.jpg\" alt=\"\" width=\"418\" height=\"426\" \/><\/p>\n","protected":false},"excerpt":{"rendered":"<p>PRAHA &#8211; Zp\u011bva\u010dka Eva Hurychov\u00e1 vyd\u00e1v\u00e1 nov\u00e9 album hit\u016f a rarit s n\u00e1zvem Chybi\u010dka se vloud\u00ed. Nosi\u010d vych\u00e1z\u00ed v nyn\u00ed trendov\u00e9 podob\u011b jako vinyl LP.\u00a0 Album vych\u00e1z\u00ed v\u00edce jak 30 let od vyd\u00e1n\u00ed debutov\u00e9 vinylov\u00e9 LP desky, tedy elp\u00ed\u010dka, jak se tenkr\u00e1t velk\u00fdm gramofonov\u00fdm desk\u00e1m \u0159\u00edkalo. Prvn\u00ed LP z roku 1986 se jmenovalo Dnes na<\/p>\n","protected":false},"author":1,"featured_media":263,"comment_status":"open","ping_status":"open","sticky":false,"template":"","format":"standard","meta":[],"categories":[7],"tags":[],"_links":{"self":[{"href":"https:\/\/jananews.cz\/index.php\/wp-json\/wp\/v2\/posts\/265"}],"collection":[{"href":"https:\/\/jananews.cz\/index.php\/wp-json\/wp\/v2\/posts"}],"about":[{"href":"https:\/\/jananews.cz\/index.php\/wp-json\/wp\/v2\/types\/post"}],"author":[{"embeddable":true,"href":"https:\/\/jananews.cz\/index.php\/wp-json\/wp\/v2\/users\/1"}],"replies":[{"embeddable":true,"href":"https:\/\/jananews.cz\/index.php\/wp-json\/wp\/v2\/comments?post=265"}],"version-history":[{"count":0,"href":"https:\/\/jananews.cz\/index.php\/wp-json\/wp\/v2\/posts\/265\/revisions"}],"wp:featuredmedia":[{"embeddable":true,"href":"https:\/\/jananews.cz\/index.php\/wp-json\/wp\/v2\/media\/263"}],"wp:attachment":[{"href":"https:\/\/jananews.cz\/index.php\/wp-json\/wp\/v2\/media?parent=265"}],"wp:term":[{"taxonomy":"category","embeddable":true,"href":"https:\/\/jananews.cz\/index.php\/wp-json\/wp\/v2\/categories?post=265"},{"taxonomy":"post_tag","embeddable":true,"href":"https:\/\/jananews.cz\/index.php\/wp-json\/wp\/v2\/tags?post=265"}],"curies":[{"name":"wp","href":"https:\/\/api.w.org\/{rel}","templated":true}]}}