{"id":277,"date":"2017-08-15T11:00:39","date_gmt":"2017-08-15T09:00:39","guid":{"rendered":"http:\/\/www.jananews.cz\/WP\/index.php\/2017\/08\/15\/24-kosmeticky-veletrh-world-of-beauty-spa\/"},"modified":"2017-08-15T11:00:39","modified_gmt":"2017-08-15T09:00:39","slug":"24-kosmeticky-veletrh-world-of-beauty-spa","status":"publish","type":"post","link":"https:\/\/jananews.cz\/index.php\/2017\/08\/15\/24-kosmeticky-veletrh-world-of-beauty-spa\/","title":{"rendered":"24. kosmetick\u00fd veletrh WORLD OF BEAUTY &#038; SPA"},"content":{"rendered":"<p>PRAHA: Br\u00e1ny are\u00e1lu PVA EXPO PRAHA &#8211; LET\u0147ANY se otev\u0159ou ve dnech 8. &#8211; 9. z\u00e1\u0159\u00ed kosmetick\u00e9mu veletrhu WORLD OF BEAUTY &amp; SPA. Jako ka\u017edoro\u010dn\u011b se zde sejde odborn\u00e1 a \u0161irok\u00e1 ve\u0159ejnost, aby se sezn\u00e1mili s nejnov\u011bj\u0161\u00edmi slu\u017ebami, v\u00fdrobky a trendy vystavovatel\u016f. Pro o\u010dek\u00e1van\u00fdch dvacet tis\u00edc n\u00e1v\u0161t\u011bvn\u00edk\u016f nab\u00eddne sv\u00e9 novinky i tradi\u010dn\u00ed v\u00fdrobky t\u00e9m\u011b\u0159 350 vystavovatel\u016f zastupuj\u00edc\u00edch n\u011bkolik set zn\u00e1m\u00fdch a presti\u017en\u00edch zna\u010dek profesion\u00e1ln\u00ed kosmetiky s p\u0159\u00edpravky pro wellness, spa\u00a0a l\u00e1ze\u0148skou a hotelovou p\u00e9\u010di i v\u00fdrobky pro fin\u00e1ln\u00ed spot\u0159ebitele.<\/p>\n<p>  <!--more-->  <\/p>\n<p>N\u011bkolik set presti\u017en\u00edch zna\u010dek na v\u00fdstavn\u00edch st\u00e1nc\u00edch bude dopln\u011bno bohat\u00fdm programem. Zastoupena bude p\u0159edev\u0161\u00edm profesion\u00e1ln\u00ed kosmetika, p\u0159\u00edstroje a vybaven\u00ed pro salony, p\u00e9\u010de o vlasy, p\u00e9\u010de o nehty, jejich model\u00e1\u017e a zdoben\u00ed, wellness, spa, hotelov\u00e1 p\u00e9\u010de i \u0159ada v\u00fdrobk\u016f pro fin\u00e1ln\u00ed spot\u0159ebitele. Odborn\u00edci na st\u00e1nc\u00edch i p\u00f3di\u00edch se budou v\u011bnovat anti-aging metod\u00e1m, p\u00e9\u010di o ruce a nohy, regeneraci i alternativn\u00edm metod\u00e1m v oboru. \u00da\u017easn\u00e9 novinky uvid\u00edme v oboru p\u0159\u00edrodn\u00ed p\u00e9\u010de, aromaterapie i mas\u00e1\u017ee, spojen\u00e9 s relaxac\u00ed a o\u017eiven\u00edm cel\u00e9ho t\u011bla na fyzick\u00e9 i du\u0161evn\u00ed \u00farovni. Prost\u0159ednictv\u00edm spolupr\u00e1ce s komer\u010dn\u00ed sekc\u00ed americk\u00e9 ambas\u00e1dy i dal\u0161\u00edch zahrani\u010dn\u00edch partner\u016f budou na veletrhu prezentov\u00e1ny nov\u00e9 zna\u010dky hledaj\u00edc\u00ed zastoupen\u00ed v \u010cesk\u00e9 republice.<\/p>\n<p style=\"text-align: left;\">Anti-aging p\u00e9\u010de, p\u00e9\u010de o nohy, mas\u00e1\u017ee, relaxace, regenerace. V n\u011bkolika salonc\u00edch i na hlavn\u00edm podiu bude prob\u00edhat program v\u011bnovan\u00fd zkr\u00e1\u0161lovac\u00edm metod\u00e1m a anti-aging, p\u00e9\u010di, aromaterapii, relaxaci, regeneraci, metod\u00e1m alternativn\u00ed p\u00e9\u010de o zdrav\u00ed i vzd\u011bl\u00e1v\u00e1n\u00ed\u00a0v t\u011bchto oblastech. T\u00e9mata i praktick\u00e9 uk\u00e1zky budou prezentovat nejen p\u0159edn\u00ed odborn\u00edci z kosmetick\u00e9ho oboru, ale t\u00e9\u017e odborn\u00edci na mas\u00e1\u017ee a fyzioterapii, podiatrii, akupresuru, aromaterapii, kosmetiku pozitivn\u011b ovliv\u0148uj\u00edc\u00ed duchovn\u00ed sf\u00e9ru \u010dlov\u011bka a dal\u0161\u00ed obory.<\/p>\n<p>Trendy v l\u00ed\u010den\u00ed, \u00fa\u010desech, od\u00edv\u00e1n\u00ed \u2013 look 2017\/2018. Nejzn\u00e1m\u011bj\u0161\u00ed kosmetick\u00e9 zna\u010dky a trendy budou prezentov\u00e1ny ji\u017e tradi\u010dn\u011b v pod\u00e1n\u00ed viz\u00e1\u017eist\u016f Pavla Bauera i \u0160t\u011bp\u00e1nky Podrou\u017ekov\u00e9, stejn\u011b tak na podiu p\u0159edvedou sv\u00e9 \u00fasp\u011b\u0161n\u00e9 kade\u0159nick\u00e9 show Honza Hlav\u00e1\u010dek, Martin Lou\u017eeck\u00fd, Romana Topinkov\u00e1, Honza \u0160pilar a dal\u0161\u00ed \u00fasp\u011b\u0161n\u00ed kade\u0159n\u00edci i v\u00fdherci sout\u011b\u017e\u00ed. Velkou oblibu si z\u00edskaly m\u00f3dn\u00ed p\u0159ehl\u00eddky v pod\u00e1n\u00ed \u0159ady \u010desk\u00fdch miss a dal\u0161\u00edch zn\u00e1m\u00fdch tv\u00e1\u0159\u00ed show businessu za \u00fa\u010dasti p\u0159edn\u00edch n\u00e1vrh\u00e1\u0159\u016f, butik\u016f a od\u011bvn\u00edch zna\u010dek.<\/p>\n<p>K programu budou ned\u00edln\u011b pat\u0159it ka\u017edoro\u010dn\u00ed presti\u017en\u00ed sout\u011b\u017en\u00ed kl\u00e1n\u00ed. K \u201ehighlights\u201c pat\u0159\u00ed Mistrovstv\u00ed \u010cesk\u00e9 republiky v make-upu, po\u0159\u00e1dan\u00e9 Pavlem Bauerem na t\u00e9ma \u201eBlue Dahlia\u201c. Na p\u00f3diu se utk\u00e1 sedm kosmeti\u010dek a viz\u00e1\u017eistek, je\u017e se kvalifikovaly ze sout\u011b\u017ee Unie kosmeti\u010dek po\u0159\u00e1dan\u00e9 v \u00fachvatn\u00fdch prostor\u00e1ch Kaiser\u0161tejnsk\u00e9ho pal\u00e1ce. V\u00edt\u011bzka zavr\u0161\u00ed sout\u011b\u017een\u00ed na presti\u017en\u00edm Mezin\u00e1rodn\u00edm mistrovstv\u00ed v D\u00fcsseldorfu.<\/p>\n<p>Pro kosmeti\u010dky a viz\u00e1\u017eistky je p\u0159ichyst\u00e1na nov\u00e1 atraktivn\u00ed sout\u011b\u017e \u201eFace Airbrush Make-up Open\u201c. Pro \u0161ikovn\u00e9 kade\u0159n\u00edky \u2013 vybran\u00e9 finalisty \u2013 je op\u011bt vyhl\u00e1\u0161ena obl\u00edben\u00e1 sout\u011b\u017e nap\u0159\u00ed\u010d kade\u0159nick\u00fdm sv\u011btem INSPIRACE 2018, kter\u00e1 je tentokr\u00e1t zam\u011b\u0159ena na odbornost \u2013 kvalitu st\u0159ihu a barvu. Auto\u0159i \u010dtrn\u00e1cti nejlep\u0161\u00edch prac\u00ed, vybran\u00fdch porotou podle fotografi\u00ed, se utkaj\u00ed na p\u00f3diu, krom\u011b finan\u010dn\u00ed i hmotn\u00e9 odm\u011bny (50 tis\u00edc K\u010d) je \u010dek\u00e1 tak\u00e9 \u00fa\u010dast na zahrani\u010dn\u00ed sout\u011b\u017ei. Tradi\u010dn\u00ed pod\u00edvanou pro \u017eeny i mu\u017ee bude sout\u011b\u017e v natur\u00e1ln\u00edm fitness, pro nehtov\u00e9 design\u00e9rky je p\u0159ipraveno ka\u017edoro\u010dn\u00ed Mistrovstv\u00ed \u010cR v nail designu.<\/p>\n<p>Dal\u0161\u00ed novinkou ve veletr\u017en\u00edch sout\u011b\u017e\u00edch bude mezin\u00e1rodn\u00ed sout\u011b\u017e design\u00e9r\u016f Fashion Games, stejn\u011b jako prvn\u00ed ro\u010dn\u00edk sout\u011b\u017ee pro zru\u010dn\u00e9 pedik\u00e9rky \u201eInternational Beauty Foot Cup Czech\u201c, kde hodnota sponzorsk\u00fdch dar\u016f pro sout\u011b\u017e\u00edc\u00ed p\u0159evy\u0161uje 160 tis\u00edc korun.<\/p>\n<p>Skv\u011bl\u00e9 p\u0159\u00edpravky a kosmetick\u00e9 p\u0159\u00edstroje budou jako ka\u017edoro\u010dn\u011b odm\u011bn\u011bny v sout\u011b\u017ei produkt\u016f mimo\u0159\u00e1dn\u00e9 kvality BEAUTY EXPO &amp; PROKOS PRODUCTS AWARD.<\/p>\n<p>Nab\u00eddku \u0161irok\u00e9 palety z\u00e1\u017eitk\u016f ze sv\u011bta kr\u00e1sy, m\u00f3dy a \u017eivotn\u00edho stylu zp\u0159\u00edjemn\u00ed nezapomenuteln\u00e1 atmosf\u00e9ra veletrhu, nab\u00eddky mnoh\u00fdch zkr\u00e1\u0161lovac\u00edch slu\u017eeb zdarma \u010di za velice p\u0159\u00edzniv\u00e9 ceny. Dal\u0161\u00ed z\u00e1\u017eitky m\u016f\u017ee p\u0159in\u00e9st i n\u00e1v\u0161t\u011bva okoln\u00edch akc\u00ed: veletrhu dekorac\u00ed FOR DEKOR &amp; HOME, veletrhu Sb\u011bratel, Miner\u00e1ly a drah\u00e9 kameny a Bijou Expo.<\/p>\n<p>Fotogalerii z p\u0159ede\u0161l\u00fdch akc\u00ed, videa, aktualizovan\u00fd program jako\u017eto i dal\u0161\u00ed informace o veletrhu najdete na na\u0161em webu a Facebooku:<\/p>\n<p>WEB: www.WorldOfBeauty.cz nebo www.BeautyExpo.cz nebo www.KosmetickyVeletrh.cz<br \/>Facebook: www.FaceBook.com\/KosmetickyVeletrh<\/p>\n<p>Program veletrhu naleznete na www.BeautyExpo.cz\/program.<\/p>\n<p>Let\u00e1k veletrhu: www.BeautyExpo.cz\/letak<\/p>\n<p>Dal\u0161\u00ed informace naleznete na webu: www.BeautyExpo.cz\/beautyinfo<\/p>\n<p>Video z minul\u00fdch ro\u010dn\u00edk\u016f: www.BeautyExpo.cz\/video<\/p>\n<p>FACEBOOK: www.FaceBook.com\/KosmetickyVeletrh<\/p>\n<p>Otev\u0159eno p\u00e1tek 8. 9. a sobota 9. 9. 2017 od 10:00 do 18:00 hod.<br \/>Vstupn\u00e9 130,- K\u010d \/den na m\u00edst\u011b u pokladny.<br \/>Studenti odborn\u00fdch \u0161kol s doprovodem a vybran\u00e9 slevov\u00e9 kupony \u2013 sleva 50% = 65,- K\u010d.<br \/>P\u0159edprodej za 110,- K\u010d \/den a zlevn\u011bn\u00e1 vstupenka za 90,- K\u010d \/den po registraci na FaceBooku nebo na www.BeautyExpo.cz\/vstupenka\/<br \/>P\u0159edprodej kon\u010d\u00ed ve st\u0159edu 6. 9. 2017 v 23:59 a platba je mo\u017en\u00e1 pouze bankovn\u00edm p\u0159evodem na \u00fa\u010det, nebo jako QR platba.<br \/>D\u011bti do 14ti let a dr\u017eitel\u00e9 ZTP zdarma.<\/p>\n<p>T\u00fdm veletrhu WORLD OF BEAUTY &amp; SPA V\u00e1m p\u0159eje p\u0159\u00edjemn\u00fd pobyt na veletrhu!<br \/>SOUB\u011a\u017dN\u00c9 AKCE V ARE\u00c1LU PVA EXPO PRAHA<br \/>Kdo bude m\u00edt je\u0161t\u011b \u010das a chu\u0165, jist\u011b nav\u0161t\u00edv\u00ed dal\u0161\u00ed veletrhy v are\u00e1lu: <br \/>FOR DEKOR &amp; HOME<br \/>SB\u011aRATEL<br \/>MINER\u00c1LY A DRAH\u00c9 KAMENY<br \/>VINYL &amp; STEREO EXPO (pouze sobota 9. z\u00e1\u0159\u00ed 2017)<\/p>\n<p>ZDROJ: PVA<br \/>www.pva.cz<\/p>\n<p>(-jh-)<\/p>\n<p>\u00a0<\/p>\n<p><img loading=\"lazy\" class=\" size-full wp-image-273\" src=\"https:\/\/jananews.cz\/wp-content\/uploads\/2017\/08\/worldofbeauty2017_1.jpg\" alt=\"\" width=\"611\" height=\"444\" srcset=\"https:\/\/jananews.cz\/wp-content\/uploads\/2017\/08\/worldofbeauty2017_1.jpg 1436w, https:\/\/jananews.cz\/wp-content\/uploads\/2017\/08\/worldofbeauty2017_1-300x218.jpg 300w, https:\/\/jananews.cz\/wp-content\/uploads\/2017\/08\/worldofbeauty2017_1-1024x744.jpg 1024w, https:\/\/jananews.cz\/wp-content\/uploads\/2017\/08\/worldofbeauty2017_1-768x558.jpg 768w\" sizes=\"(max-width: 611px) 100vw, 611px\" \/><\/p>\n<p><img loading=\"lazy\" class=\" size-full wp-image-274\" src=\"https:\/\/jananews.cz\/wp-content\/uploads\/2017\/08\/worldofbeauty2017_2.jpg\" alt=\"\" width=\"611\" height=\"408\" srcset=\"https:\/\/jananews.cz\/wp-content\/uploads\/2017\/08\/worldofbeauty2017_2.jpg 1499w, https:\/\/jananews.cz\/wp-content\/uploads\/2017\/08\/worldofbeauty2017_2-300x200.jpg 300w, https:\/\/jananews.cz\/wp-content\/uploads\/2017\/08\/worldofbeauty2017_2-1024x684.jpg 1024w, https:\/\/jananews.cz\/wp-content\/uploads\/2017\/08\/worldofbeauty2017_2-768x513.jpg 768w\" sizes=\"(max-width: 611px) 100vw, 611px\" \/><\/p>\n<p><img loading=\"lazy\" class=\" size-full wp-image-275\" src=\"https:\/\/jananews.cz\/wp-content\/uploads\/2017\/08\/worldofbeauty2017_4.jpg\" alt=\"\" width=\"611\" height=\"408\" srcset=\"https:\/\/jananews.cz\/wp-content\/uploads\/2017\/08\/worldofbeauty2017_4.jpg 1499w, https:\/\/jananews.cz\/wp-content\/uploads\/2017\/08\/worldofbeauty2017_4-300x200.jpg 300w, https:\/\/jananews.cz\/wp-content\/uploads\/2017\/08\/worldofbeauty2017_4-1024x684.jpg 1024w, https:\/\/jananews.cz\/wp-content\/uploads\/2017\/08\/worldofbeauty2017_4-768x513.jpg 768w\" sizes=\"(max-width: 611px) 100vw, 611px\" \/><\/p>\n<p><img loading=\"lazy\" class=\" size-full wp-image-276\" src=\"https:\/\/jananews.cz\/wp-content\/uploads\/2017\/08\/worldovbeauty2017_3.jpg\" alt=\"\" width=\"614\" height=\"409\" srcset=\"https:\/\/jananews.cz\/wp-content\/uploads\/2017\/08\/worldovbeauty2017_3.jpg 1500w, https:\/\/jananews.cz\/wp-content\/uploads\/2017\/08\/worldovbeauty2017_3-300x200.jpg 300w, https:\/\/jananews.cz\/wp-content\/uploads\/2017\/08\/worldovbeauty2017_3-1024x683.jpg 1024w, https:\/\/jananews.cz\/wp-content\/uploads\/2017\/08\/worldovbeauty2017_3-768x512.jpg 768w\" sizes=\"(max-width: 614px) 100vw, 614px\" \/><\/p>\n<p>\u00a0<\/p>\n","protected":false},"excerpt":{"rendered":"<p>PRAHA: Br\u00e1ny are\u00e1lu PVA EXPO PRAHA &#8211; LET\u0147ANY se otev\u0159ou ve dnech 8. &#8211; 9. z\u00e1\u0159\u00ed kosmetick\u00e9mu veletrhu WORLD OF BEAUTY &amp; SPA. Jako ka\u017edoro\u010dn\u011b se zde sejde odborn\u00e1 a \u0161irok\u00e1 ve\u0159ejnost, aby se sezn\u00e1mili s nejnov\u011bj\u0161\u00edmi slu\u017ebami, v\u00fdrobky a trendy vystavovatel\u016f. Pro o\u010dek\u00e1van\u00fdch dvacet tis\u00edc n\u00e1v\u0161t\u011bvn\u00edk\u016f nab\u00eddne sv\u00e9 novinky i tradi\u010dn\u00ed v\u00fdrobky t\u00e9m\u011b\u0159 350<\/p>\n","protected":false},"author":1,"featured_media":273,"comment_status":"open","ping_status":"open","sticky":false,"template":"","format":"standard","meta":[],"categories":[8],"tags":[],"_links":{"self":[{"href":"https:\/\/jananews.cz\/index.php\/wp-json\/wp\/v2\/posts\/277"}],"collection":[{"href":"https:\/\/jananews.cz\/index.php\/wp-json\/wp\/v2\/posts"}],"about":[{"href":"https:\/\/jananews.cz\/index.php\/wp-json\/wp\/v2\/types\/post"}],"author":[{"embeddable":true,"href":"https:\/\/jananews.cz\/index.php\/wp-json\/wp\/v2\/users\/1"}],"replies":[{"embeddable":true,"href":"https:\/\/jananews.cz\/index.php\/wp-json\/wp\/v2\/comments?post=277"}],"version-history":[{"count":0,"href":"https:\/\/jananews.cz\/index.php\/wp-json\/wp\/v2\/posts\/277\/revisions"}],"wp:featuredmedia":[{"embeddable":true,"href":"https:\/\/jananews.cz\/index.php\/wp-json\/wp\/v2\/media\/273"}],"wp:attachment":[{"href":"https:\/\/jananews.cz\/index.php\/wp-json\/wp\/v2\/media?parent=277"}],"wp:term":[{"taxonomy":"category","embeddable":true,"href":"https:\/\/jananews.cz\/index.php\/wp-json\/wp\/v2\/categories?post=277"},{"taxonomy":"post_tag","embeddable":true,"href":"https:\/\/jananews.cz\/index.php\/wp-json\/wp\/v2\/tags?post=277"}],"curies":[{"name":"wp","href":"https:\/\/api.w.org\/{rel}","templated":true}]}}