{"id":280,"date":"2017-08-23T09:40:29","date_gmt":"2017-08-23T07:40:29","guid":{"rendered":"http:\/\/www.jananews.cz\/WP\/index.php\/2017\/08\/23\/world-of-beauty-spa-svet-plny-kosmetiky-a-krasy\/"},"modified":"2017-08-23T09:40:29","modified_gmt":"2017-08-23T07:40:29","slug":"world-of-beauty-spa-svet-plny-kosmetiky-a-krasy","status":"publish","type":"post","link":"https:\/\/jananews.cz\/index.php\/2017\/08\/23\/world-of-beauty-spa-svet-plny-kosmetiky-a-krasy\/","title":{"rendered":"WORLD OF BEAUTY &#038; SPA \u2013 Sv\u011bt pln\u00fd kosmetiky a kr\u00e1sy"},"content":{"rendered":"<p>PRAHA &#8211; Rezervujte si v di\u00e1\u0159i term\u00edn 8. a 9. z\u00e1\u0159\u00ed 2017, jeliko\u017e se v modern\u00edch hal\u00e1ch are\u00e1lu PVA EXPO PRAHA \u2013 LET\u0147ANY op\u011bt uskute\u010dn\u00ed veletrh kosmetiky, kr\u00e1sy a zdrav\u00e9ho \u017eivotn\u00edho stylu WORLD OF BEAUTY &amp; SPA. V \u0161irok\u00e9m z\u00e1b\u011bru veletrhu si p\u0159ijde ka\u017ed\u00fd na sv\u00e9. Prohl\u00e9dnout a vyzkou\u0161et m\u016f\u017eete stovky zn\u00e1m\u00fdch a presti\u017en\u00edch zna\u010dek profesion\u00e1ln\u00ed kosmetiky spolu s p\u0159\u00edpravky pro wellness a spa. Stejn\u011b tak m\u016f\u017eete p\u0159ij\u00edt vyzkou\u0161et na vlastn\u00ed k\u016f\u017ei kosmetiku a dal\u0161\u00ed produkty pro fin\u00e1ln\u00ed spot\u0159ebitele.<\/p>\n<p>  <!--more-->  <\/p>\n<p>Pokud tou\u017e\u00edte dov\u011bd\u011bt se v\u00edce o t\u00e9matech, jako je aromaterapie, regenerace, alternativn\u00ed p\u00e9\u010de o zdrav\u00ed \u010di angi-aging, nev\u00e1hejte nav\u0161t\u00edvit odborn\u00fd program. T\u00e9mata i praktick\u00e9 uk\u00e1zky budou prezentovat nejen p\u0159edn\u00ed odborn\u00edci z kosmetick\u00e9ho oboru, ale t\u00e9\u017e odborn\u00edci na mas\u00e1\u017ee a fyzioterapii, podiatrii, akupresuru, kosmetiku pozitivn\u011b ovliv\u0148uj\u00edc\u00ed duchovn\u00ed sf\u00e9ru \u010dlov\u011bka a dal\u0161\u00ed obory.<\/p>\n<p>V pod\u00e1n\u00ed p\u0159edn\u00edch viz\u00e1\u017eist\u016f Pavla Bauera a \u0160t\u011bp\u00e1nky Podrou\u017ekov\u00e9 p\u0159edstav\u00edme nejnov\u011bj\u0161\u00ed trendy v l\u00ed\u010den\u00ed, \u00fa\u010desesch i od\u00edv\u00e1n\u00ed \u2013 look 2017\/2018. Na podiu tak\u00e9 p\u0159edvede sv\u00e9 \u00fasp\u011b\u0161n\u00e9 kade\u0159nick\u00e9 show Honza Hlav\u00e1\u010dek, Martin Lou\u017eeck\u00fd, Romana Topinkov\u00e1, Honza \u0160pilar a dal\u0161\u00ed \u00fasp\u011b\u0161n\u00ed kade\u0159n\u00edci i v\u00fdherci sout\u011b\u017e\u00ed. Velk\u00fd z\u00e1jem tak\u00e9 zajist\u00e9 vzbud\u00ed m\u00f3dn\u00ed p\u0159ehl\u00eddky v pod\u00e1n\u00ed \u0159ady \u010cesk\u00fdch miss a dal\u0161\u00edch zn\u00e1m\u00fdch tv\u00e1\u0159\u00ed show businessu za \u00fa\u010dasti p\u0159edn\u00edch n\u00e1vrh\u00e1\u0159\u016f, butik\u016f a od\u011bvn\u00edch zna\u010dek.<\/p>\n<p>T\u011b\u0161it se m\u016f\u017eete tak\u00e9 na presti\u017en\u00ed sout\u011b\u017en\u00ed kl\u00e1n\u00ed, kter\u00e1 k programu neodmysliteln\u011b pat\u0159\u00ed. Tentokr\u00e1t k \u201ehighlights\u201c pat\u0159\u00ed Mistrovstv\u00ed \u010cesk\u00e9 republiky v make-upu, po\u0159\u00e1dan\u00e9 Pavlem Bauerem na t\u00e9ma \u201eBlue Dahlia\u201c. Na p\u00f3diu se utk\u00e1 sedm kosmeti\u010dek a viz\u00e1\u017eistek, je\u017e se kvalifikovaly ze sout\u011b\u017ee Unie kosmeti\u010dek po\u0159\u00e1dan\u00e9 v \u00fachvatn\u00fdch prostor\u00e1ch Kaiser\u0161tejnsk\u00e9ho pal\u00e1ce. V\u00edt\u011bzka zavr\u0161\u00ed sout\u011b\u017een\u00ed na presti\u017en\u00edm Mezin\u00e1rodn\u00edm mistrovstv\u00ed v D\u00fcsseldorfu.<\/p>\n<p>Pro kosmeti\u010dky a viz\u00e1\u017eistky je p\u0159ichyst\u00e1na nov\u00e1 atraktivn\u00ed sout\u011b\u017e \u201eFace Airbrush Make-up Open\u201c. Pro \u0161ikovn\u00e9 kade\u0159n\u00edky \u2013 vybran\u00e9 finalisty \u2013 je op\u011bt vyhl\u00e1\u0161ena obl\u00edben\u00e1 sout\u011b\u017e nap\u0159\u00ed\u010d kade\u0159nick\u00fdm sv\u011btem INSPIRACE 2018, kter\u00e1 je tentokr\u00e1t zam\u011b\u0159ena na odbornost \u2013 kvalitu st\u0159ihu a barvu. Auto\u0159i \u010dtrn\u00e1cti nejlep\u0161\u00edch prac\u00ed, vybran\u00fdch porotou podle fotografi\u00ed, se utkaj\u00ed p\u0159\u00edmo na p\u00f3diu. Krom\u011b finan\u010dn\u00ed i hmotn\u00e9 odm\u011bny (50 tis\u00edc K\u010d) je \u010dek\u00e1 tak\u00e9 \u00fa\u010dast na zahrani\u010dn\u00ed sout\u011b\u017ei. Tradi\u010dn\u00ed pod\u00edvanou pro \u017eeny i mu\u017ee bude sout\u011b\u017e v natur\u00e1ln\u00edm fitness, pro nehtov\u00e9 design\u00e9rky je p\u0159ipraveno ka\u017edoro\u010dn\u00ed Mistrovstv\u00ed \u010cR v nail designu.<\/p>\n<p>Dal\u0161\u00ed novinkou ve veletr\u017en\u00edch sout\u011b\u017e\u00edch bude mezin\u00e1rodn\u00ed sout\u011b\u017e design\u00e9r\u016f Fashion Games, stejn\u011b jako prvn\u00ed ro\u010dn\u00edk sout\u011b\u017ee pro zru\u010dn\u00e9 pedik\u00e9rky \u201eInternational Beauty Foot Cup Czech\u201c, kde hodnota sponzorsk\u00fdch dar\u016f pro sout\u011b\u017e\u00edc\u00ed p\u0159evy\u0161uje 160 tis\u00edc korun.<\/p>\n<p>Skv\u011bl\u00e9 p\u0159\u00edpravky a kosmetick\u00e9 p\u0159\u00edstroje budou jako ka\u017edoro\u010dn\u011b odm\u011bn\u011bny v sout\u011b\u017ei produkt\u016f mimo\u0159\u00e1dn\u00e9 kvality BEAUTY EXPO &amp; PROKOS PRODUCTS AWARD.<\/p>\n<p>Nab\u00eddku \u0161irok\u00e9 palety z\u00e1\u017eitk\u016f ze sv\u011bta kr\u00e1sy, m\u00f3dy a \u017eivotn\u00edho stylu zp\u0159\u00edjemn\u00ed nezapomenuteln\u00e1 atmosf\u00e9ra veletrhu, nab\u00eddky mnoh\u00fdch zkr\u00e1\u0161lovac\u00edch slu\u017eeb zdarma \u010di za velice p\u0159\u00edzniv\u00e9 ceny. Dal\u0161\u00ed z\u00e1\u017eitky m\u016f\u017ee p\u0159in\u00e9st i n\u00e1v\u0161t\u011bva okoln\u00edch akc\u00ed: veletrhu dekorac\u00ed FOR DEKOR &amp; HOME, veletrhu Sb\u011bratel, Miner\u00e1ly a drah\u00e9 kameny a Bijou Expo.<\/p>\n<p>Fotogalerii z p\u0159ede\u0161l\u00fdch akc\u00ed, videa, aktualizovan\u00fd program jako\u017eto i dal\u0161\u00ed informace o veletrhu najdete na na\u0161em webu a Facebooku:<\/p>\n<p>WEB: www.WorldOfBeauty.cz nebo www.BeautyExpo.cz nebo <a href=\"http:\/\/www.KosmetickyVeletrh.cz\">www.KosmetickyVeletrh.cz<\/a><br \/>Facebook: <a href=\"http:\/\/www.FaceBook.com\/KosmetickyVeletrh\">www.FaceBook.com\/KosmetickyVeletrh<\/a><\/p>\n<p>Zdroj: PVA<br \/>(-jh-)<\/p>\n<p><a href=\"http:\/\/www.pva.cz\">www.pva.cz<\/a><\/p>\n<p><img loading=\"lazy\" class=\" size-full wp-image-278\" src=\"https:\/\/jananews.cz\/wp-content\/uploads\/2017\/08\/worldofbeauty_zari2017_2.jpg\" alt=\"\" width=\"640\" height=\"426\" srcset=\"https:\/\/jananews.cz\/wp-content\/uploads\/2017\/08\/worldofbeauty_zari2017_2.jpg 640w, https:\/\/jananews.cz\/wp-content\/uploads\/2017\/08\/worldofbeauty_zari2017_2-300x200.jpg 300w\" sizes=\"(max-width: 640px) 100vw, 640px\" \/><\/p>\n<p>Takto l\u00ed\u010d\u00ed v\u00edt\u011bzka sout\u011b\u017ee Ad\u00e9la And\u011bla Bursov\u00e1&#8230;<\/p>\n<p>\u00a0<\/p>\n<p><img loading=\"lazy\" class=\" size-full wp-image-279\" src=\"https:\/\/jananews.cz\/wp-content\/uploads\/2017\/08\/worldofbeauty_zari2017_1.jpg\" alt=\"\" width=\"640\" height=\"426\" srcset=\"https:\/\/jananews.cz\/wp-content\/uploads\/2017\/08\/worldofbeauty_zari2017_1.jpg 640w, https:\/\/jananews.cz\/wp-content\/uploads\/2017\/08\/worldofbeauty_zari2017_1-300x200.jpg 300w\" sizes=\"(max-width: 640px) 100vw, 640px\" \/><\/p>\n<p>\u00a0<\/p>\n","protected":false},"excerpt":{"rendered":"<p>PRAHA &#8211; Rezervujte si v di\u00e1\u0159i term\u00edn 8. a 9. z\u00e1\u0159\u00ed 2017, jeliko\u017e se v modern\u00edch hal\u00e1ch are\u00e1lu PVA EXPO PRAHA \u2013 LET\u0147ANY op\u011bt uskute\u010dn\u00ed veletrh kosmetiky, kr\u00e1sy a zdrav\u00e9ho \u017eivotn\u00edho stylu WORLD OF BEAUTY &amp; SPA. V \u0161irok\u00e9m z\u00e1b\u011bru veletrhu si p\u0159ijde ka\u017ed\u00fd na sv\u00e9. Prohl\u00e9dnout a vyzkou\u0161et m\u016f\u017eete stovky zn\u00e1m\u00fdch a presti\u017en\u00edch zna\u010dek<\/p>\n","protected":false},"author":1,"featured_media":278,"comment_status":"open","ping_status":"open","sticky":false,"template":"","format":"standard","meta":[],"categories":[8],"tags":[],"_links":{"self":[{"href":"https:\/\/jananews.cz\/index.php\/wp-json\/wp\/v2\/posts\/280"}],"collection":[{"href":"https:\/\/jananews.cz\/index.php\/wp-json\/wp\/v2\/posts"}],"about":[{"href":"https:\/\/jananews.cz\/index.php\/wp-json\/wp\/v2\/types\/post"}],"author":[{"embeddable":true,"href":"https:\/\/jananews.cz\/index.php\/wp-json\/wp\/v2\/users\/1"}],"replies":[{"embeddable":true,"href":"https:\/\/jananews.cz\/index.php\/wp-json\/wp\/v2\/comments?post=280"}],"version-history":[{"count":0,"href":"https:\/\/jananews.cz\/index.php\/wp-json\/wp\/v2\/posts\/280\/revisions"}],"wp:featuredmedia":[{"embeddable":true,"href":"https:\/\/jananews.cz\/index.php\/wp-json\/wp\/v2\/media\/278"}],"wp:attachment":[{"href":"https:\/\/jananews.cz\/index.php\/wp-json\/wp\/v2\/media?parent=280"}],"wp:term":[{"taxonomy":"category","embeddable":true,"href":"https:\/\/jananews.cz\/index.php\/wp-json\/wp\/v2\/categories?post=280"},{"taxonomy":"post_tag","embeddable":true,"href":"https:\/\/jananews.cz\/index.php\/wp-json\/wp\/v2\/tags?post=280"}],"curies":[{"name":"wp","href":"https:\/\/api.w.org\/{rel}","templated":true}]}}