{"id":284,"date":"2017-08-27T22:06:50","date_gmt":"2017-08-27T20:06:50","guid":{"rendered":"http:\/\/www.jananews.cz\/WP\/index.php\/2017\/08\/27\/tv-rockparada-zari-2017\/"},"modified":"2017-08-27T22:06:50","modified_gmt":"2017-08-27T20:06:50","slug":"tv-rockparada-zari-2017","status":"publish","type":"post","link":"https:\/\/jananews.cz\/index.php\/2017\/08\/27\/tv-rockparada-zari-2017\/","title":{"rendered":"TV ROCKPAR\u00c1DA \u2013 z\u00e1\u0159\u00ed 2017"},"content":{"rendered":"<p>PRAHA &#8211; V z\u00e1\u0159\u00ed se m\u016f\u017eete t\u011b\u0161it na L\u00e1\u010fu K\u0159\u00ed\u017eka a Jirku Raina &#8211; KREYSON, d\u00e1le na basov\u00e9ho kytaristu Karla Adama z MOTORBANDU a jako t\u0159et\u00ed host p\u0159ijal pozv\u00e1n\u00ed Karel Kol\u010dava, zp\u011bv\u00e1k a kytarista skupiny VLNY.<\/p>\n<p>  <!--more-->  <\/p>\n<p>Co v\u0161echno v\u00e1s tu je\u0161t\u011b \u010dek\u00e1 najdete v upout\u00e1vce na &#8211; https:\/\/youtu.be\/vST4dHnHNCE<\/p>\n<p>Za posl\u00e1n\u00ed jednoho jedin\u00e9ho hlasu va\u0161\u00ed obl\u00edben\u00e9 skupin\u011b bude moci vyhr\u00e1t n\u011bkdo z v\u00e1s velk\u00fd bal\u00edk rockov\u00fdch d\u00e1rk\u016f.<br \/>Premi\u00e9ry:<br \/>&#8211; ned\u011ble\u00a0 3.9.2017 \u2013 od 21 hod. \u2013 TV V1 <br \/>&#8211; \u010dtvrtek 7.9.2017 \u2013 od 20 hod. \u2013 REBEL II. \u2013 slu\u0161nej kan\u00e1l<br \/>D\u00e1le n\u00e1s m\u016f\u017eete sledovat online od 1.9.2017 na:<br \/>&#8211; www.rockparada.cz, kde najdete kompletn\u00ed info v\u010detn\u011b hlasovac\u00ed tabulky<br \/>&#8211; www.youtube.com\/tvrockparadacz<br \/>D\u00e1le jsme na: www.facebook.com\/rockparada<\/p>\n<p>Po\u0159ad\u00ed sout\u011b\u017en\u00edch videoklip\u016f:<br \/>1. ZAK\u00c1ZAN\u00dd OVOCE \u2013 M\u011bsto and\u011bl\u016f \u2013 \u010derven 5.m\u00edsto <br \/>2. VLNY \u2013 Ryb\u00e1\u0159 \u2013 novinka <br \/>3. ALLNEVER \u2013 Z\u00e1vist \u2013 \u010derven 4.m\u00edsto<br \/>4. SAVE THE EMOTION \u2013 Heart Races \u2013 novinka <br \/>5. TRAKTOR \u2013 Letokruhy \u2013 \u010derven 3.m\u00edsto <br \/>6. OBJECT \u2013 Troops of Ignorants \u2013 novinka<br \/>7. KOMUN\u00c1L \u2013 Cik\u00e1nka \u2013 \u010derven 2.m\u00edsto<br \/>8. MOTORBAND \u2013 Kde byl B\u016fh \u2013 novinka<br \/>9. ARGEMA \u2013 Kudy z nudy \u2013 \u010derven 1.m\u00edsto\u00a0\u00a0 <br \/>10. KREYSON \u2013 P\u0159\u00e1telstv\u00ed \u2013 novinka<\/p>\n<p>P\u0159\u00edjemn\u011b str\u00e1venou hodinku s \u010desk\u00fdmi rockery v\u00e1m p\u0159eje za cel\u00fd TV Rockpar\u00e1da team, K\u016fsofka.<\/p>\n<p>zdroj: Petr K\u016fsa, autor po\u0159adu \u2013 Fajn Rock Music Projekt \u2013 2015 \u2013 <a href=\"http:\/\/www.fajnrockmusic.cz\">www.fajnrockmusic.cz<\/a><\/p>\n<p>(-jh-)<\/p>\n<p>\u00a0<\/p>\n<p><img loading=\"lazy\" class=\" size-full wp-image-281\" src=\"https:\/\/jananews.cz\/wp-content\/uploads\/2017\/08\/hitparadazari1.jpg\" alt=\"\" width=\"640\" height=\"360\" srcset=\"https:\/\/jananews.cz\/wp-content\/uploads\/2017\/08\/hitparadazari1.jpg 640w, https:\/\/jananews.cz\/wp-content\/uploads\/2017\/08\/hitparadazari1-300x169.jpg 300w\" sizes=\"(max-width: 640px) 100vw, 640px\" \/><\/p>\n<p><img loading=\"lazy\" class=\" size-full wp-image-282\" src=\"https:\/\/jananews.cz\/wp-content\/uploads\/2017\/08\/hitparadazari2.jpg\" alt=\"\" width=\"639\" height=\"480\" srcset=\"https:\/\/jananews.cz\/wp-content\/uploads\/2017\/08\/hitparadazari2.jpg 639w, https:\/\/jananews.cz\/wp-content\/uploads\/2017\/08\/hitparadazari2-300x225.jpg 300w\" sizes=\"(max-width: 639px) 100vw, 639px\" \/><\/p>\n<p><img loading=\"lazy\" class=\" size-full wp-image-283\" src=\"https:\/\/jananews.cz\/wp-content\/uploads\/2017\/08\/hitparadazari3.jpg\" alt=\"\" width=\"639\" height=\"480\" srcset=\"https:\/\/jananews.cz\/wp-content\/uploads\/2017\/08\/hitparadazari3.jpg 639w, https:\/\/jananews.cz\/wp-content\/uploads\/2017\/08\/hitparadazari3-300x225.jpg 300w\" sizes=\"(max-width: 639px) 100vw, 639px\" \/><\/p>\n","protected":false},"excerpt":{"rendered":"<p>PRAHA &#8211; V z\u00e1\u0159\u00ed se m\u016f\u017eete t\u011b\u0161it na L\u00e1\u010fu K\u0159\u00ed\u017eka a Jirku Raina &#8211; KREYSON, d\u00e1le na basov\u00e9ho kytaristu Karla Adama z MOTORBANDU a jako t\u0159et\u00ed host p\u0159ijal pozv\u00e1n\u00ed Karel Kol\u010dava, zp\u011bv\u00e1k a kytarista skupiny VLNY.<\/p>\n","protected":false},"author":1,"featured_media":281,"comment_status":"open","ping_status":"open","sticky":false,"template":"","format":"standard","meta":[],"categories":[7],"tags":[],"_links":{"self":[{"href":"https:\/\/jananews.cz\/index.php\/wp-json\/wp\/v2\/posts\/284"}],"collection":[{"href":"https:\/\/jananews.cz\/index.php\/wp-json\/wp\/v2\/posts"}],"about":[{"href":"https:\/\/jananews.cz\/index.php\/wp-json\/wp\/v2\/types\/post"}],"author":[{"embeddable":true,"href":"https:\/\/jananews.cz\/index.php\/wp-json\/wp\/v2\/users\/1"}],"replies":[{"embeddable":true,"href":"https:\/\/jananews.cz\/index.php\/wp-json\/wp\/v2\/comments?post=284"}],"version-history":[{"count":0,"href":"https:\/\/jananews.cz\/index.php\/wp-json\/wp\/v2\/posts\/284\/revisions"}],"wp:featuredmedia":[{"embeddable":true,"href":"https:\/\/jananews.cz\/index.php\/wp-json\/wp\/v2\/media\/281"}],"wp:attachment":[{"href":"https:\/\/jananews.cz\/index.php\/wp-json\/wp\/v2\/media?parent=284"}],"wp:term":[{"taxonomy":"category","embeddable":true,"href":"https:\/\/jananews.cz\/index.php\/wp-json\/wp\/v2\/categories?post=284"},{"taxonomy":"post_tag","embeddable":true,"href":"https:\/\/jananews.cz\/index.php\/wp-json\/wp\/v2\/tags?post=284"}],"curies":[{"name":"wp","href":"https:\/\/api.w.org\/{rel}","templated":true}]}}