{"id":296,"date":"2017-09-08T10:11:46","date_gmt":"2017-09-08T08:11:46","guid":{"rendered":"http:\/\/www.jananews.cz\/WP\/index.php\/2017\/09\/08\/rozhovor-helena-kubelkova\/"},"modified":"2017-09-08T10:11:46","modified_gmt":"2017-09-08T08:11:46","slug":"rozhovor-helena-kubelkova","status":"publish","type":"post","link":"https:\/\/jananews.cz\/index.php\/2017\/09\/08\/rozhovor-helena-kubelkova\/","title":{"rendered":"ROZHOVOR: Helena Kubelkov\u00e1"},"content":{"rendered":"<p>PRAHA &#8211; Zp\u011bva\u010dka Helena Kubelkov\u00e1 a kapela TETA \u2013 spojen\u00ed, kter\u00e9 fungovalo dlouh\u00e1 l\u00e9ta\u2026 Nyn\u00ed si pov\u00edd\u00e1me na t\u00e9ma jej\u00edho odchodu z TETY a nov\u00e9ho hudebn\u00edho projektu. \u0158\u00edk\u00e1 se, \u017ee na ka\u017ed\u00e9m konci je hezk\u00e9, \u017ee n\u011bco nov\u00e9 za\u010d\u00edn\u00e1. Poj\u010fme si o tom s Helenou popov\u00eddat\u2026<\/p>\n<p>  <!--more-->  <\/p>\n<p><strong>Heleno, co t\u011b vedlo k odchodu z TETY?<\/strong><\/p>\n<p>Bylo toho v\u00edc. V lednu mi zem\u0159el m\u016fj milovan\u00fd man\u017eel, se kter\u00fdm jsem byla dlouh\u00fdch 17 let a kter\u00fd m\u011b sou\u010dasn\u011b prov\u00e1zel p\u0159i m\u00fdch hudebn\u00edch aktivit\u00e1ch. Ve chv\u00edli, kdy ztrat\u00ed\u0161 \u0161t\u00edt, kter\u00fd t\u011b chr\u00e1n\u00ed p\u0159ed lidmi, si najednou uv\u011bdom\u00ed\u0161, \u017ee kapela, kter\u00e1 t\u011b m\u00e1 podr\u017eet, nen\u00ed s tebou na stejn\u00e9 vln\u011b, \u017ee nem\u00e1\u0161 s\u00edlu odr\u00e1\u017eet n\u011bkter\u00e9 nep\u0159\u00edjemn\u00e9 v\u011bci. Je\u0161t\u011b p\u0159ed odchodem m\u00e9ho mu\u017ee jsem c\u00edtila ji\u017e del\u0161\u00ed dobu pot\u0159ebu n\u011bkter\u00e9 v\u011bci ve sv\u00e9m hudebn\u00edm \u017eivot\u011b zm\u011bnit. C\u00edtila jsem, \u017ee se kapela nikam d\u00e1l neposunuje, j\u00e1 nav\u00edc v\u017edy t\u00edhla k tvrd\u0161\u00ed muzice a Teta st\u00e1le v\u00edc \u201em\u011bkla\u201c. V\u00edm, \u017ee muzikanti maj\u00ed tak\u00e9 sv\u00e9 dal\u0161\u00ed hudebn\u00ed aktivity, z\u00e1jmy, rodiny\u2026 a tedy i m\u00e1lo \u010dasu. V\u0161echno se to tak n\u011bjak se\u0161lo\u2026Jen\u017ee j\u00e1 jsem v t\u00e9 dob\u011b v\u00e1\u017en\u011b pot\u0159ebovala, aby mi n\u011bkdo pomohl a oni vedle m\u011b v tu chv\u00edli nebyli, jako kdybych v\u016fbec neexistovala. Mo\u017en\u00e1, \u017ee k m\u00e9mu rozhodnut\u00ed nakonec p\u0159isp\u011bl i fakt, alespo\u0148 jak jsem situaci c\u00edtila j\u00e1, \u017ee jsem toti\u017e pro n\u011b nikdy nebyla v kapele ta spr\u00e1vn\u00e1 osobnost. Tak n\u011bjak jsem c\u00edtila, \u017ee o mn\u011b maj\u00ed pochybnosti ji\u017e t\u00e9m\u011b\u0159 od po\u010d\u00e1tku. Spolupr\u00e1ce sice fungovala \u0159adu let, fanou\u0161ci mo\u017en\u00e1 nic nepoznali, ale v podstat\u011b j\u00e1 sama jsem p\u0159est\u00e1vala v\u011b\u0159it sama sob\u011b. Posledn\u00ed dobou nav\u00edc nastala stagnace co se t\u00fd\u010de nov\u00e9 tvorby. Ned\u011blo se nic. Te\u010f se sna\u017e\u00edm n\u011bkter\u00e9 v\u011bci \u010di z\u00e1le\u017eitosti p\u0159eru\u0161it, omezit, zm\u011bnit \u2013 abych se z toho nezbl\u00e1znila, proto\u017ee jsou chv\u00edle, kdy st\u00e1le c\u00edt\u00edm sv\u00e9ho mu\u017ee v\u0161ude kolem sebe. I kdy\u017e rozum v\u00ed, tak mne n\u011bkter\u00e9 v\u011bci je\u0161t\u011b st\u00e1le p\u0159\u00edli\u0161 zra\u0148uj\u00ed. Pot\u0159ebuji ud\u011blat ve sv\u00e9m \u017eivot\u011b tlustou \u010d\u00e1ru. Po roce a p\u016fl, kdy jsem byla p\u0159i sv\u00e9m um\u00edraj\u00edc\u00edm man\u017eelovi a pak i bolest a smutek po jeho smrti\u2026 jsem u\u017e naprosto psychicky vy\u010derpan\u00e1. Pot\u0159ebuji zase za\u010d\u00edt zkusit norm\u00e1ln\u011b \u017e\u00edt, s nov\u00fdmi v\u011bcmi, nov\u00fdmi lidmi, se vzpom\u00ednkami na to kr\u00e1sn\u00e9, co bylo\u2026<\/p>\n<p><strong>Nov\u00e1 kapela ti ty v\u011bci d\u00e1v\u00e1?<\/strong><\/p>\n<p>Ano, c\u00edt\u00edm, \u017ee o mn\u011b stoj\u00ed jako o osobnost, zp\u011bva\u010dku, par\u0165\u00e1ka. Za\u017e\u00edv\u00e1m to u\u017e t\u00e9m\u011b\u0159 rok \u2013 s klukama v nov\u00e9 kapele jsem za\u010dala zkou\u0161et je\u0161t\u011b za \u017eivota m\u00e9ho man\u017eela, pr\u00e1v\u011b proto, \u017ee jsem c\u00edtila, \u017ee s Tetou to u\u017e nen\u00ed ono. Nen\u00ed to prvn\u00ed okouzlen\u00ed z nov\u00fdch lid\u00ed, je to naprosto racion\u00e1ln\u00ed zhodnocen\u00ed situace. Pokud kapela nevymysl\u00ed za sedm let novou p\u00edsni\u010dku a v situaci, kdy pot\u0159ebuje\u0161 pomoci, jako by neexistovali, je na tom n\u011bco \u0161patn\u011b. V nov\u00e9 kapele u\u017e od za\u010d\u00e1tku spolupr\u00e1ce c\u00edt\u00edm obrovskou vz\u00e1jemnou \u00factu, p\u0159\u00e1telstv\u00ed, pohodu. Jsme jeden celek, parta lid\u00ed, kter\u00e1 si sedla jak po lidsk\u00e9, tak po hudebn\u00ed str\u00e1nce. Nikdo se nad nikoho nepovy\u0161uje, nikdo si na nic nehraje, dohadujeme se p\u0159i tvo\u0159en\u00ed nov\u00fdch v\u011bc\u00ed na rovnocenn\u00e9 \u00farovni a p\u0159itom v\u0161em mne respektuj\u00ed i jako \u017eenu. Jsem jejich hudebn\u00ed par\u0165\u00e1k, nikdy nesmetou moji p\u0159ipom\u00ednku ze stolu, i kdy\u017e samoz\u0159ejm\u011b nemus\u00ed b\u00fdt v\u017edy \u201epo m\u00e9m\u201c a mnohdy tak\u00e9 nen\u00ed :-), ale to je naprosto v po\u0159\u00e1dku. Prost\u011b spolupracujeme na spole\u010dn\u00e9 v\u011bci, s c\u00edlem z\u00edskat ten nejlep\u0161\u00ed v\u00fdsledek.<\/p>\n<p><strong>Pro\u010d mysl\u00ed\u0161, \u017ee t\u011b v tom kapela nechala?<\/strong><\/p>\n<p>Mysl\u00edm, \u017ee nepochopili p\u0159esn\u011b, co se stalo s m\u00fdm \u017eivotem, \u017ee jsem opravdu na dn\u011b \u2013 a j\u00e1 se pot\u0159ebovala z toho dna odrazit. Ano, ud\u011blala jsem n\u011bkter\u00e9 nestandardn\u00ed kroky \u2013 ozn\u00e1mila jsem toti\u017e sv\u016fj odchod p\u0159\u00edmo na podiu na z\u00e1v\u011br koncertu v pra\u017esk\u00e9m rockov\u00e9m klubu Kain. Necht\u011bla jsem se s kluky rozej\u00edt nijak ve zl\u00e9m, ale d\u016fvod, pro\u010d jsem sv\u016fj odchod z Tety ohl\u00e1sila pr\u00e1v\u011b p\u0159ed fanou\u0161ky, byl pouze jedin\u00fd, za\u010d\u00edt znovu, jinak, bez m\u00e9ho mu\u017ee, kter\u00fd byl vlastn\u011b dal\u0161\u00edm i kdy\u017e nehraj\u00edc\u00edm \u010dlenem. Odej\u00edt z kapely, kter\u00e1 pro mne znamenala kus \u017eivota, nebylo v\u016fbec jednoduch\u00e9, ale prost\u011b u\u017e to ne\u0161lo jinak. Ve\u0159ejn\u00e9 ozn\u00e1men\u00ed m\u00e9ho odchodu jsem zvolila proto, \u017ee jsem pot\u0159ebovala ud\u011blat nen\u00e1vratn\u00fd krok. Nen\u00e1vratn\u011b tu informaci vypustit a nem\u00edt u\u017e cestu zp\u011bt. Kdy\u017e to vezmu racion\u00e1ln\u011b, t\u00e9m\u011b\u0159 sedm let nevznikla nov\u00e1 p\u00edsni\u010dka, v kapele nebyl ani moc z\u00e1jem zkou\u0161et, n\u011bco nov\u00e9ho tvo\u0159it. Zkr\u00e1tka, jsem si \u0159\u00edkala, \u017ee m\u016fj odchod asi nikoho nijak zvl\u00e1\u0161\u0165 nerozhod\u00ed. Brala jsem Tetu t\u00e9m\u011b\u0159 jako sou\u010d\u00e1st sv\u00e9 rodiny. Zvl\u00e1\u0161\u0165, kdy\u017e te\u010f \u017e\u00e1dnou rodinu vlastn\u011b nem\u00e1m. Po odchodu m\u00e9ho mu\u017ee jsme z\u016fstaly s dcerou \u00fapln\u011b samy.\u00a0 Respektive o\u010dek\u00e1v\u00e1\u0161, \u017ee kdy\u017e se ti stane n\u011bco zl\u00e9ho, tak t\u011b \u201erodina\u201c podr\u017e\u00ed. Na druhou stranu parta lid\u00ed, se kterou jsem byla jen kr\u00e1tce, to ud\u011blala \u2013 v tom \u0161\u00edlen\u00e9m obdob\u00ed, kdy mi bylo nejh\u016f\u0159, byli moji nov\u00ed spoluhr\u00e1\u010di p\u0159i mn\u011b. Je zaj\u00edmalo, co se mnou je, jak mi je a jestli n\u011bco t\u0159eba nepot\u0159ebuju. D\u0159\u00edve jsme t\u0159eba s Cyrilem (kytaristou) skl\u00e1dali ve zku\u0161ebn\u011b nebo doma. Jamovali jsme, d\u011blali nov\u00e9 p\u00edsni\u010dky, j\u00e1 vym\u00fd\u0161lela melodick\u00e9 linky, texty\u2026. v\u0161echno postupn\u011b ust\u00e1valo. Fanou\u0161ci se ptali, kdy bude nov\u00e9 CD a j\u00e1 u\u017e nev\u011bd\u011bla, co jim m\u00e1m st\u00e1le \u0159\u00edkat. Opravdu to nen\u00ed my\u0161leno nijak ve zl\u00e9m, je to jen popis m\u00fdch pocit\u016f \u2013 pro\u017e\u00edv\u00e1m nejhor\u0161\u00ed obdob\u00ed sv\u00e9ho \u017eivota a lidi, od kter\u00fdch jsem \u010dekala podporu, jako by nebyli. Prost\u011b m\u011b to hodn\u011b ranilo.\u00a0 Pot\u0159ebovala jsem jakoukoliv \u010dinnost, kamar\u00e1dy, rozpt\u00fdlen\u00ed, cokoliv\u2026<\/p>\n<p><strong>M\u016f\u017ee\u0161 sv\u016fj nov\u00fd projekt \u010dten\u00e1\u0159\u016fm p\u0159ibl\u00ed\u017eit?<\/strong><\/p>\n<p>Vznik kapely se d\u00e1 datovat k listopadu 2016. Tehdy mi zavolal buben\u00edk Juno (Zden\u011bk Jung), kter\u00fd se mnou kdysi hr\u00e1l ve skupin\u011b Thyrax, ve chv\u00edli, kdy jsem zrovna \u0159e\u0161ila nep\u0159\u00edjemn\u00fd pracovn\u00ed probl\u00e9m. Man\u017eel byl na tom zdravotn\u011b ji\u017e hodn\u011b \u0161patn\u011b a j\u00e1 jsem na tom nebyla psychicky \u00fapln\u011b nejl\u00edp. Juno volal, proto\u017ee m\u011bl pohromad\u011b kapelu a sh\u00e1n\u011bl zp\u011bv\u00e1ka. V\u011bd\u011bl, \u017ee vyu\u010duji zp\u011bv, a ptal se, jestli o n\u011bkom nev\u00edm. Bylo t\u011b\u017ek\u00e9 mu n\u011bkoho doporu\u010dit, proto\u017ee cht\u011bl n\u011bkoho vyzp\u00edvan\u00e9ho, vhodn\u00e9ho pro tvrdou muziku, ide\u00e1ln\u011b zvykl\u00e9ho na lidi. N\u011bkoho s temperamentem, prost\u011b osobnost, co\u017e je pro rockovou muziku nezbytn\u00e9, a j\u00e1 v tu chv\u00edli nev\u011bd\u011bla o nikom, kdo by tohle v\u0161echno spl\u0148oval. Jak jsme si tak chv\u00edli pov\u00eddali, z n\u011bjak\u00e9ho zvl\u00e1\u0161tn\u00edho popudu jsem se zeptala, zda by jim nevadila zp\u011bva\u010dka :-). Prost\u011b jsem se mu nab\u00eddla sama. Necht\u011bla jsem nic slibovat najisto, v tu chv\u00edli byl pro mne naprostou prioritou man\u017eel. V\u011bd\u011bla jsem, \u017ee jeho stav je velmi v\u00e1\u017en\u00fd, l\u00e9ka\u0159i n\u00e1m ned\u00e1vali \u017e\u00e1dnou nad\u011bji a j\u00e1 nev\u011bd\u011bla dne, hodiny\u2026 Varovala jsem je, \u017ee nev\u00edm, zda budu moci fungovat naplno a zda to n\u011bjakou dobu v\u016fbec p\u016fjde. Ale sou\u010dasn\u011b jsem m\u011bla stra\u0161nou chu\u0165 n\u011bco dal\u0161\u00edho zkusit, abych se ze v\u0161eho \u00fapln\u011b nezbl\u00e1znila \u2013 a tak\u00e9 man\u017eel mne v t\u00e9 dob\u011b v m\u00e9m rozhodnut\u00ed podpo\u0159il. Kluci nev\u00e1hali. Nab\u00eddli mi plnou podporu a uji\u0161t\u011bn\u00ed, \u017ee jim stoj\u00ed za to t\u0159eba i n\u011bkolik m\u011bs\u00edc\u016f nehr\u00e1t, jen kdy\u017e to s nimi zkus\u00edm. Dnes jsem p\u0159esv\u011bd\u010den\u00e1 \u017ee, kapela, kterou jsme dali dohromady, je to, co chci d\u011blat, a v\u00edm, \u017ee ostatn\u00ed to c\u00edt\u00ed stejn\u011b.<\/p>\n<p><strong>Jak to n\u00e1sledn\u011b prob\u00edhalo?<\/strong><\/p>\n<p>Kluci m\u011bli u\u017e n\u011bjak\u00fd reperto\u00e1r zhruba hotov\u00fd, n\u011bjak\u00e9 kostry p\u00edsni\u010dek. \u0160la jsem na prvn\u00ed zkou\u0161ku, v t\u00e9 dob\u011b tam byli je\u0161t\u011b dva kytarist\u00e9. Pozd\u011bji se pak vykrystalizovala pouze \u010dty\u0159\u010dlenn\u00e1 sestava \u2013 tedy kytara, baskytara a bic\u00ed a zp\u011bv. Vznikla tak ucelen\u00e1 sestava \u010dty\u0159 lid\u00ed, kte\u0159\u00ed si naprosto vyhovuj\u00ed jako lidi, jako kamar\u00e1di, muzikanti\u2026 \u0158ekla bych, \u017ee je n\u00e1m a\u017e skoro divn\u00e9, jak moc jsme si vz\u00e1jemn\u011b \u201esedli\u201c :-). \uf04a<\/p>\n<p><strong>Pro\u010d mysl\u00ed\u0161, \u017ee to tak skv\u011ble funguje?<\/strong><\/p>\n<p>Ka\u017ed\u00fd z n\u00e1s toho u\u017e dost za\u017eil, nen\u00ed n\u00e1m 18, m\u00e1me za sebou hodn\u011b kapel, vztah\u016f\u2026 Ale je pravda, \u017ee takovouto lidskou i hudebn\u00ed symbi\u00f3zu za\u017e\u00edv\u00e1m poprv\u00e9 v \u017eivot\u011b. Kluci jsou r\u00e1di, \u017ee s nimi zp\u00edv\u00e1m, a j\u00e1 zase v\u00edm, \u017ee bez kapely jako zp\u011bva\u010dka nejsem nic. Nejsem typ zp\u011bva\u010dky, kter\u00e1 se povy\u0161uje nad kapelu. Je to o vz\u00e1jemn\u00e9m respektu a \u00fact\u011b. Oce\u0148uji, \u017ee m\u011b berou jako rovnocenn\u00e9ho hudebn\u00edho partnera, ale sou\u010dasn\u011b se ke mn\u011b dovedou chovat jako k \u017een\u011b.<\/p>\n<p><strong>Pro\u010d se tvoje kapela nejmenuje prost\u011b Helena Kubelkov\u00e1 nebo nepou\u017e\u00edv\u00e1\u0161 d\u00e1l svoje jm\u00e9no u n\u00e1zvu? Ur\u010dit\u011b by to nal\u00e1kalo v za\u010d\u00e1tku v\u00edc lid\u00ed na koncerty.<\/strong><\/p>\n<p>Dohodli jsme se na pou\u017e\u00edv\u00e1n\u00ed n\u00e1zvu kapely bez m\u00e9ho jm\u00e9na. I kdy\u017e je pravda, \u017ee v promo textech budou uvedeni v\u0161ichni \u010dlenov\u00e9 kapely a ur\u010dit\u011b nebude d\u016fvod k tomu tajit, \u017ee jsem p\u016fsobila v Tet\u011b nebo zp\u00edv\u00e1m v RockOpe\u0159e \u010di jinde. V Tet\u011b jsme pou\u017e\u00edvali u n\u00e1zvu kapely i moje jm\u00e9no, ale v nov\u00e9 kapele to tak u\u017e d\u011blat nechci, chci b\u00fdt prost\u011b funk\u010dn\u00ed a rovnocennou sou\u010d\u00e1st\u00ed celku.<\/p>\n<p><strong>Kdo v kapele skl\u00e1d\u00e1 hudbu, texty?<\/strong><\/p>\n<p>Jak jsem u\u017e zm\u00ednila, v tuhle chv\u00edli m\u00e1 kapela n\u011bjak\u00fd n\u00e1st\u0159el p\u00edsni\u010dek a spole\u010dn\u011b je nyn\u00ed dod\u011bl\u00e1v\u00e1me. Jsem zvykl\u00e1 si d\u011blat sama zp\u011bvov\u00e9 linky i texty, tak\u017ee v tomto sm\u011bru to prob\u00edh\u00e1 i v nov\u00e9 kapele.<\/p>\n<p><strong>Jak\u00e9 m\u00e1te nejbli\u017e\u0161\u00ed pl\u00e1ny?<\/strong><\/p>\n<p>Nejbli\u017e\u0161\u00ed pl\u00e1ny jsou samoz\u0159ejm\u011b d\u00e1t dohromady reperto\u00e1r, nato\u010dit demosn\u00edmky, ud\u011blat promo materi\u00e1l, tj. fotky, klip, webov\u00e9 str\u00e1nky\u2026vyrazit za fanou\u0161ky na koncerty a \u010dekat, jak ty v\u0161echny zm\u011bny a novinky p\u0159ijmou.<\/p>\n<p><strong>Jak to dopadne s Tetou po vzniku t\u00e9to kapely \u2013 bude hr\u00e1t jen z\u0159\u00eddka nebo nebude hr\u00e1t v\u016fbec, p\u0159\u00edpadn\u011b s n\u011bk\u00fdm jin\u00fdm za mikrofonem?<\/strong><\/p>\n<p>Teta m\u016f\u017ee bez probl\u00e9m\u016f fungovat d\u00e1l i beze mne, i kdy\u017e rozhodnut\u00ed bude samoz\u0159ejm\u011b na nich. Ale jak s oblibou \u0159\u00edk\u00e1m, nikdy ne\u0159\u00edkej nikdy \u2013 t\u0159eba je mo\u017en\u00e9, \u017ee si s klukama je\u0161t\u011b v budoucnu n\u011bkdy zazp\u00edv\u00e1m \u2013 je ale samoz\u0159ejm\u011b mo\u017en\u00e9, \u017ee si najdou novou zp\u011bva\u010dku nebo zp\u011bv\u00e1ka. Pokud by si cht\u011bli n\u011bkdy n\u011bkde zahr\u00e1t se mnou, j\u00e1 se ob\u010dasn\u00e9 spolupr\u00e1ci v \u017e\u00e1dn\u00e9m p\u0159\u00edpad\u011b nebr\u00e1n\u00edm, jen chci m\u00edt svou novou kapelu logicky jako prioritu. Jak to dopadne s Tetou, nev\u00edm\u2026 ur\u010dit\u011b jim p\u0159eji dal\u0161\u00ed \u010dinnost a moc jim d\u011bkuji za dlouholetou spolupr\u00e1ci, byl to velk\u00fd kus spole\u010dn\u00e9ho \u017eivota. To, \u017ee to u n\u00e1s posledn\u00ed roky drhlo, byla norm\u00e1ln\u00ed ponorka, vy\u010dp\u011bn\u00ed, pozvoln\u00fd konec. Neode\u0161la jsem v \u017e\u00e1dn\u00e9m p\u0159\u00edpad\u011b s \u00famyslem kapelu po\u0161kodit, nebo na\u0161tvat \u2013 jako lidi jsme byli v\u00edcem\u00e9n\u011b v\u017edycky v pohod\u011b, jen u\u017e jsme nec\u00edtili tak velkou pot\u0159ebu se \u010dasto v\u00eddat a n\u011bco spolu tvo\u0159it. To ale neznamen\u00e1, \u017ee se nem\u016f\u017eeme norm\u00e1ln\u011b d\u00e1l bavit, zaj\u00edt na pivo, nebo spolu ob\u010das n\u011bkde nevystoupit. Ur\u010dit\u011b jim p\u0159eji jen to nejlep\u0161\u00ed.<\/p>\n<p><strong>Kdy se mohou Tvoji fanou\u0161ci t\u011b\u0161it na prvn\u00ed koncert, s novou kapelou a p\u0159\u00edpadn\u011b i nahr\u00e1vku, \u010di klip?<\/strong><\/p>\n<p>P\u0159edpokl\u00e1d\u00e1me, \u017ee bychom mohli m\u00edt reperto\u00e1r hotov\u00fd letos v zim\u011b a za\u010d\u00edt je\u0161t\u011b p\u0159ed koncem roku koncertovat. Nechceme to ale mermomoc\u00ed usp\u011bchat \u2013 uvid\u00ed se. Na\u0161e pl\u00e1ny? Nahr\u00e1vky a klip jsou nutnost\u00ed. Nejbli\u017e\u0161\u00ed pl\u00e1ny jsou tedy nyn\u00ed hlavn\u011b dod\u011blat reperto\u00e1r, m\u00edt kvalitn\u00ed nahr\u00e1vky, fotky, promotion\u2026 a napl\u00e1novat koncerty. U\u017e se moc t\u011b\u0161\u00edme.<\/p>\n<p><strong>Bav\u00edme se st\u00e1le o nov\u00e9 kapele a nepadlo je\u0161t\u011b jej\u00ed jm\u00e9no ani muzikanti v n\u00ed. Poj\u010fme to nyn\u00ed napravit\u2026<\/strong><\/p>\n<p>Kapelu jsme po dlouh\u00e9m p\u0159em\u00fd\u0161len\u00ed a vym\u00fd\u0161len\u00ed r\u016fzn\u00fdch hovadin, pojmenovali RHEIA. Hrajeme ve slo\u017een\u00ed Zden\u011bk \u201eJuno\u201c Jung &#8211; bic\u00ed, Ondra Stehl\u00edk &#8211; baskytara a Pavel Jel\u00ednek &#8211; kytara. Bude to klasick\u00e1 rockov\u00e1 trojka se s\u00f3lov\u00fdm zp\u011bvem a pro nahr\u00e1vky i koncerty je\u0161t\u011b lad\u00edme n\u011bkter\u00e9 technick\u00e9 vychyt\u00e1vky \u2013 v n\u011bkter\u00fdch p\u00edsni\u010dk\u00e1ch se nejsp\u00ed\u0161 objev\u00ed samply nebo speci\u00e1ln\u00ed efekty \u2013 p\u0159i stylu hudby, kter\u00fd hrajeme, m\u016f\u017ee hran\u00ed ve t\u0159ech p\u016fsobit mo\u017en\u00e1 trochu \u201ehendikepovan\u011b\u201c, d\u00edky absenci druh\u00e9 kytary, kl\u00e1ves, \u010di jin\u00e9ho n\u00e1stroje, ale tyto v\u011bci se pokus\u00edme vy\u0159e\u0161it pomoc\u00ed techniky.<\/p>\n<p><strong>Do jak\u00e9ho hudebn\u00edho stylu bys kapelu za\u0159adila?<\/strong><\/p>\n<p>M\u016f\u017eu ti pustit pracovn\u00ed uk\u00e1zku &#8211; nerada specifikuji \u017e\u00e1nry, nerada p\u0159irovn\u00e1v\u00e1m, ale je to ur\u010dit\u011b o dost tvrd\u0161\u00ed hudba, ne\u017e hr\u00e1la Teta. V\u017edycky jsem cht\u011bla d\u011blat tvrd\u0161\u00ed muziku, ale Teta sp\u00ed\u0161 m\u011bkla. Z toho sam\u00e9ho d\u016fvodu mi je tak\u00e9 velmi bl\u00edzk\u00e9 \u00fa\u010dinkov\u00e1n\u00ed v RockOpe\u0159e Praha. RockOpera je moje, jak se \u0159\u00edk\u00e1, \u201esrde\u010dn\u00ed z\u00e1le\u017eitost\u201c.<\/p>\n<p><strong>Jak vznikaj\u00ed texty?<\/strong><\/p>\n<p>Kdy\u017e skl\u00e1d\u00e1m, mus\u00edm se dostat do n\u011bjak\u00e9 n\u00e1lady\u2026 bohu\u017eel posledn\u00ed obdob\u00ed to byly sp\u00ed\u0161 deprese a smutek \u2013 ale i ty vy\u00fastily v texty. Jeden jsem dokonce slo\u017eila za necel\u00e9 dv\u011b hodiny a p\u0159edch\u00e1zely mu opravdu \u0161\u00edlen\u00e9 stavy, kdy jsem nebyla schopna udr\u017eet ani tu\u017eku \u2013 kluci z kapely mne ale \u201edokopaly\u201c, \u017ee jsem text nakonec napsala a to v extr\u00e9mn\u011b kr\u00e1tk\u00e9m \u010dase. Inspiruj\u00ed mne k tvo\u0159en\u00ed a j\u00e1 s nimi zapom\u00edn\u00e1m na smutn\u00e9 v\u011bci a p\u00ed\u0161u\u2026\u00a0<\/p>\n<p><strong>Nejen kapela prov\u00e1z\u00ed tv\u016fj hudebn\u00ed \u017eivot. Je t\u011b mo\u017en\u00e9 vid\u011bt i v RockOpe\u0159e Praha.\u00a0 Jak\u00e9 to je, st\u00e1t na p\u00f3diu, v roli herce i zp\u011bv\u00e1ka najednou?<\/strong><\/p>\n<p>RockOpera m\u011b strhla, miluji \u00fa\u010dinkov\u00e1n\u00ed v tomto divadle a m\u00e1m r\u00e1da v\u0161echny sv\u00e9 role. V souboru RockOpery jsem za\u010dala zp\u00edvat zhruba p\u0159ed \u0161esti lety \u2013 divadlo vzniklo daleko d\u0159\u00edve. V\u011bd\u011bla, jsem, \u017ee existuje a jednou mne jedna z jeho zp\u011bva\u010dek pozvala na p\u0159edstaven\u00ed. Zcela mne to uchv\u00e1tilo, nabilo, zl\u00e1kalo\u2026.Je to jedine\u010dn\u00e1 kombinace tvrd\u00e9 rockov\u00e9 hudby a strhuj\u00edc\u00edho p\u00f3diov\u00e9ho show. Znala jsem se sou\u010dasn\u011b se zakladateli RockOpery &#8211;\u00a0 zp\u011bva\u010dkou Pavlou Forest a Milanem Steigerwaldem. Pavla v\u011bd\u011bla, \u017ee u\u010d\u00edm zp\u011bv, a nab\u00eddla mi, zda nechci u\u010dit na konzervato\u0159i, kde zalo\u017eila obor rockov\u00e9ho zp\u011bvu. Jen\u017ee j\u00e1 jsem sice um\u011bla u\u010dit zp\u011bv, ale nem\u011bla jsem hudebn\u00ed vzd\u011bl\u00e1n\u00ed ofici\u00e1ln\u011b nutn\u00e9 pro hudebn\u00ed pedagogiku na t\u00e9to \u0161kole. A tak naprosto spont\u00e1nn\u011b vznikla nab\u00eddka, zda tedy nechci konzervato\u0159 tak\u00e9 vystudovat. Vznikla hodn\u011b paradoxn\u00ed situace. Ji\u017e od druh\u00e9ho dne jsem \u0161kolu nav\u0161t\u011bvovala sou\u010dasn\u011b coby student a pedagog. Bylo to kouzeln\u00e9 obdob\u00ed, m\u00fdm spolu\u017e\u00e1k\u016fm bylo 16 -17 let a \u0159e\u0161ili jsme spole\u010dn\u011b tah\u00e1ky, p\u00edsemky\u2026 prost\u011b super. Bylo to opravdu jedno z m\u00fdch nejhez\u010d\u00edch obdob\u00ed v \u017eivot\u011b. Konzervato\u0159 jsem vystudovala a st\u00e1le v n\u00ed p\u016fsob\u00edm jako profesorka zp\u011bvu. Tahle pr\u00e1ce mne opravdu napl\u0148uje. V roce 2011 jsem dostala v RockOpe\u0159e svou prvn\u00ed roli kr\u00e1lovny z Arga. RockOpera je jedine\u010dn\u00fd projekt \u2013\u00a0 jsme parta lid\u00ed, co funguje a bav\u00ed n\u00e1s to. Je mi velkou ct\u00ed b\u00fdt \u010dlenkou tohoto \u00fa\u017easn\u00e9ho rockov\u00e9ho divadla. Hraji v t\u011bchto rockoper\u00e1ch \u2013 \u201eFaust\u201c, \u201eRomeo a Julie\u201c a \u201e7 proti Th\u00e9b\u00e1m\u201c a v\u0161echny role si moc u\u017e\u00edv\u00e1m. Je\u0161t\u011b prozrad\u00edm se svolen\u00edm tv\u016frc\u016f, \u017ee se p\u0159ipravuje nov\u00e1 horror metalov\u00e1 opera \u201eVym\u00edta\u010d\u201c, ve kter\u00e9 mi byla, k m\u00e9 velk\u00e9 radosti, nab\u00eddnuta t\u00e9\u017e spolupr\u00e1ce. Koncertn\u00ed p\u0159edpremi\u00e9ra je pl\u00e1novan\u00e1 pravd\u011bpodobn\u011b na leto\u0161n\u00ed zimu.<\/p>\n<p><strong>Z\u00edskala jsi tak\u00e9 ned\u00e1vno roli v klasick\u00e9m muzik\u00e1lu v Hybernii. Co t\u011b vedlo k tomu pracovat na komer\u010dn\u00edm, nerockov\u00e9m projektu?<\/strong><\/p>\n<p>Ano, dostala jsem roli v muzik\u00e1lu Romeo a Julie. N\u00e1hodou jsem narazila na konkurz do Hybernie, kde re\u017e\u00edruje Roman \u0160tolpa, kter\u00fd spolupracuje pr\u00e1v\u011b s RockOperou. Moment\u00e1ln\u011b se opravdu pot\u0159ebuji zahrnout prac\u00ed. Dostala jsem sice jen \u201epidiroli\u010dku\u201c, nicm\u00e9n\u011b je to moje prvn\u00ed muzik\u00e1lov\u00e1 role, a a\u010d nezp\u00edvan\u00e1, jen n\u011bkolik dialog\u016f, m\u00e1m z n\u00ed fakt radost. Hraju tam matku Montekovou, co\u017e je paradox, proto\u017ee v RockOpe\u0159e hraji pro zm\u011bnu Kapuletovou. Potkala jsem se tam se spoustou skv\u011bl\u00fdch lid\u00ed a beru to jako dal\u0161\u00ed zku\u0161enost a hlavn\u011b \u00fanik p\u0159ed mno\u017estv\u00edm p\u0159\u00edli\u0161 voln\u00e9ho \u010dasu, kter\u00fd mi v sou\u010dasn\u00e9 dob\u011b neprosp\u00edv\u00e1. Pro\u010d nezkusit i n\u011bco jin\u00e9ho.<\/p>\n<p><strong>Pracovala jsi tak\u00e9 jako re\u017eis\u00e9rka hudebn\u00edho dabingu. Jak to prob\u00edhalo?<\/strong><\/p>\n<p>Dostala jsem kdysi zaj\u00edmavou nab\u00eddku \u2013 posledn\u00edch 10 let jsem d\u011blala hudebn\u00ed re\u017eii dabingu v animovan\u00fdch poh\u00e1dk\u00e1ch Barbie, v seri\u00e1lu Littlest Petshop Pets, My little ponny&#8230; Skl\u00e1dala jsem tak\u00e9 texty, respektive p\u0159eb\u00e1s\u0148ovala p\u0159elo\u017een\u00e9 origin\u00e1l texty tak, aby mohly b\u00fdt v p\u00edsn\u00edch pou\u017eity. Opravdu mne to bav\u00ed. N\u011bkdy m\u00e1m mo\u017enost vyb\u00edrat \u010desk\u00e9 zp\u011bva\u010dky a zp\u011bv\u00e1ky, a ob\u010das si i n\u011bjakou roli zazp\u00edv\u00e1m. Je to pr\u00e1ce v oboru hudby, tedy pro m\u011b p\u0159\u00edjemn\u00e1, rozhodn\u011b p\u0159\u00edjemn\u011bj\u0161\u00ed ne\u017e nap\u0159\u00edklad sed\u011bt n\u011bkde v kancel\u00e1\u0159i, i kdy\u017e jsem kdysi maturovala na ekonomick\u00e9 \u0161kole \ud83d\ude42 Jen je pot\u0159eba si uv\u011bdomit, \u017ee \u010dlov\u011bk v tu chv\u00edli tvo\u0159\u00ed pro d\u011bti \u2013 a ty nemohou poslouchat n\u00e1\u0159ez, kter\u00fd j\u00e1 sama m\u00e1m r\u00e1da. Tak\u00e9 jsem p\u0159i t\u00e9to pr\u00e1ci zjistila, \u017ee hodn\u011b kuri\u00f3zn\u00ed situace p\u0159i studiov\u00e9 pr\u00e1ci je, kdy\u017e \u010dlov\u011bk re\u017e\u00edruje s\u00e1m sebe. M\u00e1m na v\u0161echny zp\u011bv\u00e1ky velk\u00e9 n\u00e1roky a samoz\u0159ejm\u011b ty nejv\u011bt\u0161\u00ed sama na sebe. Tak\u017ee jsem neust\u00e1le p\u0159eb\u00edhala od mikrofonu do re\u017eie a hl\u00eddala, co m\u00e1m kde \u0161patn\u011b. Proto jsem sp\u00ed\u0161 omezila mou aktivn\u00ed \u00fa\u010dast p\u0159i nat\u00e1\u010den\u00ed\u00a0 pouze na re\u017eii a sp\u00ed\u0161 jsem fungovala jako podpora tam, kde bylo pot\u0159eba n\u011bkter\u00fdm zp\u011bva\u010dk\u00e1m a zp\u011bv\u00e1k\u016fm poradit konkr\u00e9tn\u011b, jak co zazp\u00edvat, nebo nafr\u00e1zovat. Velkou v\u00fdhodou u tohoto druhu pr\u00e1ce je, kdy\u017e \u010dlov\u011bk dovede s\u00e1m zp\u00edvat a uk\u00e1\u017ee druh\u00e9mu, jak si to p\u0159esn\u011b p\u0159edstavuje, vy\u0159e\u0161\u00ed p\u0159\u00edpadn\u00e9 probl\u00e9my. Stejn\u011b tak vznik\u00e1 i k re\u017eis\u00e9rovi v\u011bt\u0161\u00ed respekt ze strany t\u011bch, co na nahr\u00e1vce zp\u00edvaj\u00ed.<\/p>\n<p><strong>Krom\u011b vlastn\u00edho zp\u00edv\u00e1n\u00ed p\u0159ipravuje\u0161 tak\u00e9 ji\u017e dlouhou \u0159adu let mlad\u00e9 zp\u011bv\u00e1ky a zp\u011bva\u010dky na aktivn\u00ed koncertov\u00e1n\u00ed jako profesorka zp\u011bvu, u\u010d\u00ed\u0161 i na konzervato\u0159i obor rockov\u00fd zp\u011bv. Jak se ti s mlad\u00fdmi zp\u011bv\u00e1ky spolupracuje? M\u00e1\u0161 n\u011bjak\u00e9ho favorita, kter\u00e9mu fand\u00ed\u0161?<\/strong><\/p>\n<p>Ka\u017ed\u00fd z m\u00fdch student\u016f je osobnost, ka\u017ed\u00fd je jin\u00fd, sv\u016fj a dovede n\u011b\u010d\u00edm zaujmout. Kdy\u017e vyu\u010duji druh\u00e9 zp\u011bv, mus\u00edm si v prv\u00e9 \u0159ad\u011b z\u00edskat jejich d\u016fv\u011bru, proto\u017ee pokud by o mn\u011b pochybovali, nem\u00e1 pak na\u0161e pr\u00e1ce smysl. Ne ka\u017ed\u00e9mu mohu samoz\u0159ejm\u011b sed\u011bt, v\u011bt\u0161inou se mi to ale s m\u00fdmi studenty v tomto sm\u011bru da\u0159\u00ed. Berou m\u011b sp\u00ed\u0161e, jako star\u0161\u00ed sestru, kter\u00e1 se jim sna\u017e\u00ed pomoci, a j\u00e1 jim na opl\u00e1tku d\u00e1v\u00e1m v\u0161e, o \u010dem si mysl\u00edm, \u017ee bude m\u00edt pro jejich budouc\u00ed hudebn\u00ed \u017eivot smysl. D\u00e1v\u00e1m jim ze sebe v\u0161e, aby byli nejlep\u0161\u00edmi. A favorita? Toho nijak zvl\u00e1\u0161\u0165 nem\u00e1m. Je asi logick\u00e9, \u017ee fand\u00edm sv\u00e9 dce\u0159i Ad\u00e9le Kubelkov\u00e9, kter\u00e1 tak\u00e9 studuje na konzervato\u0159i a mysl\u00edm, \u017ee m\u00e1 opravdu talent. Opravdu j\u00ed moc p\u0159eji, aby to dot\u00e1hla v muzice daleko. Stejn\u011b tak bych ale zm\u00ednila aspo\u0148 majitele nejzaj\u00edmav\u011bj\u0161\u00edch hlas\u016f, kter\u00e9 mou v\u00fdukou pro\u0161ly \u2013 nam\u00e1tkou t\u0159eba \u201eAqua girl\u201c \u2013 mlad\u00e1 zp\u011bva\u010dka Mark\u00e9ta Mickov\u00e1 nebo zku\u0161en\u011bj\u0161\u00ed rockov\u00e9 zp\u011bva\u010dky Adriana P\u00edtrov\u00e1 a Zuzana Martincov\u00e1, z chlap\u016f t\u0159eba Ondra \u010cern\u00fd, kter\u00e9ho fanou\u0161ci znaj\u00ed z kapely Dr. Triceratops. Lid\u00ed ale pro\u0161lo mou v\u00fdukou tolik, \u017ee absolutn\u011b nechci nikoho vyvy\u0161ovat nad nik\u00fdm \u2013 pro mne jsou opravdu osobnostmi v\u0161ichni.<\/p>\n<p><strong>Zp\u011bt ke tv\u00e9 nov\u00e9 kapele RHEIA. Jak vid\u00ed\u0161 nejbli\u017e\u0161\u00ed budoucnost?<\/strong><\/p>\n<p>C\u00edt\u00edm moment\u00e1ln\u011b stra\u0161nou pot\u0159ebu zp\u00edvat, v\u0161echnu energii a l\u00e1sku d\u00e1t fanou\u0161k\u016fm \u2013 t\u0159eba i jen p\u00e1r lidem, kte\u0159\u00ed p\u0159ijdou na n\u00e1\u0161 koncert, kter\u00fdm spolu s kapelou ud\u011bl\u00e1me hezk\u00fd den. Nejv\u00edc pro m\u011b osobn\u011b je, kdy\u017e n\u011bkomu sv\u00fdm zp\u011bvem m\u016f\u017eu t\u0159eba jen zlep\u0161it n\u00e1ladu a odch\u00e1z\u00ed dom\u016f s t\u00edm, \u017ee se mu koncert l\u00edbil. Je\u0161t\u011b bych se vr\u00e1tila ke kapele Teta \u2013 po dohod\u011b s autorem hudby kytaristou Cyrilem K\u0159e\u010dkem budeme hr\u00e1t i na\u0161i spole\u010dnou skladbu, ke kter\u00e9 jsem napsala text a slo\u017eila melodickou linku \u2013 hitovku \u201e\u00dat\u011bk p\u0159ed sebou\u201c. V\u011b\u0159\u00edm, \u017ee to m\u00e9 fanou\u0161ky pot\u011b\u0161\u00ed.<\/p>\n<p><strong>Co bys vzk\u00e1zala jako profesorka zp\u011bvu t\u011bm, co cht\u011bj\u00ed zp\u00edvat?<\/strong><\/p>\n<p>Jako velmi d\u016fle\u017eitou v\u011bc v osobnosti zp\u011bv\u00e1ka beru jistou formu pokory. Zp\u011bv\u00e1k, \u010di zp\u011bva\u010dka mus\u00ed b\u00fdt samoz\u0159ejm\u011b osobnost, ale nesm\u00ed m\u00edt pocit, \u017ee nad n\u011bj nikdo nen\u00ed. Prost\u011b takov\u00e9 to ano, um\u00edm zp\u00edvat, ale ano, je\u0161t\u011b na sob\u011b mus\u00edm hodn\u011b pracovat. Nikoho neshazovat, neodsuzovat jen proto, \u017ee um\u00ed t\u0159eba n\u011bco m\u00e9n\u011b ne\u017e j\u00e1. P\u0159ece nen\u00ed d\u016fle\u017eit\u00e9, na jak\u00e9 je kdo v\u00fd\u0161i \u2013 lid\u00e9 maj\u00ed r\u016fzn\u00e9 m\u011b\u0159\u00edtko\u2026 N\u011bkomu se bude l\u00edbit jemn\u00fd hlas, jin\u00fd preferuje nadupan\u00fd zp\u011bv. Typov\u011b se n\u011bkomu m\u016f\u017ee l\u00edbit mr\u0148av\u00e1 \u010dernovlas\u00e1 zp\u011bva\u010dka a jin\u00fd bude preferovat vysokou blond\u00fdnu. To, co jednomu p\u0159ijde o\u0161kliv\u00e9, m\u016f\u017ee druh\u00e9mu p\u0159ij\u00edt kr\u00e1sn\u00e9. V\u017edy sv\u00fdm student\u016fm \u0159\u00edk\u00e1m \u2013 m\u00e1te n\u011bjak\u00fd nedostatek? Ud\u011blejte z n\u011bj p\u0159ednost. Kdy\u017e m\u00e1 t\u0159eba n\u011bjak\u00e1 zp\u011bva\u010dka velk\u00fd zadek, no tak a\u0165 tedy na jevi\u0161t\u011b vtrhne s t\u00edm velk\u00fdm zadkem, ale hlavn\u011b je d\u016fle\u017eit\u00e9, aby byla sv\u00e1. Stejn\u011b tak to m\u016f\u017ee b\u00fdt t\u0159eba vada hlasu \u2013 m\u016f\u017ee zp\u016fsobit zvl\u00e1\u0161tn\u00ed zabarven\u00ed hlasu, kter\u00e9 m\u016f\u017ee b\u00fdt pro fanou\u0161ky skv\u011bl\u00e9. Nikdo z n\u00e1s nen\u00ed dokonal\u00fd. Hodn\u011b d\u016fle\u017eit\u00e1 je psychika, vysv\u011btlit lidem, \u017ee n\u011bkter\u00e9 v\u011bci prost\u011b na sob\u011b zm\u011bnit nemohou. \u010clov\u011bk toti\u017e mus\u00ed p\u0159ijmout p\u0159edev\u0161\u00edm s\u00e1m sebe, pochopit, \u017ee nedokonalost je vlastn\u011b jeden z pozn\u00e1vac\u00edch znak\u016f. Dal\u0161\u00ed v\u011bc\u00ed je, \u017ee oby\u010dejn\u00ed lid\u00e9 nemaj\u00ed r\u00e1di dokonalost. Dne\u0161n\u00ed sv\u011bt je zahlcen \u010dasopisy s modelkami, kter\u00e9 jsou um\u011ble vyretu\u0161ovan\u00e9, a oby\u010dejn\u00ed lid\u00e9 pak maj\u00ed trauma z toho, \u017ee nemaj\u00ed m\u00edry modelek, vzhled, maj\u00ed t\u0159eba celulitidu, nebo n\u011bjakou tu vr\u00e1sku\u2026 A to je \u0161patn\u011b. Ka\u017ed\u00e1 druh\u00e1 modelka m\u00e1 n\u011bjak\u00fd probl\u00e9m, ale na tituln\u00edch str\u00e1nk\u00e1ch \u010dasopis\u016f je dokonal\u00e1. Kolik ale takov\u00fdch dokonal\u00fdch lid\u00ed potk\u00e1te na b\u011b\u017en\u011b ulici? Nedokonalost je vlastn\u011b \u00fa\u017easn\u00e1 v\u011bc, proto\u017ee se na n\u00ed d\u00e1 postavit image. A tak ka\u017ed\u00e9mu, kdo m\u00e1 ze sv\u00e9ho nedostatku n\u011bjak\u00e9 trauma, s oblibou \u0159\u00edk\u00e1m, aby si na tom nedostatku postavil vlastn\u00ed image. Jak jsem ji\u017e zm\u00ednila, d\u016fle\u017eit\u00e1 je ta spr\u00e1vn\u00e1 kombinace pokory a sebev\u011bdom\u00ed. J\u00e1 t\u0159eba \u010dasto sl\u00fdch\u00e1vala, \u017ee \u017e\u00e1dn\u00e1 osobnost nejsem. Spousta lid\u00ed se sna\u017eila zpochybnit mou pr\u00e1ci, kari\u00e9ru\u2026 a\u010dkoliv s odstupem \u010dasu se d\u00e1 \u0159\u00edct, \u017ee mne mo\u017en\u00e1 pr\u00e1v\u011b jejich pochybnosti nutily vyv\u00edjet se d\u00e1l a pracovat na sob\u011b. D\u016fle\u017eit\u00e9 je, si v\u011b\u0159it, nepochybovat. Nen\u00ed dobr\u00e9 cht\u00edt se p\u0159ed\u011bl\u00e1vat k obrazu n\u011bkoho jin\u00e9ho \u2013 i kdy\u017e se sna\u017e\u00edte sebev\u00edc, nakonec ve v\u00e1s stejn\u011b z\u016fst\u00e1v\u00e1 po\u0159\u00e1d pocit vlastn\u00ed nedokonalosti a bezv\u00fdznamnosti\u2026 Pak se dost\u00e1v\u00e1te do f\u00e1ze, kdy se zoufale sna\u017e\u00edte tomu druh\u00e9mu zal\u00edbit, ale on st\u00e1le p\u0159ich\u00e1z\u00ed na nov\u00e9 a nov\u00e9 nedostatky. Chyba je prost\u011b n\u011bkde jinde. Kdo nen\u00ed dobr\u00fd pro jednoho, m\u016f\u017ee b\u00fdt dokonal\u00fd pro n\u011bkoho jin\u00e9ho.<\/p>\n<p><strong>Kdy\u017e v\u00e1s bude cht\u00edt n\u011bkdo pozvat na svou akci, na koho se m\u016f\u017ee obr\u00e1tit?<\/strong><\/p>\n<p>V tuto chv\u00edli \u0159e\u0161\u00edme z\u00e1kladn\u00ed v\u011bci ohledn\u011b fungov\u00e1n\u00ed kapely, ot\u00e1zkou bude i spolupr\u00e1ce s mana\u017eerem, respektive sp\u00ed\u0161 bookerem, proto\u017ee o z\u00e1kladn\u00edch kapeln\u00edch v\u011bcech si chceme rozhodovat v\u00fdhradn\u011b sami. Jak jsem ji\u017e zm\u00ednila, m\u011bli bychom b\u00fdt funk\u010dn\u00ed od konce roku. P\u0159\u00edpadn\u00ed z\u00e1jemci o na\u0161e vystoupen\u00ed n\u00e1m mohou v tuto chv\u00edli ps\u00e1t nab\u00eddky na adresu <a href=\"mailto:info@janamusic.cz\">info@janamusic.cz<\/a>.<\/p>\n<p>Text: JANAMUSIC<br \/>Foto: viz jednotliv\u00ed auto\u0159i.<br \/>Rozhovor je mo\u017eno pou\u017e\u00edt i pro publikov\u00e1n\u00ed v jin\u00fdch m\u00e9di\u00edch. <br \/>U fotografi\u00ed je nutno uv\u00e1d\u011bt jm\u00e9na autor\u016f &#8211; Kate\u0159ina Helmichov\u00e1, Vladim\u00edr Wiesmaier, Martina Jurasov\u00e1 a Nicola Bernard (viz copyright \u00ae).<\/p>\n<p><img loading=\"lazy\" class=\" size-full wp-image-290\" src=\"https:\/\/jananews.cz\/wp-content\/uploads\/2017\/09\/rheia2.jpg\" alt=\"\" width=\"839\" height=\"559\" srcset=\"https:\/\/jananews.cz\/wp-content\/uploads\/2017\/09\/rheia2.jpg 2048w, https:\/\/jananews.cz\/wp-content\/uploads\/2017\/09\/rheia2-300x200.jpg 300w, https:\/\/jananews.cz\/wp-content\/uploads\/2017\/09\/rheia2-1024x683.jpg 1024w, https:\/\/jananews.cz\/wp-content\/uploads\/2017\/09\/rheia2-768x512.jpg 768w, https:\/\/jananews.cz\/wp-content\/uploads\/2017\/09\/rheia2-1536x1024.jpg 1536w\" sizes=\"(max-width: 839px) 100vw, 839px\" \/><\/p>\n<p><img loading=\"lazy\" class=\" size-full wp-image-291\" src=\"https:\/\/jananews.cz\/wp-content\/uploads\/2017\/09\/rheia1.jpg\" alt=\"\" width=\"839\" height=\"559\" srcset=\"https:\/\/jananews.cz\/wp-content\/uploads\/2017\/09\/rheia1.jpg 2048w, https:\/\/jananews.cz\/wp-content\/uploads\/2017\/09\/rheia1-300x200.jpg 300w, https:\/\/jananews.cz\/wp-content\/uploads\/2017\/09\/rheia1-1024x683.jpg 1024w, https:\/\/jananews.cz\/wp-content\/uploads\/2017\/09\/rheia1-768x512.jpg 768w, https:\/\/jananews.cz\/wp-content\/uploads\/2017\/09\/rheia1-1536x1024.jpg 1536w\" sizes=\"(max-width: 839px) 100vw, 839px\" \/><\/p>\n<p><img loading=\"lazy\" class=\" size-full wp-image-292\" src=\"https:\/\/jananews.cz\/wp-content\/uploads\/2017\/09\/helenakubelkova1.jpg\" alt=\"\" width=\"326\" height=\"512\" srcset=\"https:\/\/jananews.cz\/wp-content\/uploads\/2017\/09\/helenakubelkova1.jpg 326w, https:\/\/jananews.cz\/wp-content\/uploads\/2017\/09\/helenakubelkova1-191x300.jpg 191w\" sizes=\"(max-width: 326px) 100vw, 326px\" \/>\u00a0 <img loading=\"lazy\" class=\" size-full wp-image-293\" src=\"https:\/\/jananews.cz\/wp-content\/uploads\/2017\/09\/helenakubelkova2.jpg\" alt=\"\" width=\"366\" height=\"549\" srcset=\"https:\/\/jananews.cz\/wp-content\/uploads\/2017\/09\/helenakubelkova2.jpg 1365w, https:\/\/jananews.cz\/wp-content\/uploads\/2017\/09\/helenakubelkova2-200x300.jpg 200w, https:\/\/jananews.cz\/wp-content\/uploads\/2017\/09\/helenakubelkova2-683x1024.jpg 683w, https:\/\/jananews.cz\/wp-content\/uploads\/2017\/09\/helenakubelkova2-768x1152.jpg 768w, https:\/\/jananews.cz\/wp-content\/uploads\/2017\/09\/helenakubelkova2-1024x1536.jpg 1024w\" sizes=\"(max-width: 366px) 100vw, 366px\" \/><\/p>\n<p><img loading=\"lazy\" class=\" size-full wp-image-294\" src=\"https:\/\/jananews.cz\/wp-content\/uploads\/2017\/09\/helenakubelkova3.jpg\" alt=\"\" width=\"698\" height=\"465\" srcset=\"https:\/\/jananews.cz\/wp-content\/uploads\/2017\/09\/helenakubelkova3.jpg 2048w, https:\/\/jananews.cz\/wp-content\/uploads\/2017\/09\/helenakubelkova3-300x200.jpg 300w, https:\/\/jananews.cz\/wp-content\/uploads\/2017\/09\/helenakubelkova3-1024x683.jpg 1024w, https:\/\/jananews.cz\/wp-content\/uploads\/2017\/09\/helenakubelkova3-768x512.jpg 768w, https:\/\/jananews.cz\/wp-content\/uploads\/2017\/09\/helenakubelkova3-1536x1024.jpg 1536w\" sizes=\"(max-width: 698px) 100vw, 698px\" \/><\/p>\n<p><img loading=\"lazy\" class=\" size-full wp-image-295\" src=\"https:\/\/jananews.cz\/wp-content\/uploads\/2017\/09\/helenakubelkova4.jpg\" alt=\"\" width=\"697\" height=\"464\" srcset=\"https:\/\/jananews.cz\/wp-content\/uploads\/2017\/09\/helenakubelkova4.jpg 2048w, https:\/\/jananews.cz\/wp-content\/uploads\/2017\/09\/helenakubelkova4-300x200.jpg 300w, https:\/\/jananews.cz\/wp-content\/uploads\/2017\/09\/helenakubelkova4-1024x683.jpg 1024w, https:\/\/jananews.cz\/wp-content\/uploads\/2017\/09\/helenakubelkova4-768x512.jpg 768w, https:\/\/jananews.cz\/wp-content\/uploads\/2017\/09\/helenakubelkova4-1536x1024.jpg 1536w\" sizes=\"(max-width: 697px) 100vw, 697px\" \/><\/p>\n<p>\u00a0<\/p>\n","protected":false},"excerpt":{"rendered":"<p>PRAHA &#8211; Zp\u011bva\u010dka Helena Kubelkov\u00e1 a kapela TETA \u2013 spojen\u00ed, kter\u00e9 fungovalo dlouh\u00e1 l\u00e9ta\u2026 Nyn\u00ed si pov\u00edd\u00e1me na t\u00e9ma jej\u00edho odchodu z TETY a nov\u00e9ho hudebn\u00edho projektu. \u0158\u00edk\u00e1 se, \u017ee na ka\u017ed\u00e9m konci je hezk\u00e9, \u017ee n\u011bco nov\u00e9 za\u010d\u00edn\u00e1. Poj\u010fme si o tom s Helenou popov\u00eddat\u2026<\/p>\n","protected":false},"author":1,"featured_media":290,"comment_status":"open","ping_status":"open","sticky":false,"template":"","format":"standard","meta":[],"categories":[7],"tags":[],"_links":{"self":[{"href":"https:\/\/jananews.cz\/index.php\/wp-json\/wp\/v2\/posts\/296"}],"collection":[{"href":"https:\/\/jananews.cz\/index.php\/wp-json\/wp\/v2\/posts"}],"about":[{"href":"https:\/\/jananews.cz\/index.php\/wp-json\/wp\/v2\/types\/post"}],"author":[{"embeddable":true,"href":"https:\/\/jananews.cz\/index.php\/wp-json\/wp\/v2\/users\/1"}],"replies":[{"embeddable":true,"href":"https:\/\/jananews.cz\/index.php\/wp-json\/wp\/v2\/comments?post=296"}],"version-history":[{"count":0,"href":"https:\/\/jananews.cz\/index.php\/wp-json\/wp\/v2\/posts\/296\/revisions"}],"wp:featuredmedia":[{"embeddable":true,"href":"https:\/\/jananews.cz\/index.php\/wp-json\/wp\/v2\/media\/290"}],"wp:attachment":[{"href":"https:\/\/jananews.cz\/index.php\/wp-json\/wp\/v2\/media?parent=296"}],"wp:term":[{"taxonomy":"category","embeddable":true,"href":"https:\/\/jananews.cz\/index.php\/wp-json\/wp\/v2\/categories?post=296"},{"taxonomy":"post_tag","embeddable":true,"href":"https:\/\/jananews.cz\/index.php\/wp-json\/wp\/v2\/tags?post=296"}],"curies":[{"name":"wp","href":"https:\/\/api.w.org\/{rel}","templated":true}]}}