{"id":299,"date":"2017-10-30T16:33:29","date_gmt":"2017-10-30T15:33:29","guid":{"rendered":"http:\/\/www.jananews.cz\/WP\/index.php\/2017\/10\/30\/rozhovor-eva-hurychova\/"},"modified":"2017-10-30T16:33:29","modified_gmt":"2017-10-30T15:33:29","slug":"rozhovor-eva-hurychova","status":"publish","type":"post","link":"https:\/\/jananews.cz\/index.php\/2017\/10\/30\/rozhovor-eva-hurychova\/","title":{"rendered":"ROZHOVOR: Eva Hurychov\u00e1"},"content":{"rendered":"<p style=\"padding-left: 30px;\">PRAHA &#8211; Ev\u011b Hurychov\u00e9, zn\u00e1m\u00e9 zp\u011bva\u010dce 80. let vy\u0161el v l\u00e9t\u011b nov\u00fd LP vinyl s n\u00e1zvem \u201eChybi\u010dka se vloud\u00ed \u2013 hity a rarity\u201c. Obsahuje 13 hitov\u00fdch a hlavn\u011b raritn\u00edch skladeb z Evina archivu, kde se na\u0161ly i nahr\u00e1vky z r. 1977, tak\u017ee sv\u011btlo sv\u011bta spat\u0159ily 31 let od vyd\u00e1n\u00ed jej\u00edho debutov\u00e9ho vinylov\u00e9ho elp\u00ed\u010dka \u201eDnes na tom z\u00e1le\u017e\u00ed\u201c. Limitovanou s\u00e9rii t\u00e9to novinky vydalo hudebn\u00ed vydavatelstv\u00ed MG Music v distribuci Supraphon, v edici Retro.<\/p>\n<p>  <!--more-->  <\/p>\n<p style=\"padding-left: 30px;\"><strong>Evo, co t\u011b inspirovalo k vyd\u00e1n\u00ed alba?<\/strong> <br \/>Mus\u00edm up\u0159esnit, \u017ee to byl n\u00e1pad producenta Mirka Gracl\u00edka. Mrzelo ho, \u017ee jsem se s n\u00edm o sv\u016fj archiv nepod\u011blila, a m\u00edsto toho jsem p\u0159i st\u011bhov\u00e1n\u00ed v roce 2015 plno p\u00e1sk\u016f vyhodila do popelnice. Nem\u011bla jsem \u010das p\u00e1sky t\u0159\u00eddit, jen intuitivn\u011b jsem si n\u011bkter\u00e9 nahr\u00e1vky nechala. S kone\u010dn\u00fdm v\u00fdb\u011brem z toho co zbylo, mi na desku tak\u00e9 pom\u00e1haly dnes u\u017e \u010dty\u0159iadvacetilet\u00e9 dcery, kter\u00fdm v tomhle pln\u011b d\u016fv\u011b\u0159uji. Mysl\u00edm, \u017ee tak to m\u00e1 v \u017eivot\u011b rodi\u010d\u016f a d\u011bt\u00ed nebo naopak d\u011bt\u00ed a rodi\u010d\u016f b\u00fdt.\u00a0<\/p>\n<p style=\"padding-left: 30px;\"><strong>Mohou se fanou\u0161ci t\u011b\u0161it tak\u00e9 na koncerty?<\/strong> <br \/>Fanou\u0161k\u016fm se omlouv\u00e1m, ale zat\u00edm \u017e\u00e1dn\u00e9 koncerty nepl\u00e1nuji. Moje cesta se dnes ub\u00edr\u00e1 po jin\u00e9 linii, ne\u017e b\u00fdvalo zp\u00edv\u00e1n\u00ed a koncertov\u00e1n\u00ed. \u0158ekla bych, \u017ee \u017eivot m\u00e1 u ka\u017ed\u00e9ho n\u011bjak\u00fd v\u00fdvoj, kter\u00fd kolikr\u00e1t nabere nep\u0159edpokl\u00e1dan\u00fd sm\u011br, a u m\u011b se to stalo. Douf\u00e1m proto, \u017ee m\u00e9 d\u0159\u00edv\u011bj\u0161\u00ed fanou\u0161ky aspo\u0148 trochu pot\u011b\u0161\u00ed nov\u00e9 vinylov\u00e9 album, koneckonc\u016f vinyl zas p\u0159ich\u00e1z\u00ed do m\u00f3dy, tak\u017ee oboj\u00ed m\u016f\u017ee b\u00fdt jako vzpom\u00ednka na minulou dobu.\u00a0<\/p>\n<p style=\"padding-left: 30px;\"><strong>Jak\u00e1 hudba je ti v sou\u010dasn\u00e9 dob\u011b bl\u00edzk\u00e1?<\/strong><br \/>Hudba je mi bl\u00edzk\u00e1 st\u00e1le, to ur\u010dit\u011b z\u016fstane, jen v n\u00ed m\u00e1m v posledn\u00edch letech n\u011bjakou pauzu. D\u0159\u00edve jsem v\u00edc hr\u00e1la na pi\u00e1no a komponovala, ale jak se \u0159\u00edk\u00e1, nikdy ne\u0159\u00edkej nikdy, t\u0159eba se k tomu za \u010das je\u0161t\u011b vr\u00e1t\u00edm. Nyn\u00ed m\u00e1m p\u0159ed sebou studijn\u00ed a jin\u00e9 povinnosti, kter\u00e9 bych r\u00e1da dokon\u010dila. Odmala ke mn\u011b pat\u0159ila v\u00e1\u017en\u00e1 hudba a potom se p\u0159idala modern\u00ed. Ze zp\u011bva\u010dek m\u00e1m t\u0159eba r\u00e1da Toni Braxton, ale taky plno jin\u00fdch. U n\u00e1s se mi jako zp\u011bv\u00e1k i autor l\u00edb\u00ed Marek Ztracen\u00fd, jeho p\u00edsn\u011b maj\u00ed atmosf\u00e9ru, co\u017e pova\u017euji za d\u016fle\u017eit\u00e9, a zaujaly m\u011b n\u011bkter\u00e9 jeho \u201epi\u00e1novky\u201c. Vzpom\u00ednkov\u011b si ob\u010das r\u00e1da poslechnu skupinu TOTO, ale plno dal\u0161\u00edch, nen\u00ed t\u0159eba vyjmenov\u00e1vat. Hudbu si pust\u00edm podle moment\u00e1ln\u00ed n\u00e1lady.\u00a0\u00a0<\/p>\n<p style=\"padding-left: 30px;\"><strong>Co bys vzk\u00e1zala v\u0161em mlad\u00fdm zp\u011bva\u010dk\u00e1m a zp\u011bv\u00e1k\u016fm, kte\u0159\u00ed jsou zat\u00edm v za\u010d\u00e1tku sv\u00e9 cesty?<\/strong> <br \/>Aby se nenech\u00e1vali ni\u010d\u00edm a nik\u00fdm odradit, pokud sv\u016fj c\u00edl opravdu cht\u011bj\u00ed. N\u011bkdy m\u016f\u017ee b\u00fdt krkolomn\u011bj\u0161\u00ed, kdy se v\u00fdsledek nedostav\u00ed hned, ale i tak stoj\u00ed za to, aby \u0161li d\u00e1l a nevzd\u00e1vali to.<\/p>\n<p style=\"padding-left: 30px;\"><strong>Kde je mo\u017en\u00e9 tv\u00e9 nov\u00e9 album zakoupit?<\/strong> <br \/>V prodejn\u00e1ch Supraphon, nebo tak\u00e9 p\u0159es tento link:<br \/><a href=\"http:\/\/www.gastro-expres.cz\/vinylove-desky\/eva-hurychova---chybicka-se-vloudi-hity-a-rarity\/\">http:\/\/www.gastro-expres.cz\/vinylove-desky\/eva-hurychova&#8212;chybicka-se-vloudi-hity-a-rarity\/<\/a><\/p>\n<p style=\"padding-left: 30px;\"><strong>&#8212;&#8212;&#8212;&#8212;&#8212;&#8212;&#8212;&#8212;&#8211;<\/strong><\/p>\n<p style=\"padding-left: 30px;\"><strong>Kdo je Eva Hurychov\u00e1<\/strong><br \/>Zp\u011bva\u010dka, skladatelka, texta\u0159ka a spisovatelka Eva Hurychov\u00e1 se narodila 25. \u010dervence 1951. Na na\u0161\u00ed hudebn\u00ed sc\u00e9n\u011b se objevila v polovin\u011b sedmdes\u00e1t\u00fdch let minul\u00e9ho stolet\u00ed. \u00dasp\u011b\u0161n\u011b bodovala v anket\u011b popularity Zlat\u00fd slav\u00edk, kde se dr\u017eela kolem des\u00e1t\u00e9ho m\u00edsta, a to hlavn\u011b po spolupr\u00e1ci s Honzou Neck\u00e1\u0159em (bratrem V\u00e1clava) a skupinou Bacily. Prvn\u00ed singl (Jednou \u00fasm\u011bv, jednou pl\u00e1\u010d \/ Vodn\u00edk) j\u00ed vy\u0161el u\u017e v roce 1977. V t\u00e9 dob\u011b zp\u00edvala s formac\u00ed Letokruhy, pozd\u011bji se svou skupinou Drops. Za\u010d\u00e1tkem osmdes\u00e1t\u00fdch let za\u010dala intenzivn\u011bj\u0161\u00ed spolupr\u00e1ci s Honzou Neck\u00e1\u0159em a hned jejich prvn\u00ed, netradi\u010dn\u00ed duet J\u00e1 p\u0159ijdu se stal velk\u00fdm hitem. N\u00e1sledovaly dal\u0161\u00ed jako M\u00e1 sestra Helga, Samolepa L\u00fddie, Hifi, J\u00e1 to zkr\u00e1t\u00edm nebo To chce m\u00edt sv\u016fj syst\u00e9m, za n\u011bj s Honzou v roce 1984 z\u00edskali bronz na festivalu Bratislavsk\u00e1 lyra. Z\u00e1hy vznikly Eviny dal\u0161\u00ed s\u00f3lov\u00e9 hity: Chybi\u010dka se vloud\u00ed, Souhv\u011bzd\u00ed l\u00e1sky, P\u00e9\u0165o, \u010dau, s kter\u00fdmi \u00fasp\u011b\u0161n\u011b hostovala v koncertn\u00edm programu V\u00e1clava Neck\u00e1\u0159e. S jeho bratrem Honzou nat\u00e1\u010dela pro \u010ceskoslovenskou televizi zaj\u00edmav\u00e9 klipy ve stylu inspirovan\u00e9m u n\u00e1s tehdy zak\u00e1zanou tzv. novou vlnou, kter\u00fd se t\u011b\u0161il velk\u00e9mu z\u00e1jmu hlavn\u011b mlad\u00fdch poslucha\u010d\u016f.<\/p>\n<p style=\"padding-left: 30px;\">V roce 1986 Ev\u011b Hurychov\u00e9 vy\u0161lo debutov\u00e9 elp\u00ed\u010dko nahran\u00e9 s Bacily s n\u00e1zvem podle textu Zde\u0148ka Ryt\u00ed\u0159e \u201eDnes na tom z\u00e1le\u017e\u00ed\u201c. Kr\u00e1tce nato Eva vystupovala ve stejnojmenn\u00e9m programu se svou novou doprovodnou skupinou \u201ePudr\u201c. Pozd\u011bji ob\u010das koncertovala s ostravsk\u00fdmi Plame\u0148\u00e1ky, po roce 1989 do roku 1992 \u00fa\u010dinkovala v z\u00e1jezdov\u00fdch po\u0159adech Lu\u010fka Soboty a Jana Ros\u00e1ka.<\/p>\n<p style=\"padding-left: 30px;\">V \u00fanoru 1993 se Eva stala maminkou dvoj\u010dat \u2013 Krist\u00fdnky a Barborky, kter\u00fdm se naplno v\u011bnovala, proto ambice k pokra\u010duj\u00edc\u00ed kari\u00e9\u0159e pov\u011bsila na h\u0159eb\u00edk. V roce 1996 nato\u010dila s Honzou Neck\u00e1\u0159em, Danou Mor\u00e1vkovou a dal\u0161\u00edmi album podle logopedick\u00e9 kn\u00ed\u017eky pro d\u011bti Brousek pro tv\u016fj jaz\u00fd\u010dek. <br \/>V roce 1997 vy\u0161lo Ev\u011b CD s n\u00e1zvem \u201eJ\u00e1 p\u0159ijdu\u201c \u2013 20x Eva Hurychov\u00e1 a dv\u011b nav\u00edc a je\u0161t\u011b i CD singl s nov\u011b nato\u010den\u00fdm hitem J\u00e1 p\u0159ijdu, kde v n\u00ed ke konci roztomile brebent\u00ed Evina dvoj\u010data. V roce 2007 vy\u0161lo Ev\u011b CD Souhv\u011bzd\u00ed l\u00e1sky (Besf of s Bacily) a tak\u00e9 kniha sepsan\u00e1 z jej\u00edch den\u00edk\u016f \u201e\u0158ekla jsem NE tyranovi\u201c. Od t\u00e9ho\u017e roku Eva pom\u00e1h\u00e1 ob\u011btem dom\u00e1c\u00edho n\u00e1sil\u00ed p\u0159es Evinu schr\u00e1nku (evinaschranka@email.cz), kam se ji\u017e obr\u00e1tilo ke t\u0159em tis\u00edc\u016fm osob. Od roku 2014 je \u010dlenkou V\u00fdboru pro prevenci dom\u00e1c\u00edho n\u00e1sil\u00ed a n\u00e1sil\u00ed na \u017een\u00e1ch p\u0159i Rad\u011b vl\u00e1dy pro rovn\u00e9 p\u0159\u00edle\u017eitosti \u017een a mu\u017e\u016f.<br \/>V\u00fdrazn\u00e9 zm\u011bny v Evin\u011b \u017eivot\u011b za\u010daly v \u010dervnu 2013, kdy na Technick\u00e9 univerzit\u011b v Liberci, Kated\u0159e soci\u00e1ln\u00edch studi\u00ed a speci\u00e1ln\u00ed pedagogiky odpromovala s titulem bakal\u00e1\u0159, a tamt\u00e9\u017e v \u010dervnu 2015 s titulem magistr, aktu\u00e1ln\u011b je nyn\u00ed doktorandkou. V l\u00e9t\u011b 2016 zalo\u017eila s dv\u011bma kolegyn\u011bmi Asociaci \u0161kolsk\u00e9 soci\u00e1ln\u00ed pr\u00e1ce v \u010cR, z. s., anga\u017euj\u00ed se k navr\u00e1cen\u00ed \u0161kolsk\u00e9 soci\u00e1ln\u00ed pr\u00e1ce, je\u017e k n\u00e1m pat\u0159ila u\u017e v dob\u011b prezidenta Masaryka, a dnes \u00fasp\u011b\u0161n\u011b funguje v mnoha zem\u00edch na sv\u011bt\u011b, krom\u011b t\u00e9 na\u0161\u00ed.<\/p>\n<p style=\"padding-left: 30px;\"><span style=\"text-decoration: underline;\">Uk\u00e1zka:<\/span><br \/><a href=\"https:\/\/www.youtube.com\/watch?v=lbA7BHmS67Q\">https:\/\/www.youtube.com\/watch?v=lbA7BHmS67Q<\/a> \u00a0 <br \/><a href=\"https:\/\/www.youtube.com\/watch?v=UupwJyfhTc4\">https:\/\/www.youtube.com\/watch?v=UupwJyfhTc4<\/a> \u00a0<br \/><a href=\"http:\/\/www.evahurychova.cz\">www.evahurychova.cz<\/a> \u00a0<br \/><a href=\"http:\/\/www.assp.cz\">www.assp.cz<\/a> \u00a0 <br \/>\u00a0<br \/>Foto: MG Music<\/p>\n<p style=\"padding-left: 30px;\"><img loading=\"lazy\" class=\" size-full wp-image-263\" src=\"https:\/\/jananews.cz\/wp-content\/uploads\/2017\/07\/hurychova1.jpg\" alt=\"\" width=\"417\" height=\"600\" \/><\/p>\n<p style=\"padding-left: 30px;\"><img loading=\"lazy\" class=\" size-full wp-image-264\" src=\"https:\/\/jananews.cz\/wp-content\/uploads\/2017\/07\/hurychova2.jpg\" alt=\"\" width=\"589\" height=\"600\" \/><\/p>\n","protected":false},"excerpt":{"rendered":"<p>PRAHA &#8211; Ev\u011b Hurychov\u00e9, zn\u00e1m\u00e9 zp\u011bva\u010dce 80. let vy\u0161el v l\u00e9t\u011b nov\u00fd LP vinyl s n\u00e1zvem \u201eChybi\u010dka se vloud\u00ed \u2013 hity a rarity\u201c. Obsahuje 13 hitov\u00fdch a hlavn\u011b raritn\u00edch skladeb z Evina archivu, kde se na\u0161ly i nahr\u00e1vky z r. 1977, tak\u017ee sv\u011btlo sv\u011bta spat\u0159ily 31 let od vyd\u00e1n\u00ed jej\u00edho debutov\u00e9ho vinylov\u00e9ho elp\u00ed\u010dka \u201eDnes na<\/p>\n","protected":false},"author":1,"featured_media":263,"comment_status":"open","ping_status":"open","sticky":false,"template":"","format":"standard","meta":[],"categories":[7],"tags":[],"_links":{"self":[{"href":"https:\/\/jananews.cz\/index.php\/wp-json\/wp\/v2\/posts\/299"}],"collection":[{"href":"https:\/\/jananews.cz\/index.php\/wp-json\/wp\/v2\/posts"}],"about":[{"href":"https:\/\/jananews.cz\/index.php\/wp-json\/wp\/v2\/types\/post"}],"author":[{"embeddable":true,"href":"https:\/\/jananews.cz\/index.php\/wp-json\/wp\/v2\/users\/1"}],"replies":[{"embeddable":true,"href":"https:\/\/jananews.cz\/index.php\/wp-json\/wp\/v2\/comments?post=299"}],"version-history":[{"count":0,"href":"https:\/\/jananews.cz\/index.php\/wp-json\/wp\/v2\/posts\/299\/revisions"}],"wp:featuredmedia":[{"embeddable":true,"href":"https:\/\/jananews.cz\/index.php\/wp-json\/wp\/v2\/media\/263"}],"wp:attachment":[{"href":"https:\/\/jananews.cz\/index.php\/wp-json\/wp\/v2\/media?parent=299"}],"wp:term":[{"taxonomy":"category","embeddable":true,"href":"https:\/\/jananews.cz\/index.php\/wp-json\/wp\/v2\/categories?post=299"},{"taxonomy":"post_tag","embeddable":true,"href":"https:\/\/jananews.cz\/index.php\/wp-json\/wp\/v2\/tags?post=299"}],"curies":[{"name":"wp","href":"https:\/\/api.w.org\/{rel}","templated":true}]}}