{"id":305,"date":"2018-01-09T17:09:37","date_gmt":"2018-01-09T16:09:37","guid":{"rendered":"http:\/\/www.jananews.cz\/WP\/index.php\/2018\/01\/09\/cesko-slovensky-mechanicky-betlem-horni-lidec\/"},"modified":"2018-01-09T17:09:37","modified_gmt":"2018-01-09T16:09:37","slug":"cesko-slovensky-mechanicky-betlem-horni-lidec","status":"publish","type":"post","link":"https:\/\/jananews.cz\/index.php\/2018\/01\/09\/cesko-slovensky-mechanicky-betlem-horni-lidec\/","title":{"rendered":"\u010cesko-slovensk\u00fd mechanick\u00fd Betl\u00e9m Horn\u00ed Lide\u010d"},"content":{"rendered":"<p>Pokud pojedete cestou od Vala\u0161sk\u00e9ho Mezi\u0159\u00ed\u010d\u00ed p\u0159es Vl\u00e1rsk\u00fd pr\u016fsmyk na Slovensko sm\u011brem na Tren\u010d\u00edn, nezapome\u0148te si napl\u00e1novat zast\u00e1vku v Horn\u00ed Lid\u010di. Je to obec, ve kter\u00e9 najdete v\u00fdjime\u010dn\u00fd \u010desko-slovensk\u00fd ru\u010dn\u011b vy\u0159ez\u00e1van\u00fd betl\u00e9m s pohybliv\u00fdmi i statick\u00fdmi figurkami a zaj\u00edmav\u00fdmi stavbami z obce a okol\u00ed. Na jeho n\u00e1v\u0161t\u011bvu je t\u0159eba si rezervovat alespo\u0148 hodinku a nejl\u00e9pe p\u0159edem si zavolat a dohodnout term\u00edn. Betl\u00e9m m\u016f\u017eete nav\u0161t\u00edvit celoro\u010dn\u011b, ale jist\u011b ta spr\u00e1vn\u00e1 atmosf\u00e9ra bude p\u0159edev\u0161\u00edm v adventn\u00edm a zimn\u00edm \u010dase.<\/p>\n<p>  <!--more-->  <\/p>\n<p>Na to, \u017ee se bl\u00ed\u017e\u00edte k c\u00edli, v\u00e1s upozorn\u00ed v p\u0159edchoz\u00ed obci Lide\u010dko skaln\u00ed p\u00edskovcov\u00e1 st\u011bna, kter\u00e1 jakoby cht\u011bla p\u0159epa\u017eit cel\u00e9 \u00fadol\u00ed. Mno\u017estv\u00ed svisl\u00fdch puklin \u010dlen\u00ed tento \u00fatvar do mohutn\u00fdch stup\u0148ovit\u011b uspo\u0159\u00e1dan\u00fdch kv\u00e1dr\u016f. Povrch p\u00edskovcov\u00fdch st\u011bn pokr\u00fdvaj\u00ed skaln\u00ed v\u00fdklenky a dutiny. Jsou to \u010certovy sk\u00e1ly, obl\u00edben\u00e9 turistick\u00e9 m\u00edsto, jak pro horolezce, tak pro \u010dast\u00e9 n\u00e1v\u0161t\u011bvn\u00edky. P\u0159\u00edmo za skaln\u00ed hradbou proch\u00e1z\u00ed tak\u00e9 zna\u010den\u00e1 turistick\u00e1 stezka. K tomuto skaln\u00edmu h\u0159ebenu se v\u00e1\u017ee m\u00edstn\u00ed pov\u011bst o \u010dertu, kter\u00fd ho m\u011bl postavit. I tento p\u0159\u00edb\u011bh pozorn\u00fd div\u00e1k mo\u017en\u00e1 najde zpodobn\u011bn\u00fd v nedalek\u00e9m betl\u00e9mu, kter\u00fd je um\u00edst\u011bn v budov\u011b u modern\u00edho kostela, bl\u00edzko kruhov\u00e9ho objezdu v Horn\u00ed Lid\u010di.<\/p>\n<p>\u0158\u00edk\u00e1te si, co zvl\u00e1\u0161tn\u00edho m\u016f\u017ee b\u00fdt na vy\u0159ez\u00e1van\u00e9m betl\u00e9mu? Takov\u00fdch jste u\u017e vid\u011bli?<\/p>\n<p>Tento vala\u0161sk\u00fd je ale zaj\u00edmav\u00fd z v\u00edce d\u016fvod\u016f, pro kter\u00e9 stoj\u00ed za to ho zhl\u00e9dnout. Betl\u00e9msk\u00e1 sc\u00e9na je um\u00edst\u011bna na plo\u0161e 170 m\u00b2, z toho samotn\u00fd betl\u00e9m m\u00e1 plochu 50 m\u00b2. V betl\u00e9mu je osazeno asi 230 figur, z toho 75 pohybliv\u00fdch, v\u00edce ne\u017e 100 vy\u0159ez\u00e1van\u00fdch staveb.<\/p>\n<p>Je to betl\u00e9m \u010desko-slovensk\u00fd, a tak tady uvid\u00edte d\u0159evo\u0159ezby t\u011bch nejzn\u00e1m\u011bj\u0161\u00edch skute\u010dn\u00fdch staveb Zl\u00ednsk\u00e9ho a Tren\u010d\u00ednsk\u00e9 kraje, kter\u00e9 vytvo\u0159ilo 15 \u0159ezb\u00e1\u0159\u016f. Ze \u010dty\u0159iceti t\u011bchto staveb jsou to nap\u0159\u00edklad Svat\u00fd Host\u00fdn, Velehrad, hrad Buchlov, z\u00e1mek Buchlovice, Radho\u0161\u0165, Tren\u010d\u00ednsk\u00fd hrad, \u010cachtice, z\u00e1mek Bojnice, Jurkovi\u010d\u016fv d\u016fm z Luha\u010dovic a dal\u0161\u00ed. \u010c\u00e1st betl\u00e9mu je vyhrazena tak\u00e9 d\u0159ev\u011bn\u00fdm stavb\u00e1m z Horn\u00ed Lid\u010de.\u00a0<\/p>\n<p>Krom\u011b zobrazen\u00ed architektury regionu a star\u00fdch i sou\u010dasn\u00fdch \u0159emesel, v\u00e1s jist\u011b zaujme i ohniv\u00e1 sc\u00e9na, zn\u00e1zor\u0148uj\u00edc\u00ed legendu o z\u00e1chran\u011b obyvatel Host\u00fdna p\u0159i krvav\u00e9m vp\u00e1du Tatar\u016f na toto \u00fazem\u00ed.\u00a0<\/p>\n<p>Specifikem betl\u00e9mu je filmov\u00e1 a multimedi\u00e1ln\u00ed projekce, kter\u00e1 vlastn\u00ed prohl\u00eddku doprov\u00e1z\u00ed pod n\u00e1zvem: \u201eNa \u00fasvitu spole\u010dn\u00fdch d\u011bjin\u201c. N\u00e1v\u0161t\u011bvn\u00edkovi p\u0159ibli\u017euje nejzaj\u00edmav\u011bj\u0161\u00ed historick\u00e9 momenty, ud\u00e1losti, zvyky, star\u00e1 p\u016fvodn\u00ed \u0159emesla tak, jak se v pr\u016fb\u011bhu stalet\u00ed vyv\u00edjel \u017eivot na \u010desko-slovensk\u00e9m pomez\u00ed. B\u011bhem filmov\u00e9 projekce jsou osv\u011btlov\u00e1ny jednotliv\u00e9 monumenty betl\u00e9mu, o kter\u00fdch se v dan\u00e9m okam\u017eiku ve filmu hovo\u0159\u00ed. Podmaniv\u00e1 hudba v\u010detn\u011b doprovodn\u00e9ho slova dotv\u00e1\u0159\u00ed v\u00fdjime\u010dnou atmosf\u00e9ru betl\u00e9msk\u00e9ho p\u0159\u00edb\u011bhu. T\u00edm je tento betl\u00e9m charakteristick\u00fd a mimo\u0159\u00e1dn\u00fd.<\/p>\n<p>Krom\u011b men\u0161\u00edch 75 mechanick\u00fdch a t\u00e9m\u011b\u0159 200 dal\u0161\u00edch figurek, zobrazuj\u00edc\u00edch \u017eivot a \u0159emesla tohoto kraje a velk\u00fdch vy\u0159ez\u00e1van\u00fdch soch Svat\u00e9 rodiny s t\u0159emi kr\u00e1li u jesli\u010dek, je v t\u00e9to betl\u00e9msk\u00e9 sc\u00e9n\u011b v\u011bnov\u00e1na pozornost i dv\u011bma v\u00fdznamn\u00fdm osobnostem slovansk\u00fdch v\u011brozv\u011bst\u016f, bratr\u016fm Cyrilu a Metod\u011bjovi. Z\u00e1rove\u0148 m\u016f\u017eete zkusit uhodnout m\u00edsta spojen\u00e1 s jejich putov\u00e1n\u00edm, proto\u017ee d\u0159evo\u0159ezby ztv\u00e1r\u0148uj\u00edc\u00ed m\u00edsta, je\u017e maj\u00ed spojitost s \u017eivotem Cyrila a Metod\u011bje, jsou um\u00edst\u011bny p\u0159\u00edmo v betl\u00e9msk\u00e9 expozici. K tomu p\u0159isp\u00edv\u00e1 i skute\u010dnost, \u017ee od poloviny roku 2017 byla betl\u00e9msk\u00e1 expozice roz\u0161\u00ed\u0159ena o nov\u00fd filmov\u00fd sn\u00edmek \u201eNa \u00fasvitu spole\u010dn\u00fdch d\u011bjin \u2013 po stop\u00e1ch Cyrila a Metod\u011bje\u201c.<\/p>\n<p>Na konci prohl\u00eddky v\u00e1m pr\u016fvodce uk\u00e1\u017ee stavbu, kterou nikde ve skute\u010dnosti nenajdete, proto\u017ee ji \u0159ezb\u00e1\u0159 vytvo\u0159il jen podle sv\u00e9 fantazie. To m\u016f\u017ee b\u00fdt d\u016fvodem, pro\u010d se sem mus\u00edte vr\u00e1tit, pokud ji budete cht\u00edt vid\u011bt znovu a k tomu v\u00e1s provozovatel\u00e9 expozice r\u00e1di pozvou.\u00a0<\/p>\n<p>Kontakt:<\/p>\n<p><a href=\"http:\/\/www.betlemhornilidec.cz\">http:\/\/www.betlemhornilidec.cz<\/a>\u00a0<\/p>\n<p>Telefon: 737 701 047 (\u00fater\u00fd-ned\u011ble od 10,00-12,00hod. 13,00-16,00hod.)<\/p>\n<p>E-mail: <a href=\"mailto:betlem@hornilidec.cz\">betlem@hornilidec.cz<\/a>\u00a0<\/p>\n<p>Facebookov\u00e1 adresa: <a href=\"http:\/\/www.facebook.com\/betlem.hornilidec\">www.facebook.com\/betlem.hornilidec<\/a>\u00a0\u00a0<\/p>\n<p>GPS: 49\u00b010&#8217;46&#8220; &#8211; 18\u00b003&#8217;46&#8220;<\/p>\n<p>\u00a0<\/p>\n<p>Text: \u0160t\u011bp\u00e1nka Toma\u0161t\u00edkov\u00e1<\/p>\n<p><img loading=\"lazy\" class=\" size-full wp-image-304\" src=\"https:\/\/jananews.cz\/wp-content\/uploads\/2018\/01\/betlem.JPG\" alt=\"\" width=\"719\" height=\"480\" srcset=\"https:\/\/jananews.cz\/wp-content\/uploads\/2018\/01\/betlem.JPG 719w, https:\/\/jananews.cz\/wp-content\/uploads\/2018\/01\/betlem-300x200.jpg 300w\" sizes=\"(max-width: 719px) 100vw, 719px\" \/><\/p>\n","protected":false},"excerpt":{"rendered":"<p>Pokud pojedete cestou od Vala\u0161sk\u00e9ho Mezi\u0159\u00ed\u010d\u00ed p\u0159es Vl\u00e1rsk\u00fd pr\u016fsmyk na Slovensko sm\u011brem na Tren\u010d\u00edn, nezapome\u0148te si napl\u00e1novat zast\u00e1vku v Horn\u00ed Lid\u010di. Je to obec, ve kter\u00e9 najdete v\u00fdjime\u010dn\u00fd \u010desko-slovensk\u00fd ru\u010dn\u011b vy\u0159ez\u00e1van\u00fd betl\u00e9m s pohybliv\u00fdmi i statick\u00fdmi figurkami a zaj\u00edmav\u00fdmi stavbami z obce a okol\u00ed. Na jeho n\u00e1v\u0161t\u011bvu je t\u0159eba si rezervovat alespo\u0148 hodinku a nejl\u00e9pe<\/p>\n","protected":false},"author":1,"featured_media":304,"comment_status":"open","ping_status":"open","sticky":false,"template":"","format":"standard","meta":[],"categories":[7],"tags":[],"_links":{"self":[{"href":"https:\/\/jananews.cz\/index.php\/wp-json\/wp\/v2\/posts\/305"}],"collection":[{"href":"https:\/\/jananews.cz\/index.php\/wp-json\/wp\/v2\/posts"}],"about":[{"href":"https:\/\/jananews.cz\/index.php\/wp-json\/wp\/v2\/types\/post"}],"author":[{"embeddable":true,"href":"https:\/\/jananews.cz\/index.php\/wp-json\/wp\/v2\/users\/1"}],"replies":[{"embeddable":true,"href":"https:\/\/jananews.cz\/index.php\/wp-json\/wp\/v2\/comments?post=305"}],"version-history":[{"count":0,"href":"https:\/\/jananews.cz\/index.php\/wp-json\/wp\/v2\/posts\/305\/revisions"}],"wp:featuredmedia":[{"embeddable":true,"href":"https:\/\/jananews.cz\/index.php\/wp-json\/wp\/v2\/media\/304"}],"wp:attachment":[{"href":"https:\/\/jananews.cz\/index.php\/wp-json\/wp\/v2\/media?parent=305"}],"wp:term":[{"taxonomy":"category","embeddable":true,"href":"https:\/\/jananews.cz\/index.php\/wp-json\/wp\/v2\/categories?post=305"},{"taxonomy":"post_tag","embeddable":true,"href":"https:\/\/jananews.cz\/index.php\/wp-json\/wp\/v2\/tags?post=305"}],"curies":[{"name":"wp","href":"https:\/\/api.w.org\/{rel}","templated":true}]}}