{"id":307,"date":"2018-03-29T13:27:22","date_gmt":"2018-03-29T11:27:22","guid":{"rendered":"http:\/\/www.jananews.cz\/WP\/index.php\/2018\/03\/29\/rockerka-ina-urbanova-zve-na-narozeninovy-koncert-v-kainu\/"},"modified":"2018-03-29T13:27:22","modified_gmt":"2018-03-29T11:27:22","slug":"rockerka-ina-urbanova-zve-na-narozeninovy-koncert-v-kainu","status":"publish","type":"post","link":"https:\/\/jananews.cz\/index.php\/2018\/03\/29\/rockerka-ina-urbanova-zve-na-narozeninovy-koncert-v-kainu\/","title":{"rendered":"Rockerka Ina Urbanov\u00e1 zve na narozeninov\u00fd koncert v Kainu"},"content":{"rendered":"<p>PRAHA &#8211;\u00a0M\u00e1te r\u00e1di kvalitn\u00ed melodick\u00fd rock a z\u00e1rove\u0148 si hodl\u00e1te zp\u0159\u00edjemnit leto\u0161n\u00ed Velikonoce? V tom p\u0159\u00edpad\u011b pro v\u00e1s m\u00e1me skv\u011bl\u00fd tip! V legend\u00e1rn\u00edm pra\u017esk\u00e9m rockov\u00e9m klubu Kain (Husitsk\u00e1 1) se v p\u00e1tek 30. b\u0159ezna 2018 uskute\u010dn\u00ed tradi\u010dn\u00ed narozeninov\u00fd koncert zp\u011bva\u010dky Iny Urbanov\u00e9 a jej\u00ed doprovodn\u00e9 kapely. Hostem ve\u010dera bude skupina R\u016f\u017eov\u00e1 budoucnost, slo\u017een\u00e1 z doktor\u016f, jejich\u017e kon\u00ed\u010dkem je muzika.\u00a0<\/p>\n<p>  <!--more-->  <\/p>\n<p class=\"MsoNormal\">Ina Urbanov\u00e1 (d\u0159\u00edve Ji\u0159ina Urbanov\u00e1) kdysi za\u010d\u00ednala jako popov\u00e1 zp\u011bva\u010dka, je\u017e \u00fa\u010dinkovala se skupinou Saturn Pavla Skalick\u00e9ho a interpretovala hity typu Na kytaru kluci v parku hraj\u00ed. Pot\u00e9 vystupovala s Orchestrem Felixe Slov\u00e1\u010dka, dokonce usp\u011bla i na festivalu v polsk\u00fdch Sopotech. \u010casem se p\u0159eorientovala na rockovou muziku, k n\u00ed\u017e odjak\u017eiva t\u00edhla. Byla \u201efrontwomankou\u201c \u00fasp\u011b\u0161n\u00e9 formace INA &amp; RING, s n\u00ed\u017e nato\u010dila CD Karl\u00edn. Zp\u00edvala v muzik\u00e1lech Vlasy, Jack Rozparova\u010d a Tajemstv\u00ed, zahr\u00e1la si ve filmu Kvaska. Se svoj\u00ed sou\u010dasnou kapelou p\u0159ed dv\u011bma lety vyprodukovala album nazvan\u00e9 Tak takhle asi jo\u2026 Jeho sou\u010d\u00e1st\u00ed jsou i t\u0159i duety s Ale\u0161em Brichtou, na CD zp\u00edvaj\u00ed rovn\u011b\u017e L\u00e1\u010fa \u0160afr\u00e1nek a Richard Tesa\u0159\u00edk.<\/p>\n<p class=\"MsoNormal\">Narozeninov\u00fd koncert Iny Urbanov\u00e9 se m\u011bl uskute\u010dnit u\u017e v \u00fanoru, av\u0161ak z d\u016fvodu nemoci byl p\u0159elo\u017een na Velk\u00fd p\u00e1tek, tedy na 30. b\u0159ezna. Tud\u00ed\u017e se z n\u011bj \u201etak trochu\u201c stane koncert velikono\u010dn\u00ed. Rockov\u00fd klub Kain otev\u0159e dve\u0159e v 19 hodin, jako prvn\u00ed bude hr\u00e1t R\u016f\u017eov\u00e1 budoucnost. Po zhruba p\u016flhodinov\u00e9 p\u0159est\u00e1vce vtrhne na p\u00f3dium INA URBANOV\u00c1 BAND. V r\u00e1mci odv\u00e1zan\u00e9 show zazn\u00ed nejlep\u0161\u00ed skladby z posledn\u00edch dvou alb (T\u0159i patra nad r\u00e1jem a Tak takhle asi jo\u2026) a z\u00e1rove\u0148 n\u011bkolik hit\u016f z Ininy \u201epopov\u00e9\u201c \u00e9ry, av\u0161ak v nov\u00e9m kab\u00e1t\u011b. Mil\u00fdm bonusem mo\u017en\u00e1 budou i dva a\u017e t\u0159i hity Jany Uriel Kratochv\u00edlov\u00e9, ov\u0161em v pod\u00e1n\u00ed Iny Urbanov\u00e9. Zaj\u00edmavost\u00ed je, \u017ee jejich hlasy jsou m\u00edsty pom\u011brn\u011b podobn\u00e9. Co se vstupenek t\u00fd\u010de \u2013 lze je zakoupit po p\u0159\u00edchodu do Kainu. Ti, co doraz\u00ed v\u010das, maj\u00ed velkou \u0161anci, \u017ee na n\u011b zbydou voln\u00e1 m\u00edsta u stolu&#8230;<\/p>\n<p class=\"MsoNormal\">Videoklip k p\u00edsni Ega m\u016f\u017eete zhl\u00e9dnout zde:<\/p>\n<p class=\"MsoNormal\"><a href=\"https:\/\/www.youtube.com\/watch?v=tCQs16-VXuo\">https:\/\/www.youtube.com\/watch?v=tCQs16-VXuo<\/a>\u00a0<\/p>\n<p class=\"MsoNormal\">P\u0159evzato: Halo noviny, autor (za), <a href=\"http:\/\/www.halonoviny.cz\">www.halonoviny.cz<\/a>\u00a0<\/p>\n<p class=\"MsoNormal\">Zdroj: Ina Urbanov\u00e1 Facebook<\/p>\n<p class=\"MsoNormal\"><a href=\"https:\/\/www.facebook.com\/inaurbanovaofficial\">https:\/\/www.facebook.com\/inaurbanovaofficial<\/a><\/p>\n<p class=\"MsoNormal\"><a href=\"http:\/\/www.inaurbanova.cz\/\">http:\/\/www.inaurbanova.cz\/<\/a>\u00a0<\/p>\n<p class=\"MsoNormal\"><img loading=\"lazy\" class=\" size-full wp-image-306\" src=\"https:\/\/jananews.cz\/wp-content\/uploads\/2018\/03\/ina_kain.jpg\" alt=\"\" width=\"600\" height=\"600\" srcset=\"https:\/\/jananews.cz\/wp-content\/uploads\/2018\/03\/ina_kain.jpg 600w, https:\/\/jananews.cz\/wp-content\/uploads\/2018\/03\/ina_kain-300x300.jpg 300w, https:\/\/jananews.cz\/wp-content\/uploads\/2018\/03\/ina_kain-150x150.jpg 150w, https:\/\/jananews.cz\/wp-content\/uploads\/2018\/03\/ina_kain-100x100.jpg 100w\" sizes=\"(max-width: 600px) 100vw, 600px\" \/><\/p>\n<p class=\"MsoNormal\">\u00a0<\/p>\n<p class=\"MsoNormal\">\u00a0<\/p>\n","protected":false},"excerpt":{"rendered":"<p>PRAHA &#8211;\u00a0M\u00e1te r\u00e1di kvalitn\u00ed melodick\u00fd rock a z\u00e1rove\u0148 si hodl\u00e1te zp\u0159\u00edjemnit leto\u0161n\u00ed Velikonoce? V tom p\u0159\u00edpad\u011b pro v\u00e1s m\u00e1me skv\u011bl\u00fd tip! V legend\u00e1rn\u00edm pra\u017esk\u00e9m rockov\u00e9m klubu Kain (Husitsk\u00e1 1) se v p\u00e1tek 30. b\u0159ezna 2018 uskute\u010dn\u00ed tradi\u010dn\u00ed narozeninov\u00fd koncert zp\u011bva\u010dky Iny Urbanov\u00e9 a jej\u00ed doprovodn\u00e9 kapely. Hostem ve\u010dera bude skupina R\u016f\u017eov\u00e1 budoucnost, slo\u017een\u00e1 z doktor\u016f,<\/p>\n","protected":false},"author":1,"featured_media":306,"comment_status":"open","ping_status":"open","sticky":false,"template":"","format":"standard","meta":[],"categories":[7],"tags":[],"_links":{"self":[{"href":"https:\/\/jananews.cz\/index.php\/wp-json\/wp\/v2\/posts\/307"}],"collection":[{"href":"https:\/\/jananews.cz\/index.php\/wp-json\/wp\/v2\/posts"}],"about":[{"href":"https:\/\/jananews.cz\/index.php\/wp-json\/wp\/v2\/types\/post"}],"author":[{"embeddable":true,"href":"https:\/\/jananews.cz\/index.php\/wp-json\/wp\/v2\/users\/1"}],"replies":[{"embeddable":true,"href":"https:\/\/jananews.cz\/index.php\/wp-json\/wp\/v2\/comments?post=307"}],"version-history":[{"count":0,"href":"https:\/\/jananews.cz\/index.php\/wp-json\/wp\/v2\/posts\/307\/revisions"}],"wp:featuredmedia":[{"embeddable":true,"href":"https:\/\/jananews.cz\/index.php\/wp-json\/wp\/v2\/media\/306"}],"wp:attachment":[{"href":"https:\/\/jananews.cz\/index.php\/wp-json\/wp\/v2\/media?parent=307"}],"wp:term":[{"taxonomy":"category","embeddable":true,"href":"https:\/\/jananews.cz\/index.php\/wp-json\/wp\/v2\/categories?post=307"},{"taxonomy":"post_tag","embeddable":true,"href":"https:\/\/jananews.cz\/index.php\/wp-json\/wp\/v2\/tags?post=307"}],"curies":[{"name":"wp","href":"https:\/\/api.w.org\/{rel}","templated":true}]}}