{"id":310,"date":"2018-04-15T14:59:25","date_gmt":"2018-04-15T12:59:25","guid":{"rendered":"http:\/\/www.jananews.cz\/WP\/index.php\/2018\/04\/15\/kytarista-petr-henych-ma-novy-videoklip\/"},"modified":"2018-04-15T14:59:25","modified_gmt":"2018-04-15T12:59:25","slug":"kytarista-petr-henych-ma-novy-videoklip","status":"publish","type":"post","link":"https:\/\/jananews.cz\/index.php\/2018\/04\/15\/kytarista-petr-henych-ma-novy-videoklip\/","title":{"rendered":"Kytarista Petr Henych m\u00e1 nov\u00fd videoklip"},"content":{"rendered":"<p style=\"text-align: left;\"><img loading=\"lazy\" class=\" size-full wp-image-308\" style=\"font-size: 12.16px;\" src=\"https:\/\/jananews.cz\/wp-content\/uploads\/2018\/04\/petrhenych_feverpitch1.jpg\" alt=\"\" width=\"368\" height=\"206\" \/><\/p>\n<p>PRAHA &#8211; Kytarista Petr Henych zve\u0159ejnil nov\u00fd videoklip ke skladb\u011b \u201eFever Pitch. Autorem videoklipu je muzikant Michal Sko\u0159epa, zn\u00e1m\u00fd p\u0159edev\u0161\u00edm ze sv\u00e9ho projektu Stroy. Video vznikalo za\u010d\u00e1tkem roku 2018. Instrument\u00e1ln\u00ed skladba \u201eFever Pitch\u201c je nejnov\u011bj\u0161\u00edm skladatelsk\u00fdm po\u010dinem Petra Henycha, kter\u00fd se instrument\u00e1ln\u00ed hudb\u011b v\u011bnuje v r\u00e1mci sv\u00fdch s\u00f3lov\u00fdch projekt\u016f. Konkr\u00e9tn\u011b tato skladba byla nahr\u00e1na pro kompila\u010dn\u00ed 2CD Radot\u00ednsk\u00e1 hudebn\u00ed sc\u00e9na II,\u00a0 kter\u00e9 vy\u0161lo v lo\u0148sk\u00e9m roce. Fever Pitch Petr Henych nahr\u00e1l za asistence basov\u00e9ho kytaristy Martina Ivana (Michal Pavl\u00ed\u010dek trio, B.S.P., Precedens) a buben\u00edka Luk\u00e1\u0161e Pavl\u00edka (Chinaski), kter\u00fd se postaral i o zvukovou re\u017eii, mix a mastering.<\/p>\n<p>\u00a0<\/p>\n<p>  <!--more-->  <\/p>\n<p>\u00a0<\/p>\n<p>V klipu m\u016f\u017eete vid\u011bt dv\u011b \u010dernob\u00edl\u00e9 varianty kytary Jolana Grazioso PH signature, kterou od roku 2010 vyr\u00e1b\u00ed Ho\u0159ovick\u00e1 firma NBE.\u00a0<\/p>\n<p>Petr Henych &#8211; \u010desk\u00fd rockov\u00fd kytarista na sebe poprv\u00e9 upozornil v roce 1992 v kapele JOHN DOVANNI. V pr\u016fb\u011bhu let p\u016fsobil pak vedle nejv\u00fdrazn\u011bj\u0161\u00edch osobnost\u00ed \u010desk\u00e9 hudebn\u00ed sc\u00e9ny (Ladislav K\u0159\u00ed\u017eek a KREYSON, Vil\u00e9m \u010cok, B\u00e1ra Basikov\u00e1 a PRECEDENS, Pancho, Petr Kol\u00e1\u0159). V roce 2007 Petr Henych s\u00e1m slo\u017eil, nahr\u00e1l a vydal sv\u00e9 prvn\u00ed instrument\u00e1ln\u00ed album \u201eNa vlastn\u00edch rukou\u201c a\u00a0 po kr\u00e1tk\u00e9 dob\u011b zalo\u017eil doprovodn\u00fd band tvo\u0159en\u00fd basistou Martinem Hro\u0148kem a buben\u00edkem Jakubem Homolou. Trio bylo pojmenov\u00e1no G-bod a v jeho reperto\u00e1ru je materi\u00e1l z CD Na vlastn\u00edch rukou, p\u00e1r p\u0159evzat\u00fdch skladeb nap\u0159. Jimiho Hendrixe nebo Joe Satrianiho. V \u010dervenci 2010 vy\u0161lo v po\u0159ad\u00ed druh\u00e9 CD Petra Henycha a jeho kapely G-Bod s n\u00e1zvem \u201ePleasure Trip\u201c. Rok 2018 byl spolu s aktu\u00e1ln\u00edm videoklipem \u201eFever Pitch\u201c tak\u00e9 impulsem k p\u0159ejmenov\u00e1n\u00ed jeho s\u00f3lov\u00e9 kapely na InTrio. Petr Henych je sou\u010dasn\u011b \u010dlenem kapely LEADERS Kamila St\u0159ihavky.<\/p>\n<p>Videoklip lze zhl\u00e9dnout na adrese<\/p>\n<p><a href=\"https:\/\/youtu.be\/943zBYLTl_A\">https:\/\/youtu.be\/943zBYLTl_A<\/a>\u00a0<\/p>\n<p>\u00a0<\/p>\n<p>Ofici\u00e1ln\u00ed internetov\u00e1 prezentace:<\/p>\n<p><a href=\"http:\/\/www.henych.com\">http:\/\/www.henych.com\u00a0<\/a>\u00a0<\/p>\n<p><a href=\"https:\/\/www.facebook.com\/PetrHenychOfficial\/\">https:\/\/www.facebook.com\/PetrHenychOfficial\/<\/a><\/p>\n<p><img loading=\"lazy\" class=\" size-full wp-image-309\" src=\"https:\/\/jananews.cz\/wp-content\/uploads\/2018\/04\/petrhenych_feverpitch2.jpg\" alt=\"\" width=\"589\" height=\"589\" srcset=\"https:\/\/jananews.cz\/wp-content\/uploads\/2018\/04\/petrhenych_feverpitch2.jpg 960w, https:\/\/jananews.cz\/wp-content\/uploads\/2018\/04\/petrhenych_feverpitch2-300x300.jpg 300w, https:\/\/jananews.cz\/wp-content\/uploads\/2018\/04\/petrhenych_feverpitch2-150x150.jpg 150w, https:\/\/jananews.cz\/wp-content\/uploads\/2018\/04\/petrhenych_feverpitch2-768x768.jpg 768w, https:\/\/jananews.cz\/wp-content\/uploads\/2018\/04\/petrhenych_feverpitch2-100x100.jpg 100w\" sizes=\"(max-width: 589px) 100vw, 589px\" \/><\/p>\n<p><img loading=\"lazy\" class=\" size-full wp-image-308\" src=\"https:\/\/jananews.cz\/wp-content\/uploads\/2018\/04\/petrhenych_feverpitch1.jpg\" alt=\"\" width=\"783\" height=\"438\" \/><\/p>\n<p>\u00a0<\/p>\n","protected":false},"excerpt":{"rendered":"<p>PRAHA &#8211; Kytarista Petr Henych zve\u0159ejnil nov\u00fd videoklip ke skladb\u011b \u201eFever Pitch. Autorem videoklipu je muzikant Michal Sko\u0159epa, zn\u00e1m\u00fd p\u0159edev\u0161\u00edm ze sv\u00e9ho projektu Stroy. Video vznikalo za\u010d\u00e1tkem roku 2018. Instrument\u00e1ln\u00ed skladba \u201eFever Pitch\u201c je nejnov\u011bj\u0161\u00edm skladatelsk\u00fdm po\u010dinem Petra Henycha, kter\u00fd se instrument\u00e1ln\u00ed hudb\u011b v\u011bnuje v r\u00e1mci sv\u00fdch s\u00f3lov\u00fdch projekt\u016f. Konkr\u00e9tn\u011b tato skladba byla nahr\u00e1na pro<\/p>\n","protected":false},"author":1,"featured_media":308,"comment_status":"open","ping_status":"open","sticky":false,"template":"","format":"standard","meta":[],"categories":[7],"tags":[],"_links":{"self":[{"href":"https:\/\/jananews.cz\/index.php\/wp-json\/wp\/v2\/posts\/310"}],"collection":[{"href":"https:\/\/jananews.cz\/index.php\/wp-json\/wp\/v2\/posts"}],"about":[{"href":"https:\/\/jananews.cz\/index.php\/wp-json\/wp\/v2\/types\/post"}],"author":[{"embeddable":true,"href":"https:\/\/jananews.cz\/index.php\/wp-json\/wp\/v2\/users\/1"}],"replies":[{"embeddable":true,"href":"https:\/\/jananews.cz\/index.php\/wp-json\/wp\/v2\/comments?post=310"}],"version-history":[{"count":0,"href":"https:\/\/jananews.cz\/index.php\/wp-json\/wp\/v2\/posts\/310\/revisions"}],"wp:featuredmedia":[{"embeddable":true,"href":"https:\/\/jananews.cz\/index.php\/wp-json\/wp\/v2\/media\/308"}],"wp:attachment":[{"href":"https:\/\/jananews.cz\/index.php\/wp-json\/wp\/v2\/media?parent=310"}],"wp:term":[{"taxonomy":"category","embeddable":true,"href":"https:\/\/jananews.cz\/index.php\/wp-json\/wp\/v2\/categories?post=310"},{"taxonomy":"post_tag","embeddable":true,"href":"https:\/\/jananews.cz\/index.php\/wp-json\/wp\/v2\/tags?post=310"}],"curies":[{"name":"wp","href":"https:\/\/api.w.org\/{rel}","templated":true}]}}