{"id":314,"date":"2018-05-01T16:55:52","date_gmt":"2018-05-01T14:55:52","guid":{"rendered":"http:\/\/www.jananews.cz\/WP\/index.php\/2018\/05\/01\/rozhovor-honza-krizek\/"},"modified":"2018-05-01T16:55:52","modified_gmt":"2018-05-01T14:55:52","slug":"rozhovor-honza-krizek","status":"publish","type":"post","link":"https:\/\/jananews.cz\/index.php\/2018\/05\/01\/rozhovor-honza-krizek\/","title":{"rendered":"ROZHOVOR: Honza K\u0159\u00ed\u017eek"},"content":{"rendered":"<p>S\u00f3lov\u00e9 album zp\u011bv\u00e1ka, multiinstrumentalisty a hudebn\u00edho skladatele Honzy K\u0159\u00ed\u017eka vy\u0161lo v listopadu 2017.\u00a0 Se svou kapelou odjel s\u00e9rii koncert\u016f a fanou\u0161ci se mohou t\u011b\u0161it na dal\u0161\u00ed \u017eiv\u00e1 vystoupen\u00ed. Album \u201eHonza K\u0159\u00ed\u017eek\u201c zahrnuje 12 autorsk\u00fdch skladeb a cover verzi zn\u00e1m\u00e9ho hitu skupiny Blue Effect \u201cSlune\u010dn\u00fd Hrob\u201d, a dalo by se charakterizovat slovy: \u201cPoj\u010f se pod\u00edvat, kdo vlastn\u011b jsem\u201c. Pod\u00edvat se m\u016f\u017eete i vy, pokud nav\u0161t\u00edv\u00edte n\u011bkter\u00fd z jeho chystan\u00fdch koncert\u016f, kde m\u016f\u017eete album sly\u0161et na\u017eivo.<\/p>\n<p>  <!--more-->  <\/p>\n<p><img loading=\"lazy\" class=\" size-full wp-image-311\" style=\"font-size: 12.16px;\" src=\"https:\/\/jananews.cz\/wp-content\/uploads\/2018\/05\/honzakrizek3_cd2017.JPG\" alt=\"\" width=\"179\" height=\"158\" srcset=\"https:\/\/jananews.cz\/wp-content\/uploads\/2018\/05\/honzakrizek3_cd2017.JPG 584w, https:\/\/jananews.cz\/wp-content\/uploads\/2018\/05\/honzakrizek3_cd2017-300x264.jpg 300w\" sizes=\"(max-width: 179px) 100vw, 179px\" \/><\/p>\n<p>\u00a0<\/p>\n<p>ROZHOVOR: Honza K\u0159\u00ed\u017eek<\/p>\n<p><strong>V listopadu lo\u0148sk\u00e9ho roku jste vydal svoje prvn\u00ed s\u00f3lov\u00e9 album a v tuto chv\u00edli m\u00e1te odehranou i \u010d\u00e1st koncert\u016f. Jak fanou\u0161ci p\u0159ijmuli va\u0161i prvn\u00ed s\u00f3lovku?<\/strong><\/p>\n<p>Mysl\u00edm, \u017ee poslucha\u010di i fanou\u0161ci na koncertech p\u0159ijali album opravdu skv\u011ble. Od za\u010d\u00e1tku c\u00edt\u00edm obrovskou podporu lid\u00ed jak na koncertech, tak na soci\u00e1ln\u00edch s\u00edt\u00edch.<\/p>\n<p>\u00a0<\/p>\n<p><strong>Jak\u00fd je to pocit po v\u0161ech dosavadn\u00edch hudebn\u00edch aktivit\u00e1ch dr\u017eet kone\u010dn\u011b v ruce prvn\u00edho vlastn\u00edho hudebn\u00edho potomka, respektive va\u0161e autorsk\u00e9 CD?<\/strong><\/p>\n<p>Je to opravdu kr\u00e1sn\u00fd pocit a p\u0159edev\u0161\u00edm chv\u00edle, na kterou jsem \u010dekal opravdu hodn\u011b dlouho!<\/p>\n<p>\u00a0<\/p>\n<p><strong>Kdo se na albu n\u011bjak\u00fdm zp\u016fsobem pod\u00edlel?<\/strong><\/p>\n<p>Na album jsem si nahr\u00e1val t\u00e9m\u011b\u0159 v\u00fdhradn\u011b ve\u0161ker\u00e9 n\u00e1stroje s\u00e1m, producentem byl Dan Friml a kytary ve skladb\u011b Slune\u010dn\u00fd Hrob nahr\u00e1l jedin\u00fd host alba, kytarista Michal Pavl\u00ed\u010dek.<\/p>\n<p>\u00a0<\/p>\n<p><strong>Vyrazil jste se svou k\u016f\u017ei na trh &#8211; jak moc c\u00edt\u00edte rozd\u00edl mezi t\u00edm hr\u00e1t v kapele, j\u00ed\u017e jste pouze \u010dlenem, a v kapele, kde jste vy t\u00edm, kdo \u201eza v\u0161echno m\u016f\u017ee\u201c?\u00a0<\/strong><\/p>\n<p>C\u00edt\u00edm zde rozd\u00edl naprost\u00fd, a\u017e fat\u00e1ln\u00ed. V\u0161echno jsem od za\u010d\u00e1tku vymyslel, zprodukoval a tak\u00e9 zaplatil. A pr\u00e1v\u011b to mi dalo obrovskou zku\u0161enost a pot\u0159ebnou zodpov\u011bdnost nad chodem tohoto projektu. Star\u00e1m se o n\u011bj u\u017e v\u00edc ne\u017e rok tak\u0159ka denn\u011b.<\/p>\n<p>\u00a0<\/p>\n<p><strong>Asi se v\u00e1s pt\u00e1 ka\u017ed\u00fd, ale co bylo nejv\u011bt\u0161\u00edm impulsem k odstartov\u00e1n\u00ed s\u00f3lov\u00e9 kari\u00e9ry? Byla to v\u00edc snaha zkusit st\u00e1t na vlastn\u00edch noh\u00e1ch nebo jednodu\u0161e proto, \u017ee jste postupn\u011b skl\u00e1dal a skl\u00e1dal \u2013 a u\u017e se v\u00e1m p\u00edsni\u010dky neve\u0161ly do \u0161upl\u00edku? \u263a<\/strong><\/p>\n<p>Rozhodn\u011b za t\u00edm stoj\u00ed snaha postavit se na vlastn\u00ed nohy, jako skladatel i jako intepret. V\u017edycky jsem p\u0159em\u00fd\u0161lel, jak\u00e9 to je m\u00edt svou vlastn\u00ed kapelu, jak ji v\u00e9st, jak se o ni starat, kudy zkou\u0161et prorazit a te\u010f je tu ta spr\u00e1vn\u00e1 chv\u00edle to v\u0161echno vyzkou\u0161et.<\/p>\n<p>\u00a0<\/p>\n<p><strong>Je \u010das p\u0159edstavit kapelu\u2026<\/strong><\/p>\n<p>Na bic\u00ed hraje Michal \u201cKolouch\u201d Dan\u011bk, na basu Ondra Hauser a na kytaru David Pavl\u00edk.<\/p>\n<p>\u00a0<\/p>\n<p><strong>R\u00e1da bych se zeptala, co chyst\u00e1te do budoucna\u2026 Co m\u00e1 tak zaj\u00edmav\u00e1 a v\u0161estrann\u011b rozvinut\u00e1 hudebn\u00ed bytost jako jste vy, v pl\u00e1nu? V\u011b\u0159\u00edm, \u017ee pat\u0159\u00edte k lidem, kdo m\u00e1 st\u00e1le co d\u011blat\u2026<\/strong><\/p>\n<p>Krom\u011b koncertov\u00e1n\u00ed s kapelou se velice t\u011b\u0161\u00edm na p\u0159edstaven\u00ed Cirk La Putika: Hit, Tell The Difference, ke kter\u00e9mu jsem d\u011blal vloni hudbu. \u00da\u010dastn\u00ed se ho um\u011blci z cel\u00e9ho sv\u011bta a \u0159ada akrobat\u016f ze Rwandy a vloni o n\u011bm vznikl dokument, kter\u00fd m\u00e1 letos premi\u00e9ru na filmov\u00e9m festivalu v Karlov\u00fdch Varech. D\u00e1l m\u011b \u010dek\u00e1 p\u00e1r koncert\u016f jako pocta Radimu Hlad\u00edkovi a Blue Effect. Kdy\u017e v\u0161e dopadne jak m\u00e1, \u010dek\u00e1 m\u011b skl\u00e1d\u00e1n\u00ed hudby k prvn\u00edmu celove\u010dern\u00edm hran\u00e9m filmu. V neposledn\u00ed \u0159ad\u011b se u\u017e nyn\u00ed v\u011bnuju psan\u00ed p\u00edsni\u010dek na mou druhou autorskou desku.<\/p>\n<p>\u00a0<\/p>\n<p><strong>Kdy\u017e se vr\u00e1t\u00edme k albu, kde se d\u00e1 album koupit?\u00a0<\/strong><\/p>\n<p>Album se d\u00e1 sehnat ve v\u0161ech distribuc\u00edch, kamenn\u00fdch i vitru\u00e1ln\u00edch obchodech, jako supraphonline.cz, iTunes Store, Spotify, Deezer, ap.<\/p>\n<p>\u00a0<\/p>\n<p><strong>D\u011bkuji za rozhovor&#8230;<\/strong><\/p>\n<p>(-jh-)<\/p>\n<p>Rozhovor je mo\u017eno voln\u011b publikovat i na dal\u0161\u00edch webov\u00fdch str\u00e1nk\u00e1ch s uveden\u00edm zdroje JANAMUSIC.<\/p>\n<hr \/>\n<p>Honza K\u0159\u00ed\u017eek, frontman dnes ji\u017e kultovn\u00edch Walk Choc Ice, dlouholet\u00fd hlas Blue Effect, multiinstrumentalista, skladatel filmov\u00e9 a sc\u00e9nick\u00e9 hudby (mj. Zlat\u00fd mu\u017e z Ria nebo Cirk La Putyka), se v listopadu 2017 v\u016fbec poprv\u00e9 ve sv\u00e9 bohat\u00e9 kari\u00e9\u0159e p\u0159edstavil se svou s\u00f3lovou autorskou tvorbou.<\/p>\n<p>Projektu nejprve p\u0159edch\u00e1zelo akustick\u00e9 s\u00f3lov\u00e9 hran\u00ed, do kter\u00e9ho se pustil po konci Blue Effectu, shrnuj\u00edc\u00ed dosavadn\u00ed hudebn\u00ed kari\u00e9ru a p\u0159edstavuj\u00edc\u00ed u\u017e i n\u011bkter\u00e9 nov\u00e9 vlastn\u00ed skladby. Jejich \u00fasp\u011bch u publika mu dodal pot\u0159ebnou energii k dops\u00e1n\u00ed p\u00edsni\u010dek pro cel\u00e9 album, kter\u00e9 pojmenoval jednodu\u0161e \u201eHonza K\u0159\u00ed\u017eek\u201c.<\/p>\n<p>K\u0159\u00ed\u017eek album kompletn\u011b nahr\u00e1l a nazp\u00edval ve studiu The Barn pod producentsk\u00fdm dohledem Dana Frimla (Mean Messiah), kter\u00fd z\u00e1rove\u0148 na nahr\u00e1vku p\u0159isp\u011bl skladbou Planety. Ta je spole\u010dn\u011b s covervez\u00ed pro nejednu generaci z\u00e1sadn\u00edho songu Slune\u010dn\u00fd hrob s hostuj\u00edc\u00edm Michalem Pavl\u00ed\u010dkem jedinou p\u00edsn\u00ed, pod n\u00ed\u017e nen\u00ed Honza podeps\u00e1n coby autor. Zb\u00fdvaj\u00edc\u00ed jeden\u00e1ctka skladeb p\u0159edstavuje b\u00fdval\u00e9ho \u010dlena Kollerbandu a dlouholet\u00e9ho spoluhr\u00e1\u010de Ivana Kr\u00e1le jako sv\u00e9bytn\u00e9ho tv\u016frce, jeho\u017e hlavn\u00ed dom\u00e9nou je chytr\u00fd pop-rock, ale neboj\u00ed se zakoketovat si s punk-rockem \u010di elektronikou. \u201eV m\u00fdch p\u00edsni\u010dk\u00e1ch se odr\u00e1\u017e\u00ed pel mel hudby, kterou miluju, a kter\u00e1 ovlivnila m\u016fj dosavadn\u00ed muzikantsk\u00fd \u017eivot. Od melodick\u00fdch poloh, p\u0159ed crossover styl\u016f, a\u017e k vypjat\u00fdm tvrd\u011b rockov\u00fdm pas\u00e1\u017e\u00edm. A z\u00e1rove\u0148 jsem si splnil sen, moci si svou desku s\u00e1m nahr\u00e1t a nazp\u00edvat\u201c, \u0159\u00edk\u00e1 Honza K\u0159\u00ed\u017eek a dod\u00e1v\u00e1: \u201eJsou na n\u00ed p\u00edsni\u010dky jak vesel\u00e9, tak i ty o tom, \u017ee n\u011bkoho ztrat\u00ed\u0161 nebo naopak n\u011bkoho nov\u00e9ho najde\u0161.\u201c<\/p>\n<p>I p\u0159es sv\u016fj \u017e\u00e1nrov\u00fd rozptyl je K\u0159\u00ed\u017ek\u016fv s\u00f3lov\u00fd debut ucelenou a sebev\u011bdomou v\u00fdpov\u011bd\u00ed um\u011blce, jen\u017e bezesporu pat\u0159\u00ed mezi jednu z nejv\u00fdrazn\u011bj\u0161\u00edch postav tuzemsk\u00e9 hudebn\u00ed sc\u00e9ny a dokazuje, \u017ee m\u00e1 co \u0159\u00edct. \u017de do toho jde tak\u0159\u00edkaj\u00edc po hlav\u011b, ostatn\u011b potvrzuje i do detailu vychytan\u00e1 vizu\u00e1ln\u00ed str\u00e1nka cel\u00e9ho projektu. Na starosti ji m\u00e1 Rostislav Nov\u00e1k ml., herec a princip\u00e1l renomovan\u00e9ho souboru Cirk La Putyka a podobn\u011b jako v p\u0159\u00edpad\u011b hudby samotn\u00e9 Honzu p\u0159edstavuje \u2013 a\u0165 u\u017e prost\u0159ednictv\u00edm obalu a bookletu alba, \u010di chystan\u00fdch videoklip\u016f \u2013 v mnoha poloh\u00e1ch, z nich\u017e ani jednu rozhodn\u011b nen\u00ed radno nechat bez pov\u0161imnut\u00ed.<\/p>\n<p>Symbolicky v roce, kdy Walk Choc Ice oslavili 25 let existence zcela exkluz\u00edvn\u00edm koncertem v pra\u017esk\u00e9m Pal\u00e1ci Akropolis (13. 11. 2017), Honza K\u0159\u00ed\u017eek zah\u00e1jil zbrusu novou kapitolu sv\u00e9 hudebn\u00ed kari\u00e9ry. Kapitolu s\u00f3lov\u00e9 autorsk\u00e9 tvorby, jej\u00ed\u017e prvn\u00ed zhusta popsan\u00e9 str\u00e1nky m\u00e1te mo\u017enost pr\u00e1v\u011b te\u010f roze\u010d\u00edst a t\u011b\u0161it se na dal\u0161\u00ed nap\u00ednav\u00e9 pokra\u010dov\u00e1n\u00ed v podob\u011b jeho akustick\u00fdch s\u00f3lov\u00fdch vystoupen\u00ed, nebo energick\u00fdch a v\u00fdbu\u0161n\u00fdch koncertn\u00edch show, kter\u00e9 Honza chyst\u00e1 spolu se svou novou doprovodnou kapelou.<\/p>\n<p><span style=\"text-decoration: underline;\"><strong>KONCERTY:<\/strong><\/span><\/p>\n<p>Aktu\u00e1ln\u00ed rozpis naleznete na https:\/\/www.honzakrizek.cz\/koncerty\/.<\/p>\n<p>Odkazy:<\/p>\n<p>Web: <a href=\"http:\/\/www.honzakrizek.cz\">www.honzakrizek.cz<\/a>\u00a0<\/p>\n<p>Facebook: <a href=\"http:\/\/www.facebook.com\/honzakrizekfcb\">www.facebook.com\/honzakrizekfcb<\/a>\u00a0 \u00a0 \u00a0<\/p>\n<p>Twitter: <a href=\"http:\/\/www.twitter.com\/honza_krizek\">www.twitter.com\/honza_krizek<\/a>\u00a0 \u00a0<\/p>\n<p>Soundcloud: <a href=\"http:\/\/www.soundcloud.com\/jan-k-ek\">www.soundcloud.com\/jan-k-ek<\/a>\u00a0<\/p>\n<p>Bandzone: <a href=\"http:\/\/www.bandzone.cz\/honzakrizek\">www.bandzone.cz\/honzakrizek<\/a>\u00a0<\/p>\n<p>Instagram: <a href=\"http:\/\/www.instagram.com\/honzakrizek\/\">www.instagram.com\/honzakrizek\/<\/a>\u00a0<\/p>\n<p>Youtube: <a href=\"http:\/\/www.youtube.com\/c\/HonzaK\u0159\u00ed\u017eekofficial\">www.youtube.com\/c\/HonzaK\u0159\u00ed\u017eekofficial<\/a>\u00a0<\/p>\n<p>\u00a0<\/p>\n<p><strong>Management, booking:\u00a0<\/strong><\/p>\n<p>Lubo\u0161 Vilas<br \/>AGENTURA LEV PRODUCTION<br \/>Tel.: 777 314 700<br \/><a href=\"mailto:info@levmusic.cz\">info@levmusic.cz<\/a>\u00a0<\/p>\n<p><img loading=\"lazy\" class=\" size-full wp-image-312\" src=\"https:\/\/jananews.cz\/wp-content\/uploads\/2018\/05\/honzakrizek1_fotoJanNozicka.JPG\" alt=\"\" width=\"423\" height=\"566\" srcset=\"https:\/\/jananews.cz\/wp-content\/uploads\/2018\/05\/honzakrizek1_fotoJanNozicka.JPG 298w, https:\/\/jananews.cz\/wp-content\/uploads\/2018\/05\/honzakrizek1_fotoJanNozicka-224x300.jpg 224w\" sizes=\"(max-width: 423px) 100vw, 423px\" \/><\/p>\n<p>Foto: Jan No\u017ei\u010dka<\/p>\n<p><img loading=\"lazy\" class=\" size-full wp-image-313\" src=\"https:\/\/jananews.cz\/wp-content\/uploads\/2018\/05\/honzakrizek2_fotoJanacasakovaHyklova.JPG\" alt=\"\" width=\"590\" height=\"404\" srcset=\"https:\/\/jananews.cz\/wp-content\/uploads\/2018\/05\/honzakrizek2_fotoJanacasakovaHyklova.JPG 590w, https:\/\/jananews.cz\/wp-content\/uploads\/2018\/05\/honzakrizek2_fotoJanacasakovaHyklova-300x205.jpg 300w\" sizes=\"(max-width: 590px) 100vw, 590px\" \/><\/p>\n<p>Foto: Jana \u010cas\u00e1kov\u00e1 Hyklov\u00e1<\/p>\n<p><img loading=\"lazy\" class=\" size-full wp-image-311\" src=\"https:\/\/jananews.cz\/wp-content\/uploads\/2018\/05\/honzakrizek3_cd2017.JPG\" alt=\"\" width=\"410\" height=\"361\" srcset=\"https:\/\/jananews.cz\/wp-content\/uploads\/2018\/05\/honzakrizek3_cd2017.JPG 584w, https:\/\/jananews.cz\/wp-content\/uploads\/2018\/05\/honzakrizek3_cd2017-300x264.jpg 300w\" sizes=\"(max-width: 410px) 100vw, 410px\" \/><\/p>\n<p>Foto: archiv interpreta<\/p>\n","protected":false},"excerpt":{"rendered":"<p>S\u00f3lov\u00e9 album zp\u011bv\u00e1ka, multiinstrumentalisty a hudebn\u00edho skladatele Honzy K\u0159\u00ed\u017eka vy\u0161lo v listopadu 2017.\u00a0 Se svou kapelou odjel s\u00e9rii koncert\u016f a fanou\u0161ci se mohou t\u011b\u0161it na dal\u0161\u00ed \u017eiv\u00e1 vystoupen\u00ed. Album \u201eHonza K\u0159\u00ed\u017eek\u201c zahrnuje 12 autorsk\u00fdch skladeb a cover verzi zn\u00e1m\u00e9ho hitu skupiny Blue Effect \u201cSlune\u010dn\u00fd Hrob\u201d, a dalo by se charakterizovat slovy: \u201cPoj\u010f se pod\u00edvat, kdo<\/p>\n","protected":false},"author":1,"featured_media":311,"comment_status":"open","ping_status":"open","sticky":false,"template":"","format":"standard","meta":[],"categories":[7],"tags":[],"_links":{"self":[{"href":"https:\/\/jananews.cz\/index.php\/wp-json\/wp\/v2\/posts\/314"}],"collection":[{"href":"https:\/\/jananews.cz\/index.php\/wp-json\/wp\/v2\/posts"}],"about":[{"href":"https:\/\/jananews.cz\/index.php\/wp-json\/wp\/v2\/types\/post"}],"author":[{"embeddable":true,"href":"https:\/\/jananews.cz\/index.php\/wp-json\/wp\/v2\/users\/1"}],"replies":[{"embeddable":true,"href":"https:\/\/jananews.cz\/index.php\/wp-json\/wp\/v2\/comments?post=314"}],"version-history":[{"count":0,"href":"https:\/\/jananews.cz\/index.php\/wp-json\/wp\/v2\/posts\/314\/revisions"}],"wp:featuredmedia":[{"embeddable":true,"href":"https:\/\/jananews.cz\/index.php\/wp-json\/wp\/v2\/media\/311"}],"wp:attachment":[{"href":"https:\/\/jananews.cz\/index.php\/wp-json\/wp\/v2\/media?parent=314"}],"wp:term":[{"taxonomy":"category","embeddable":true,"href":"https:\/\/jananews.cz\/index.php\/wp-json\/wp\/v2\/categories?post=314"},{"taxonomy":"post_tag","embeddable":true,"href":"https:\/\/jananews.cz\/index.php\/wp-json\/wp\/v2\/tags?post=314"}],"curies":[{"name":"wp","href":"https:\/\/api.w.org\/{rel}","templated":true}]}}