{"id":321,"date":"2018-05-23T15:55:46","date_gmt":"2018-05-23T13:55:46","guid":{"rendered":"http:\/\/www.jananews.cz\/WP\/index.php\/2018\/05\/23\/sabina-krovakova-vybirala-outfity-pro-blizici-se-festivaly\/"},"modified":"2020-09-01T13:56:50","modified_gmt":"2020-09-01T11:56:50","slug":"sabina-krovakova-vybirala-outfity-pro-blizici-se-festivaly","status":"publish","type":"post","link":"https:\/\/jananews.cz\/index.php\/2018\/05\/23\/sabina-krovakova-vybirala-outfity-pro-blizici-se-festivaly\/","title":{"rendered":"Sabina K\u0159ov\u00e1kov\u00e1 vyb\u00edrala outfity pro bl\u00ed\u017e\u00edc\u00ed se festivaly"},"content":{"rendered":"<p>Zp\u011bva\u010dka Sabina K\u0159ov\u00e1kov\u00e1 ji\u017e n\u00e1sleduj\u00edc\u00ed v\u00edkend odstartuje letn\u00ed festivalovou sez\u00f3nu, a proto\u017ee festivaly maj\u00ed zcela jinou atmosf\u00e9ru ne\u017e klasick\u00e9 koncerty, rozhodla se na n\u011b p\u0159ipravit i po m\u00f3dn\u00ed str\u00e1nce! Tento t\u00fdden tak zav\u00edtala do nov\u011b otev\u0159en\u00e9 prodejny Textile House v pra\u017esk\u00fdch Hole\u0161ovic\u00edch, aby si z jednotliv\u00fdch kousk\u016f nov\u00e9 kv\u011btnov\u00e9 kolekce sestavila origin\u00e1ln\u00ed a osobit\u00e9 outfity. Rockersk\u00fd styl, uvoln\u011bn\u00fd a\u017e sportovn\u00ed styl, nenucen\u00e1, sv\u011b\u017e\u00ed a mladistv\u00e1 elegance, ale i t\u00e9m\u011b\u0159 spole\u010densk\u00e9 a decentn\u00ed \u0161aty dopln\u011bn\u00e9 vhodnou obuv\u00ed \u010di h\u00e1\u010dkovan\u00fdm svet\u0159\u00edkem \u2013 to v\u0161e dok\u00e1zala Sabina b\u011bhem p\u00e1r chvil z jednotliv\u00fdch kousk\u016f kolekce dokonale zkombinovat. Sedm odli\u0161n\u00fdch m\u00f3dn\u00edch styl\u016f a k tomu jeden jedin\u00fd obchod! A festivalov\u00e1 sez\u00f3na m\u016f\u017ee za\u010d\u00edt\u2026<\/p>\n<p>&nbsp;<\/p>\n<p><!--more--><\/p>\n<p>Reperto\u00e1r na bl\u00ed\u017e\u00edc\u00ed se festivaly je nazkou\u0161en, hlas i kytara \u201enalad\u011bny\u201c a tak zb\u00fdvalo u\u017e jen to posledn\u00ed. Vyladit styl a sestavit m\u00f3dn\u00ed outfity, ve kter\u00fdch na letn\u00ed akce vyrazit. Sabina K\u0159ov\u00e1kov\u00e1 tak zav\u00edtala do nov\u011b otev\u0159en\u00e9ho obl\u00edben\u00e9ho second handu sv\u011btov\u00fdch zna\u010dek Textile House v pra\u017esk\u00fdch Hole\u0161ovic\u00edch (D\u011blnick\u00e1 1131\/37), aby si z aktu\u00e1ln\u00ed kv\u011btnov\u00e9 kolekce vybrala origin\u00e1ln\u00ed a stylov\u00e9 kousky, kter\u00e9 pr\u00e1v\u011b b\u011bhem l\u00e9ta na p\u00f3di\u00edch i mimo n\u011b maxim\u00e1ln\u011b vyu\u017eije.<\/p>\n<p>A \u017ee bylo z \u010deho vyb\u00edrat! B\u011bhem necel\u00e9 hodinky tak Sabina sestavila sedm odli\u0161n\u00fdch outfit\u016f, kter\u00e9 byly dolad\u011bny do posledn\u00edho detailu a nic jim nechyb\u011blo. A a\u010dkoli p\u0159i p\u0159\u00edchodu do obchodu hledala sp\u00ed\u0161e inspiraci, nov\u00e1 kolekce a jednotliv\u00e9 kousky j\u00ed natolik zaujaly, \u017ee se byla schopn\u00e1 obl\u00e9knout od hlavy k pat\u011b, pro nejr\u016fzn\u011bj\u0161\u00ed p\u0159\u00edle\u017eitosti a v\u00fdb\u011br byl dokonce tak \u0161irok\u00fd, \u017ee mnohdy p\u0159em\u00fd\u0161lela a v\u00e1hala, kter\u00fd top k dan\u00fdm kalhot\u00e1m zvol\u00ed nebo kter\u00e9 \u0161aty budou ty prav\u00e9.<\/p>\n<p>\u201eByla jsem \u00fapln\u011b ve sv\u00e9m \u017eivlu, skoro lep\u0161\u00ed ne\u017e koncerty,\u201c sm\u011bje se Sabina a pokra\u010duje: \u201eNem\u00e1m r\u00e1da takovou masovou m\u00f3du, kdy potk\u00e1m dal\u0161\u00edch 20 lid\u00ed nap\u0159\u00edklad ve stejn\u00e9m tri\u010dku, tak\u017ee v Textile House jsem si to u\u017eila. Byla jsem a\u017e p\u0159ekvapen\u00e1, jak p\u011bkn\u00e9 kousky se daj\u00ed vybrat a \u017ee j\u00e1 jsem na to docela n\u00e1ro\u010dn\u00e1. A hlavn\u011b ani nejsem \u00fapln\u011b koncep\u010dn\u00ed \u010dlov\u011bk, \u017ee bych p\u0159esn\u011b hledala ur\u010dit\u00e9 oble\u010den\u00ed, a m\u00e1m \u010dasto i probl\u00e9m sladit v\u011bci k sob\u011b, ale tady to \u0161lo \u00fapln\u011b samo. Ur\u010dit\u011b bych je\u0161t\u011b zkou\u0161ela a vyb\u00edrala d\u00e1l, tak\u017ee dne\u0161ek rozhodn\u011b nebyl moj\u00ed posledn\u00ed n\u00e1v\u0161t\u011bvou.\u201c<\/p>\n<p>A jak\u00e9 outfity nakonec Sabina K\u0159ov\u00e1kov\u00e1 sestavila? Zde je drobn\u00fd p\u0159ehled.<\/p>\n<p>1) Decentn\u00ed koktejlky<\/p>\n<p>Prvn\u00ed outfit, kter\u00fd Sabina sestavila se nesl v decentn\u00edm a elegantn\u00edm duchu. \u0160aty nad kolena s v\u00fdrazn\u00fdm krajkov\u00fdm \u017eiv\u016ftkem v b\u00e9\u017eov\u00e9 barv\u011b p\u0159ech\u00e1zej\u00edc\u00ed v \u010dernou sukni. Tento model bude ide\u00e1ln\u00ed na letn\u00ed odpoledn\u00ed i ve\u010dern\u00ed party, stejn\u011b jako pro p\u0159\u00edpadn\u00e9 spole\u010densk\u00e9 ud\u00e1losti, n\u00e1v\u0161t\u011bvu divadla, \u00fa\u010dast na promoci, svatb\u011b, rodinn\u00e9 oslav\u011b \u010di jin\u00e9 form\u00e1ln\u011bj\u0161\u00ed akci. Sabina nav\u00edc \u0161aty doplnila vkusn\u00fdmi \u010dern\u00fdmi p\u00e1skov\u00fdmi sand\u00e1ly, poch\u00e1zej\u00edc\u00edmi rovn\u011b\u017e z jarn\u00ed kolekce Textile House a kompletn\u00ed outfit byl na sv\u011bt\u011b.<\/p>\n<p>2) Cool styl pro festivaly i voln\u00fd \u010das<\/p>\n<p>Druh\u00fd outfit Sabina sestavila z batikovan\u00fdch skiny d\u017e\u00edn tmav\u011b modr\u00e9 barvy, dokonale zv\u00fdraz\u0148uj\u00edc\u00ed jej\u00ed postavu, kter\u00e9 doplnila o top v podob\u011b k\u00e1rov\u00e9 halenky bez ruk\u00e1v\u016f v m\u00f3dn\u00ed fialov\u00e9 barv\u011b se zap\u00edn\u00e1n\u00edm na patenty. Tento model se skv\u011ble hod\u00ed pr\u00e1v\u011b pro festivaly a odpoledn\u00ed vystoupen\u00ed. Vyu\u017eit\u00ed ale nalezne i mimo koncertn\u00ed p\u00f3dia, kdy je jako stvo\u0159en\u00fd pro neform\u00e1ln\u00ed sch\u016fzky i tr\u00e1ven\u00ed voln\u00e9ho \u010dasu, n\u00e1v\u0161t\u011bvu kina, kav\u00e1rny nebo nakupov\u00e1n\u00ed.<\/p>\n<p>3) Sv\u011b\u017e\u00ed romantika ala 60. l\u00e9ta<\/p>\n<p>T\u0159et\u00edm outfitem, kter\u00fd Sabinu zaujal jsou voln\u00e9 sv\u011btle \u0161ed\u00e9 \u0161aty s b\u00edl\u00fdm dominantn\u00edm ornamentem na p\u0159edn\u00edm d\u00edle, zv\u00fdrazn\u011bn\u00e9 o n\u00e1padn\u00e9 vol\u00e1nky na ruk\u00e1vech i okolo v\u00fdst\u0159ihu, kter\u00e9 kon\u010d\u00ed stylov\u00fdm \u0159asen\u00edm. \u0160aty jsou jako stvo\u0159en\u00e9 pro hork\u00e9 letn\u00ed dny, a\u0165 u\u017e na p\u00f3di\u00edch nebo na dovolen\u00e9 u mo\u0159e \u010di pro pobyt v rozp\u00e1len\u00e9m velkom\u011bst\u011b. \u0160aty evokuj\u00ed jemn\u00fd romantick\u00fd letn\u00ed styl a hlavn\u011b 60. l\u00e9ta, kter\u00e1 se i v aktu\u00e1ln\u00ed m\u00f3d\u011b st\u00e1le vrac\u00ed a jejich\u017e prvky pronikaj\u00ed i do sou\u010dasn\u00e9 fashion tvorby.<\/p>\n<p>4) Mladistv\u00fd styl na koncerty i do spole\u010dnosti<\/p>\n<p>Jako \u010dtvrt\u00fd, zcela origin\u00e1ln\u00ed outfit, Sabina zvolila jednoduch\u00e9 \u010dern\u00e9 t\u00edlko, kter\u00e9 doplnila o lehkou \u010dernou minisukni s v\u00fdrazn\u00fdmi r\u016f\u017eov\u00fdmi punt\u00edky. Outfit se op\u011bt hod\u00ed jak pro festivaly, tak i pro ve\u010dern\u00ed letn\u00ed party a dal\u0161\u00ed letn\u00ed spole\u010densk\u00e9 ud\u00e1losti. \u010cern\u00e9 t\u00edlko je u\u017e letitou klasikou, kter\u00e1 nikdy nic nezkaz\u00ed a rozhodn\u011b nevyjde z m\u00f3dy a cel\u00fd outfit z\u00e1rove\u0148 skv\u011ble dopl\u0148uje miniskun\u011b ve stejn\u00e9 barv\u011b, jej\u00ed\u017e v\u00fdrazn\u00e9 punt\u00edky styl modelu je\u0161t\u011b umocn\u00ed a o\u017eiv\u00ed.<\/p>\n<p>5) Ve\u010dern\u00ed rockov\u00e1 lady<\/p>\n<p>P\u00e1t\u00fd outfit Sabina ladila sp\u00ed\u0161e do ve\u010dern\u00edho stylu a je jako stvo\u0159en\u00fd pr\u00e1v\u011b pro ve\u010dern\u00ed vystoupen\u00ed na koncertech a festivalech. Slo\u017een je z \u010dern\u00fdch mini\u0161at\u016f, kter\u00e9 jsou dopln\u011bny h\u00e1\u010dkovan\u00fdm \u010dern\u00fdm lehk\u00fdm svet\u0159\u00edkem s kapuc\u00ed a kapsami. Outfit nalezne vyu\u017eit\u00ed p\u0159edev\u0161\u00edm pro vystoupen\u00ed a ve\u010dern\u00ed party, p\u0159\u00edpadn\u011b je mo\u017en\u00e9 \u0161aty kombinovat i s leg\u00ednami nebo d\u017eeg\u00ednami.<\/p>\n<p>6) Decentn\u00ed letn\u00ed styl pro form\u00e1ln\u011bj\u0161\u00ed ud\u00e1losti<\/p>\n<p>\u0160est\u00fd outfit je prim\u00e1rn\u011b ur\u010den pro denn\u00ed ud\u00e1losti, sch\u016fzky nebo n\u00e1kupy, a tak je lad\u011bn do civiln\u011bj\u0161\u00edho decentn\u00edho stylu. Slo\u017een je z lehk\u00e9 b\u00edl\u00e9 tuniky s v\u00fdraznou v\u00fd\u0161ivkou na ramenou, kolem v\u00fdst\u0159ihu a v p\u0159edn\u00ed \u010d\u00e1sti a Sabina jej doplnila tmav\u011b modr\u00fdmi skiny d\u017e\u00ednami s efektn\u00ed z\u00e1lo\u017ekou, d\u00edky n\u00ed\u017e vyniknou nap\u0159\u00edklad i kotn\u00ed\u010dkov\u00e9 boty.<\/p>\n<p>7) Rockov\u00e1 romantika se sportovn\u00edm n\u00e1dechem<\/p>\n<p>Posledn\u00ed sedm\u00fd outfit je op\u011bt skv\u011ble vyu\u017eiteln\u00fd pro festivalov\u00e1 a koncertn\u00ed p\u00f3dia. Sabina jej slo\u017eila ze stylov\u00fdch \u010dern\u00fdch ma\u010dkan\u00fdch \u0161at\u016f s motivy krajky, kter\u00e9 evokuj\u00ed rockovou romantiku a hod\u00ed se sp\u00ed\u0161e pro ve\u010dern\u00ed ud\u00e1losti nebo na party. \u0160aty je\u0161t\u011b osv\u011b\u017eila leskle modrou textiln\u00ed bundi\u010dkou na zip, kter\u00e1 outfitu dod\u00e1v\u00e1 sportovn\u00ed n\u00e1dech a z\u00e1rove\u0148 p\u0159i chladn\u00fdch ve\u010derech pln\u00ed i praktickou funkci.<\/p>\n<p>N\u00e1kup a v\u00fdb\u011br oble\u010den\u00ed je jednodu\u0161e z\u00e1bava! A co teprve, kdy\u017e m\u016f\u017eete zkou\u0161et, kombinovat, vytv\u00e1\u0159et a mixovat jednotliv\u00e9 motivy, aby mohl vzniknout pr\u00e1v\u011b v\u00e1\u0161 osobit\u00fd styl, nav\u00edc v\u0161e za zlomek ceny. Zkuste tentokr\u00e1t vsadit na trochu atypick\u00e9 a prakticky nekone\u010dn\u00e9 m\u00f3dn\u00ed mo\u017enosti a nav\u0161t\u00edvit stejn\u011b jako Sabina K\u0159ov\u00e1kov\u00e1 n\u011bkterou z prodejen Textile House. Naleznete je po cel\u00e9 \u010cR a je jich u\u017e neuv\u011b\u0159iteln\u00fdch 30! Ka\u017ed\u00e1 s jin\u00fdmi origin\u00e1ln\u00edmi kousky, a hlavn\u011b na m\u00edru ka\u017ed\u00e9 \u017eeny a jej\u00edmu stylu i ka\u017ed\u00e9 postav\u011b.<\/p>\n<p>Text: Lenka Netu\u0161ilov\u00e1<\/p>\n<p>Foto: archiv autora<\/p>\n<p><img loading=\"lazy\" class=\" size-full wp-image-316\" src=\"https:\/\/jananews.cz\/wp-content\/uploads\/2018\/05\/sabinakrovakova_outfit1.jpg\" alt=\"\" width=\"251\" height=\"410\" \/>\u00a0<img loading=\"lazy\" class=\" size-full wp-image-315\" style=\"font-size: 12.16px;\" src=\"https:\/\/jananews.cz\/wp-content\/uploads\/2018\/05\/sabinakrovakova_outfit4.jpg\" alt=\"\" width=\"387\" height=\"262\" \/><span style=\"font-size: 12.16px;\">\u00a0<\/span><img loading=\"lazy\" class=\" size-full wp-image-317\" src=\"https:\/\/jananews.cz\/wp-content\/uploads\/2018\/05\/sabinakrovakova_outfit3.jpg\" alt=\"\" width=\"399\" height=\"265\" srcset=\"https:\/\/jananews.cz\/wp-content\/uploads\/2018\/05\/sabinakrovakova_outfit3.jpg 640w, https:\/\/jananews.cz\/wp-content\/uploads\/2018\/05\/sabinakrovakova_outfit3-300x200.jpg 300w\" sizes=\"(max-width: 399px) 100vw, 399px\" \/><\/p>\n<p><img loading=\"lazy\" class=\" size-full wp-image-318\" src=\"https:\/\/jananews.cz\/wp-content\/uploads\/2018\/05\/sabinakrovakova_outfit5.jpg\" alt=\"\" width=\"402\" height=\"268\" srcset=\"https:\/\/jananews.cz\/wp-content\/uploads\/2018\/05\/sabinakrovakova_outfit5.jpg 640w, https:\/\/jananews.cz\/wp-content\/uploads\/2018\/05\/sabinakrovakova_outfit5-300x200.jpg 300w\" sizes=\"(max-width: 402px) 100vw, 402px\" \/>\u00a0<img loading=\"lazy\" class=\" size-full wp-image-319\" src=\"https:\/\/jananews.cz\/wp-content\/uploads\/2018\/05\/sabinakrovakova_outfit7.jpg\" alt=\"\" width=\"407\" height=\"271\" srcset=\"https:\/\/jananews.cz\/wp-content\/uploads\/2018\/05\/sabinakrovakova_outfit7.jpg 640w, https:\/\/jananews.cz\/wp-content\/uploads\/2018\/05\/sabinakrovakova_outfit7-300x200.jpg 300w\" sizes=\"(max-width: 407px) 100vw, 407px\" \/>\u00a0<img loading=\"lazy\" class=\" size-full wp-image-320\" src=\"https:\/\/jananews.cz\/wp-content\/uploads\/2018\/05\/sabinakrovakova_outfit6.jpg\" alt=\"\" width=\"230\" height=\"346\" srcset=\"https:\/\/jananews.cz\/wp-content\/uploads\/2018\/05\/sabinakrovakova_outfit6.jpg 319w, https:\/\/jananews.cz\/wp-content\/uploads\/2018\/05\/sabinakrovakova_outfit6-199x300.jpg 199w\" sizes=\"(max-width: 230px) 100vw, 230px\" \/><\/p>\n","protected":false},"excerpt":{"rendered":"<p>Zp\u011bva\u010dka Sabina K\u0159ov\u00e1kov\u00e1 ji\u017e n\u00e1sleduj\u00edc\u00ed v\u00edkend odstartuje letn\u00ed festivalovou sez\u00f3nu, a proto\u017ee festivaly maj\u00ed zcela jinou atmosf\u00e9ru ne\u017e klasick\u00e9 koncerty, rozhodla se na n\u011b p\u0159ipravit i po m\u00f3dn\u00ed str\u00e1nce! Tento t\u00fdden tak zav\u00edtala do nov\u011b otev\u0159en\u00e9 prodejny Textile House v pra\u017esk\u00fdch Hole\u0161ovic\u00edch, aby si z jednotliv\u00fdch kousk\u016f nov\u00e9 kv\u011btnov\u00e9 kolekce sestavila origin\u00e1ln\u00ed a osobit\u00e9 outfity.<\/p>\n","protected":false},"author":1,"featured_media":315,"comment_status":"open","ping_status":"open","sticky":false,"template":"","format":"standard","meta":[],"categories":[7],"tags":[],"_links":{"self":[{"href":"https:\/\/jananews.cz\/index.php\/wp-json\/wp\/v2\/posts\/321"}],"collection":[{"href":"https:\/\/jananews.cz\/index.php\/wp-json\/wp\/v2\/posts"}],"about":[{"href":"https:\/\/jananews.cz\/index.php\/wp-json\/wp\/v2\/types\/post"}],"author":[{"embeddable":true,"href":"https:\/\/jananews.cz\/index.php\/wp-json\/wp\/v2\/users\/1"}],"replies":[{"embeddable":true,"href":"https:\/\/jananews.cz\/index.php\/wp-json\/wp\/v2\/comments?post=321"}],"version-history":[{"count":1,"href":"https:\/\/jananews.cz\/index.php\/wp-json\/wp\/v2\/posts\/321\/revisions"}],"predecessor-version":[{"id":552,"href":"https:\/\/jananews.cz\/index.php\/wp-json\/wp\/v2\/posts\/321\/revisions\/552"}],"wp:featuredmedia":[{"embeddable":true,"href":"https:\/\/jananews.cz\/index.php\/wp-json\/wp\/v2\/media\/315"}],"wp:attachment":[{"href":"https:\/\/jananews.cz\/index.php\/wp-json\/wp\/v2\/media?parent=321"}],"wp:term":[{"taxonomy":"category","embeddable":true,"href":"https:\/\/jananews.cz\/index.php\/wp-json\/wp\/v2\/categories?post=321"},{"taxonomy":"post_tag","embeddable":true,"href":"https:\/\/jananews.cz\/index.php\/wp-json\/wp\/v2\/tags?post=321"}],"curies":[{"name":"wp","href":"https:\/\/api.w.org\/{rel}","templated":true}]}}