{"id":323,"date":"2018-06-01T13:26:11","date_gmt":"2018-06-01T11:26:11","guid":{"rendered":"http:\/\/www.jananews.cz\/WP\/index.php\/2018\/06\/01\/ukb-stobart-kamion-tour-2018\/"},"modified":"2018-06-01T13:26:11","modified_gmt":"2018-06-01T11:26:11","slug":"ukb-stobart-kamion-tour-2018","status":"publish","type":"post","link":"https:\/\/jananews.cz\/index.php\/2018\/06\/01\/ukb-stobart-kamion-tour-2018\/","title":{"rendered":"U.K.B. Stobart kamion tour 2018"},"content":{"rendered":"<p>PRAHA &#8211; Pra\u017esk\u00e1 kapela U.K.B. se po t\u0159ech letech od \u00fasp\u011b\u0161n\u00e9ho Radofestu rozhodla uspo\u0159\u00e1dat dal\u0161\u00ed mal\u00fd festival rockov\u00fdch kapel. Tentokr\u00e1t vyr\u00e1\u017e\u00ed na cestu kamionem, kter\u00fd bude slou\u017eit z\u00e1rove\u0148 jako p\u00f3dium i z\u00e1zem\u00ed pro kapely. Prvn\u00ed zast\u00e1vka U.K.B. Stobart kamion tour se uskute\u010dn\u00ed ve venkovn\u00edch prostor\u00e1ch restaurace Eldor\u00e1du v M\u011blnick\u00e9m Vtelnu\u00a0 &#8211; Vysok\u00e9 Libni &#8211; v sobotu 2.\u010dervna. A stejn\u011b jako na radot\u00ednsk\u00e9m Radofestu, ani tady nebude chyb\u011bt doprovodn\u00fd program &#8211; hry o ceny, sout\u011b\u017ee, d\u011btsk\u00e9 atrakce, st\u00e1nky, grilovan\u00e9 pras\u00e1tko, pivko, reprodukovan\u00e1 hudba a v\u0161e ostatn\u00ed, co pat\u0159\u00ed k proslun\u011bn\u00e9mu v\u00edkendu. Akce za\u010d\u00edn\u00e1 ve 12:00 hod. .<\/p>\n<p>  <!--more-->  <\/p>\n<p>Kapely odstartuj\u00ed v 17:00 hod. P\u0159ed U.K.B. rock Praha se p\u0159edstav\u00ed jednak legenda \u010desk\u00e9 rockov\u00e9 sc\u00e9ny, skupina Karamel s frontmanem Petrem \u010cejkou, a d\u00e1le nov\u00e1 formace Milo\u0161e &#8222;Medv\u011bda&#8220; K\u00e1lala s n\u00e1zvem Dorys. Koncertn\u00ed sestavu dopln\u00ed nev\u0161edn\u00ed d\u00edv\u010d\u00ed kapela Collectors of life tragedies. Skupina U.K.B. rock Praha, kter\u00e1 loni oslavila 20 let na hudebn\u00ed sc\u00e9n\u011b,\u00a0 celou akci uzav\u0159e svou sm\u011bs\u00ed \u0159\u00edzn\u00e9ho rocku, bigb\u00edtu, hardrocku a punku. Tak\u017ee pokud v sobotu nem\u00e1te do \u010deho (nebo do koho\u00a0\ud83d\ude42 p\u00edchnout, ur\u010dit\u011b zami\u0159te do M\u011blnick\u00e9ho Vtelna na pohodovou akci\u010dku! T\u011b\u0161\u00ed se na V\u00e1s U.K.B., Karamel. Dorys a Collectors of life tragedies!<\/p>\n<p>Odkaz na FB: <a href=\"https:\/\/www.facebook.com\/events\/191609748141557\">https:\/\/www.facebook.com\/events\/191609748141557<\/a>\u00a0<\/p>\n<p>Odkaz na U.K.B.: <a href=\"http:\/\/www.ukbrock.cz\">http:\/\/www.ukbrock.cz<\/a>\u00a0<\/p>\n<p>\u00a0<\/p>\n<p>UKB Stobart kamion tour 2018<br \/>Sobota 1. 6. 2018 v 12:00<br \/>Restaurace Eldorado, Vysok\u00e1 Libe\u0148, M\u011blnick\u00e9 Vtelno<\/p>\n<p>Tom\u00e1\u0161 Kejmar<br \/>Foto: archiv autora<\/p>\n<p><img loading=\"lazy\" class=\" size-full wp-image-322\" src=\"https:\/\/jananews.cz\/wp-content\/uploads\/2018\/06\/festival_radofest2018.jpg\" alt=\"\" width=\"572\" height=\"809\" srcset=\"https:\/\/jananews.cz\/wp-content\/uploads\/2018\/06\/festival_radofest2018.jpg 679w, https:\/\/jananews.cz\/wp-content\/uploads\/2018\/06\/festival_radofest2018-212x300.jpg 212w\" sizes=\"(max-width: 572px) 100vw, 572px\" \/><\/p>\n<p>\u00a0<\/p>\n","protected":false},"excerpt":{"rendered":"<p>PRAHA &#8211; Pra\u017esk\u00e1 kapela U.K.B. se po t\u0159ech letech od \u00fasp\u011b\u0161n\u00e9ho Radofestu rozhodla uspo\u0159\u00e1dat dal\u0161\u00ed mal\u00fd festival rockov\u00fdch kapel. Tentokr\u00e1t vyr\u00e1\u017e\u00ed na cestu kamionem, kter\u00fd bude slou\u017eit z\u00e1rove\u0148 jako p\u00f3dium i z\u00e1zem\u00ed pro kapely. Prvn\u00ed zast\u00e1vka U.K.B. Stobart kamion tour se uskute\u010dn\u00ed ve venkovn\u00edch prostor\u00e1ch restaurace Eldor\u00e1du v M\u011blnick\u00e9m Vtelnu\u00a0 &#8211; Vysok\u00e9 Libni &#8211; v<\/p>\n","protected":false},"author":1,"featured_media":322,"comment_status":"open","ping_status":"open","sticky":false,"template":"","format":"standard","meta":[],"categories":[7],"tags":[],"_links":{"self":[{"href":"https:\/\/jananews.cz\/index.php\/wp-json\/wp\/v2\/posts\/323"}],"collection":[{"href":"https:\/\/jananews.cz\/index.php\/wp-json\/wp\/v2\/posts"}],"about":[{"href":"https:\/\/jananews.cz\/index.php\/wp-json\/wp\/v2\/types\/post"}],"author":[{"embeddable":true,"href":"https:\/\/jananews.cz\/index.php\/wp-json\/wp\/v2\/users\/1"}],"replies":[{"embeddable":true,"href":"https:\/\/jananews.cz\/index.php\/wp-json\/wp\/v2\/comments?post=323"}],"version-history":[{"count":0,"href":"https:\/\/jananews.cz\/index.php\/wp-json\/wp\/v2\/posts\/323\/revisions"}],"wp:featuredmedia":[{"embeddable":true,"href":"https:\/\/jananews.cz\/index.php\/wp-json\/wp\/v2\/media\/322"}],"wp:attachment":[{"href":"https:\/\/jananews.cz\/index.php\/wp-json\/wp\/v2\/media?parent=323"}],"wp:term":[{"taxonomy":"category","embeddable":true,"href":"https:\/\/jananews.cz\/index.php\/wp-json\/wp\/v2\/categories?post=323"},{"taxonomy":"post_tag","embeddable":true,"href":"https:\/\/jananews.cz\/index.php\/wp-json\/wp\/v2\/tags?post=323"}],"curies":[{"name":"wp","href":"https:\/\/api.w.org\/{rel}","templated":true}]}}