{"id":326,"date":"2018-07-17T14:38:51","date_gmt":"2018-07-17T12:38:51","guid":{"rendered":"http:\/\/www.jananews.cz\/WP\/index.php\/2018\/07\/17\/honza-krizek-v-nove-multiinstrumentalni-show\/"},"modified":"2018-07-17T14:38:51","modified_gmt":"2018-07-17T12:38:51","slug":"honza-krizek-v-nove-multiinstrumentalni-show","status":"publish","type":"post","link":"https:\/\/jananews.cz\/index.php\/2018\/07\/17\/honza-krizek-v-nove-multiinstrumentalni-show\/","title":{"rendered":"Honza K\u0159\u00ed\u017eek v nov\u00e9 multiinstrument\u00e1ln\u00ed show!"},"content":{"rendered":"<p>Multiinstrument\u00e1ln\u00ed show chyst\u00e1 charismatick\u00fd zp\u011bv\u00e1k, hudebn\u00ed skladatel, multiinstrumentalista a moder\u00e1tor Honza K\u0159\u00ed\u017eek. Koncerty s novou doprovodnou kapelou odstartuj\u00ed 19. ledna 2019 v Kostelci nad Orlic\u00ed a podpo\u0159\u00ed jeho aktu\u00e1ln\u00ed CD se stylov\u00fdm n\u00e1zvem \u201eHonza K\u0159\u00ed\u017eek\u201c. Koncerty p\u0159edstav\u00ed pr\u016f\u0159ez jeho dosavadn\u00ed tvorbou v\u010detn\u011b aktu\u00e1ln\u00edho alba. Honza K\u0159\u00ed\u017eek je zn\u00e1m\u00fd ve\u0159ejnost\u00ed p\u0159edev\u0161\u00edm z jeho p\u016fsoben\u00ed ve skupin\u011b Walk Choc Ice (hit \u201eRejdit\u201c) a Blue Effect Radima Hlad\u00edka (jmenujme alespo\u0148 skladby \u201eSlune\u010dn\u00ed hrob\u201c a \u201eRosenka\u201c).\u00a0<\/p>\n<p><img loading=\"lazy\" class=\" size-full wp-image-324\" style=\"color: #1b57b1; font-size: 12.16px;\" src=\"https:\/\/jananews.cz\/wp-content\/uploads\/2018\/07\/honzakrizek_schody.jpg\" alt=\"\" width=\"190\" height=\"254\" srcset=\"https:\/\/jananews.cz\/wp-content\/uploads\/2018\/07\/honzakrizek_schody.jpg 576w, https:\/\/jananews.cz\/wp-content\/uploads\/2018\/07\/honzakrizek_schody-225x300.jpg 225w\" sizes=\"(max-width: 190px) 100vw, 190px\" \/><\/p>\n<p>  <!--more-->  <\/p>\n<p>S\u00f3lov\u00e9 album Honzy K\u0159\u00ed\u017eka se stejnojmenn\u00fdm n\u00e1zvem vy\u0161lo v listopadu 2017.\u00a0 Se svou kapelou odjel s\u00e9rii koncert\u016f a fanou\u0161ci se nyn\u00ed mohou t\u011b\u0161it na dal\u0161\u00ed \u017eiv\u00e1 vystoupen\u00ed v nov\u00e9 kapeln\u00ed sestav\u011b ve slo\u017een\u00ed Honza K\u0159\u00ed\u017eek (zp\u011bv, kytara), David Pavl\u00edk (kytara, zp\u011bv), Tom\u00e1\u0161 Mat\u011bjka (baskytara, zp\u011bv) a Luk\u00e1\u0161 H\u00f6nig (bic\u00ed).<\/p>\n<p>Album \u201eHonza K\u0159\u00ed\u017eek\u201c zahrnuje 12 autorsk\u00fdch skladeb a cover verzi zn\u00e1m\u00e9ho hitu skupiny Blue Effect \u201cSlune\u010dn\u00fd Hrob\u201d, a dalo by se charakterizovat slovy: \u201cPoj\u010f se pod\u00edvat, kdo vlastn\u011b jsem\u201c. Pod\u00edvat se m\u016f\u017eete i vy, pokud nav\u0161t\u00edv\u00edte n\u011bkter\u00fd z jeho chystan\u00fdch koncert\u016f, kde m\u016f\u017eete album sly\u0161et na\u017eivo. Album \u201cHonza K\u0159\u00ed\u017eek\u201d lze zakoupit ve v\u0161ech distribuc\u00edch, kamenn\u00fdch i virtu\u00e1ln\u00edch obchodech, jako supraphonline.cz, iTunes Store, Spotify, Deezer, atd.<\/p>\n<p>Aktu\u00e1ln\u00ed rozpis naleznete na https:\/\/www.honzakrizek.cz\/koncerty\/ .<\/p>\n<p>\u00a0<\/p>\n<hr \/>\n<p>Honza K\u0159\u00ed\u017eek, frontman dnes ji\u017e kultovn\u00edch Walk Choc Ice, dlouholet\u00fd hlas Blue Effect, multiinstrumentalista, skladatel filmov\u00e9 a sc\u00e9nick\u00e9 hudby (mj. Zlat\u00fd mu\u017e z Ria nebo Cirk La Putyka), se v listopadu 2017 v\u016fbec poprv\u00e9 ve sv\u00e9 bohat\u00e9 kari\u00e9\u0159e p\u0159edstavil se svou s\u00f3lovou autorskou tvorbou.\u00a0<\/p>\n<p>Projektu nejprve p\u0159edch\u00e1zelo akustick\u00e9 s\u00f3lov\u00e9 hran\u00ed, do kter\u00e9ho se pustil po konci Blue Effectu, shrnuj\u00edc\u00ed dosavadn\u00ed hudebn\u00ed kari\u00e9ru a p\u0159edstavuj\u00edc\u00ed u\u017e i n\u011bkter\u00e9 nov\u00e9 vlastn\u00ed skladby. Jejich \u00fasp\u011bch u publika mu dodal pot\u0159ebnou energii k dops\u00e1n\u00ed p\u00edsni\u010dek pro cel\u00e9 album, kter\u00e9 pojmenoval jednodu\u0161e \u201eHonza K\u0159\u00ed\u017eek\u201c.<\/p>\n<p>K\u0159\u00ed\u017eek album kompletn\u011b nahr\u00e1l a nazp\u00edval ve studiu The Barn pod producentsk\u00fdm dohledem Dana Frimla (Mean Messiah), kter\u00fd z\u00e1rove\u0148 na nahr\u00e1vku p\u0159isp\u011bl skladbou Planety. Ta je spole\u010dn\u011b s covervez\u00ed pro nejednu generaci z\u00e1sadn\u00edho songu Slune\u010dn\u00fd hrob s hostuj\u00edc\u00edm Michalem Pavl\u00ed\u010dkem jedinou p\u00edsn\u00ed, pod n\u00ed\u017e nen\u00ed Honza podeps\u00e1n coby autor. Zb\u00fdvaj\u00edc\u00ed jeden\u00e1ctka skladeb p\u0159edstavuje b\u00fdval\u00e9ho \u010dlena Kollerbandu a dlouholet\u00e9ho spoluhr\u00e1\u010de Ivana Kr\u00e1le jako sv\u00e9bytn\u00e9ho tv\u016frce, jeho\u017e hlavn\u00ed dom\u00e9nou je chytr\u00fd pop-rock, ale neboj\u00ed se zakoketovat si s punk-rockem \u010di elektronikou. \u201eV m\u00fdch p\u00edsni\u010dk\u00e1ch se odr\u00e1\u017e\u00ed pel mel hudby, kterou miluju, a kter\u00e1 ovlivnila m\u016fj dosavadn\u00ed muzikantsk\u00fd \u017eivot. Od melodick\u00fdch poloh, p\u0159ed crossover styl\u016f, a\u017e k vypjat\u00fdm tvrd\u011b rockov\u00fdm pas\u00e1\u017e\u00edm. A z\u00e1rove\u0148 jsem si splnil sen, moci si svou desku s\u00e1m nahr\u00e1t a nazp\u00edvat\u201c, \u0159\u00edk\u00e1 Honza K\u0159\u00ed\u017eek a dod\u00e1v\u00e1: \u201eJsou na n\u00ed p\u00edsni\u010dky jak vesel\u00e9, tak i ty o tom, \u017ee n\u011bkoho ztrat\u00ed\u0161 nebo naopak n\u011bkoho nov\u00e9ho najde\u0161.\u201c<\/p>\n<p>I p\u0159es sv\u016fj \u017e\u00e1nrov\u00fd rozptyl je K\u0159\u00ed\u017ek\u016fv s\u00f3lov\u00fd debut ucelenou a sebev\u011bdomou v\u00fdpov\u011bd\u00ed um\u011blce, jen\u017e bezesporu pat\u0159\u00ed mezi jednu z nejv\u00fdrazn\u011bj\u0161\u00edch postav tuzemsk\u00e9 hudebn\u00ed sc\u00e9ny a dokazuje, \u017ee m\u00e1 co \u0159\u00edct. \u017de do toho jde tak\u0159\u00edkaj\u00edc po hlav\u011b, ostatn\u011b potvrzuje i do detailu vychytan\u00e1 vizu\u00e1ln\u00ed str\u00e1nka cel\u00e9ho projektu. Na starosti ji m\u00e1 Rostislav Nov\u00e1k ml., herec a princip\u00e1l renomovan\u00e9ho souboru Cirk La Putyka a podobn\u011b jako v p\u0159\u00edpad\u011b hudby samotn\u00e9 Honzu p\u0159edstavuje \u2013 a\u0165 u\u017e prost\u0159ednictv\u00edm obalu a bookletu alba, \u010di chystan\u00fdch videoklip\u016f \u2013 v mnoha poloh\u00e1ch, z nich\u017e ani jednu rozhodn\u011b nen\u00ed radno nechat bez pov\u0161imnut\u00ed.<\/p>\n<p>Symbolicky v roce, kdy Walk Choc Ice oslavili 25 let existence zcela exkluz\u00edvn\u00edm koncertem v pra\u017esk\u00e9m Pal\u00e1ci Akropolis (13. 11. 2017), Honza K\u0159\u00ed\u017eek zah\u00e1jil zbrusu novou kapitolu sv\u00e9 hudebn\u00ed kari\u00e9ry. Kapitolu s\u00f3lov\u00e9 autorsk\u00e9 tvorby, jej\u00ed\u017e prvn\u00ed zhusta popsan\u00e9 str\u00e1nky m\u00e1te mo\u017enost pr\u00e1v\u011b te\u010f roze\u010d\u00edst a t\u011b\u0161it se na dal\u0161\u00ed nap\u00ednav\u00e9 pokra\u010dov\u00e1n\u00ed v podob\u011b jeho akustick\u00fdch s\u00f3lov\u00fdch vystoupen\u00ed, nebo energick\u00fdch a v\u00fdbu\u0161n\u00fdch koncertn\u00edch show, kter\u00e9 Honza chyst\u00e1 spolu se svou novou doprovodnou kapelou.\u00a0<\/p>\n<p>Koncerty:<\/p>\n<p>Aktu\u00e1ln\u00ed rozpis naleznete na <a href=\"https:\/\/www.honzakrizek.cz\/koncerty\">https:\/\/www.honzakrizek.cz\/koncerty<\/a>.<\/p>\n<p><a href=\"http:\/\/honzakrizek.cz\">http:\/\/www.honzakrizek.cz<\/a>\u00a0<\/p>\n<p>\u00a0<\/p>\n<p><img loading=\"lazy\" class=\" size-full wp-image-324\" src=\"https:\/\/jananews.cz\/wp-content\/uploads\/2018\/07\/honzakrizek_schody.jpg\" alt=\"\" width=\"576\" height=\"768\" srcset=\"https:\/\/jananews.cz\/wp-content\/uploads\/2018\/07\/honzakrizek_schody.jpg 576w, https:\/\/jananews.cz\/wp-content\/uploads\/2018\/07\/honzakrizek_schody-225x300.jpg 225w\" sizes=\"(max-width: 576px) 100vw, 576px\" \/><\/p>\n<p><img loading=\"lazy\" class=\" size-full wp-image-325\" src=\"https:\/\/jananews.cz\/wp-content\/uploads\/2018\/07\/honzakrizek_vrata.jpg\" alt=\"\" width=\"699\" height=\"524\" srcset=\"https:\/\/jananews.cz\/wp-content\/uploads\/2018\/07\/honzakrizek_vrata.jpg 1024w, https:\/\/jananews.cz\/wp-content\/uploads\/2018\/07\/honzakrizek_vrata-300x225.jpg 300w, https:\/\/jananews.cz\/wp-content\/uploads\/2018\/07\/honzakrizek_vrata-768x576.jpg 768w\" sizes=\"(max-width: 699px) 100vw, 699px\" \/><\/p>\n","protected":false},"excerpt":{"rendered":"<p>Multiinstrument\u00e1ln\u00ed show chyst\u00e1 charismatick\u00fd zp\u011bv\u00e1k, hudebn\u00ed skladatel, multiinstrumentalista a moder\u00e1tor Honza K\u0159\u00ed\u017eek. Koncerty s novou doprovodnou kapelou odstartuj\u00ed 19. ledna 2019 v Kostelci nad Orlic\u00ed a podpo\u0159\u00ed jeho aktu\u00e1ln\u00ed CD se stylov\u00fdm n\u00e1zvem \u201eHonza K\u0159\u00ed\u017eek\u201c. Koncerty p\u0159edstav\u00ed pr\u016f\u0159ez jeho dosavadn\u00ed tvorbou v\u010detn\u011b aktu\u00e1ln\u00edho alba. Honza K\u0159\u00ed\u017eek je zn\u00e1m\u00fd ve\u0159ejnost\u00ed p\u0159edev\u0161\u00edm z jeho p\u016fsoben\u00ed ve skupin\u011b<\/p>\n","protected":false},"author":1,"featured_media":324,"comment_status":"open","ping_status":"open","sticky":false,"template":"","format":"standard","meta":[],"categories":[7],"tags":[],"_links":{"self":[{"href":"https:\/\/jananews.cz\/index.php\/wp-json\/wp\/v2\/posts\/326"}],"collection":[{"href":"https:\/\/jananews.cz\/index.php\/wp-json\/wp\/v2\/posts"}],"about":[{"href":"https:\/\/jananews.cz\/index.php\/wp-json\/wp\/v2\/types\/post"}],"author":[{"embeddable":true,"href":"https:\/\/jananews.cz\/index.php\/wp-json\/wp\/v2\/users\/1"}],"replies":[{"embeddable":true,"href":"https:\/\/jananews.cz\/index.php\/wp-json\/wp\/v2\/comments?post=326"}],"version-history":[{"count":0,"href":"https:\/\/jananews.cz\/index.php\/wp-json\/wp\/v2\/posts\/326\/revisions"}],"wp:featuredmedia":[{"embeddable":true,"href":"https:\/\/jananews.cz\/index.php\/wp-json\/wp\/v2\/media\/324"}],"wp:attachment":[{"href":"https:\/\/jananews.cz\/index.php\/wp-json\/wp\/v2\/media?parent=326"}],"wp:term":[{"taxonomy":"category","embeddable":true,"href":"https:\/\/jananews.cz\/index.php\/wp-json\/wp\/v2\/categories?post=326"},{"taxonomy":"post_tag","embeddable":true,"href":"https:\/\/jananews.cz\/index.php\/wp-json\/wp\/v2\/tags?post=326"}],"curies":[{"name":"wp","href":"https:\/\/api.w.org\/{rel}","templated":true}]}}