{"id":331,"date":"2018-09-27T02:38:08","date_gmt":"2018-09-27T00:38:08","guid":{"rendered":"http:\/\/www.jananews.cz\/WP\/index.php\/2018\/09\/27\/kamil-strihavka-leaders-tradicni-listopadovy-koncert-v-retru-2\/"},"modified":"2018-09-27T02:38:08","modified_gmt":"2018-09-27T00:38:08","slug":"kamil-strihavka-leaders-tradicni-listopadovy-koncert-v-retru-2","status":"publish","type":"post","link":"https:\/\/jananews.cz\/index.php\/2018\/09\/27\/kamil-strihavka-leaders-tradicni-listopadovy-koncert-v-retru-2\/","title":{"rendered":"Kamil St\u0159ihavka &#038; LEADERS! &#8211; tradi\u010dn\u00ed listopadov\u00fd koncert v Retru"},"content":{"rendered":"<p><img loading=\"lazy\" class=\" size-full wp-image-330\" style=\"font-size: 12.16px;\" src=\"https:\/\/jananews.cz\/wp-content\/uploads\/2018\/09\/strihavka_retro2018.jpg\" alt=\"\" width=\"290\" height=\"163\" srcset=\"https:\/\/jananews.cz\/wp-content\/uploads\/2018\/09\/strihavka_retro2018.jpg 2048w, https:\/\/jananews.cz\/wp-content\/uploads\/2018\/09\/strihavka_retro2018-300x169.jpg 300w, https:\/\/jananews.cz\/wp-content\/uploads\/2018\/09\/strihavka_retro2018-1024x576.jpg 1024w, https:\/\/jananews.cz\/wp-content\/uploads\/2018\/09\/strihavka_retro2018-768x432.jpg 768w, https:\/\/jananews.cz\/wp-content\/uploads\/2018\/09\/strihavka_retro2018-1536x864.jpg 1536w\" sizes=\"(max-width: 290px) 100vw, 290px\" \/>\u00a0 \u00a0 \u00a0 \u00a0 \u00a0 \u00a0 \u00a0 \u00a0 \u00a0 \u00a0 \u00a0 \u00a0 \u00a0 \u00a0 \u00a0 \u00a0 \u00a0 \u00a0 \u00a0 \u00a0 \u00a0 \u00a0 \u00a0 \u00a0 \u00a0 \u00a0 \u00a0 \u00a0 \u00a0 \u00a0 \u00a0 \u00a0 \u00a0 \u00a0 \u00a0 \u00a0 \u00a0 \u00a0 \u00a0 \u00a0 \u00a0 \u00a0 \u00a0 \u00a0 \u00a0 \u00a0 \u00a0 \u00a0 \u00a0 \u00a0 \u00a0 \u00a0 \u00a0<br \/>Tradi\u010dn\u00ed pra\u017esk\u00fd listopadov\u00fd koncert Kamila St\u0159ihavky se uskute\u010dn\u00ed 20. listopadu od 20:00 hod. v klubu Retro Music Hall. \u201eAtmosf\u00e9ra tohoto speci\u00e1ln\u00edho listopadov\u00e9ho koncertu je v\u017edy v\u00fdjime\u010dn\u00e1 a neopakovateln\u00e1. Stejn\u011b, jako tradice, kter\u00e1 se pro m\u011b a m\u00e9 fanou\u0161ky stala d\u016fle\u017eitou sou\u010d\u00e1st\u00ed, ka\u017edoro\u010dn\u00edho podzimu,\u201c \u0159\u00edk\u00e1 Kamil St\u0159ihavka.<\/p>\n<p>  <!--more-->  <\/p>\n<p>Tento exkluzivn\u011b jedin\u00fd koncert v Praze navazuje na tradici, kter\u00e1 zapo\u010dala p\u0159ed deseti lety pr\u00e1v\u011b ve zm\u00edn\u011bn\u00e9m s\u00e1le Retro Music Hall. Tak\u00e9 letos si Kamil St\u0159ihavka se svou kapelou The Leaders! p\u0159ipravil p\u0159ekvapen\u00ed, kter\u00e9 n\u00e1v\u0161t\u011bvn\u00edci koncertu uvid\u00ed a usly\u0161\u00ed a\u017e v Retru \u2013 jinak by to p\u0159ece nebylo p\u0159ekvapen\u00ed. Krom\u011b toho vystoup\u00ed zaj\u00edmav\u00ed p\u0159edskokani, Johnny Rose a Nevereasy.<\/p>\n<p>Kamil St\u0159ihavka oslovuje ji\u017e dv\u011b generace fanou\u0161k\u016f. \u010cesk\u00fd rockov\u00fd Je\u017e\u00ed\u0161, majitel nezam\u011bniteln\u00e9ho a fenomen\u00e1ln\u00edho hlasu, \u010dlen Beatov\u00e9 s\u00edn\u011b sl\u00e1vy a\u00a0 frontman rockov\u00fdch kapel, jako Motorband, BSP, No Guitars!, Woo-Doo Band!, The Leaders! a Supergroup \u2013 to je Kamil St\u0159ihavka. Nenechte si tento koncert a jeho neopakovatelnou atmosf\u00e9ru nabitou energi\u00ed a poctiv\u00fdm pop-rockem uj\u00edt!<\/p>\n<p>KAMIL ST\u0158IHAVKA &amp; THE LEADERS! hraj\u00ed ve slo\u017een\u00ed: Kamil St\u0159ihavka (zp\u011bv), Petr Henych (kytara), Martin ,,Ma\u0165o\u00b4\u00b4 Ivan (baskytara), \u0160t\u011bp\u00e1n Eli\u00e1\u0161 (kl\u00e1vesy) a Patrik Sas (bic\u00ed).<\/p>\n<p>P\u0159edprodej vstupenek v s\u00edt\u00edch Ticketmaster a Ticketstream<br \/><a href=\"https:\/\/www.ticketmaster.cz\/artist\/kamil-strihavka-vstupenky\/1003706\">https:\/\/www.ticketmaster.cz\/artist\/kamil-strihavka-vstupenky\/1003706<\/a>\u00a0<br \/><a href=\"https:\/\/www.ticketstream.cz\/tsp\/ts1website\/akce\/kamil-strihavka-leaders-122741\">https:\/\/www.ticketstream.cz\/tsp\/ts1website\/akce\/kamil-strihavka-leaders-122741<\/a>\u00a0<\/p>\n<p>Internetov\u00e9 str\u00e1nky interpreta: <a href=\"http:\/\/www.strihavka.cz\">http:\/\/www.strihavka.cz<\/a> \u00a0<br \/>Internetov\u00e9 str\u00e1nky Retro Music Hall: <a href=\"http:\/\/www.retropraha.cz\">http:\/\/www.retropraha.cz<\/a> \u00a0<br \/>Internetov\u00e9 str\u00e1nky managementu, booking : <a href=\"http:\/\/www.rocking.cz\">http:\/\/www.rocking.cz<\/a>\u00a0 (Michal Pavl\u00ed\u010dek ml.)<br \/>\u00a0\u00a0\u00a0\u00a0\u00a0\u00a0\u00a0\u00a0\u00a0\u00a0\u00a0\u00a0\u00a0\u00a0\u00a0\u00a0\u00a0\u00a0\u00a0\u00a0\u00a0\u00a0\u00a0<\/p>\n<p>Adresa klubu:<br \/>Retro Music Hall:<br \/>Francouzsk\u00e1 4<br \/>120 00\u00a0 Praha 2<br \/>www.retropraha.cz<\/p>\n<p>Dopravn\u00ed spojen\u00ed: <br \/>metro trasa A, zast\u00e1vka N\u00e1m\u011bst\u00ed M\u00edru<\/p>\n<p>(-jh-)<\/p>\n<p>\u00a0<img loading=\"lazy\" class=\" size-full wp-image-330\" src=\"https:\/\/jananews.cz\/wp-content\/uploads\/2018\/09\/strihavka_retro2018.jpg\" alt=\"\" width=\"594\" height=\"334\" srcset=\"https:\/\/jananews.cz\/wp-content\/uploads\/2018\/09\/strihavka_retro2018.jpg 2048w, https:\/\/jananews.cz\/wp-content\/uploads\/2018\/09\/strihavka_retro2018-300x169.jpg 300w, https:\/\/jananews.cz\/wp-content\/uploads\/2018\/09\/strihavka_retro2018-1024x576.jpg 1024w, https:\/\/jananews.cz\/wp-content\/uploads\/2018\/09\/strihavka_retro2018-768x432.jpg 768w, https:\/\/jananews.cz\/wp-content\/uploads\/2018\/09\/strihavka_retro2018-1536x864.jpg 1536w\" sizes=\"(max-width: 594px) 100vw, 594px\" \/><\/p>\n","protected":false},"excerpt":{"rendered":"<p>\u00a0 \u00a0 \u00a0 \u00a0 \u00a0 \u00a0 \u00a0 \u00a0 \u00a0 \u00a0 \u00a0 \u00a0 \u00a0 \u00a0 \u00a0 \u00a0 \u00a0 \u00a0 \u00a0 \u00a0 \u00a0 \u00a0 \u00a0 \u00a0 \u00a0 \u00a0 \u00a0 \u00a0 \u00a0 \u00a0 \u00a0 \u00a0 \u00a0 \u00a0 \u00a0 \u00a0 \u00a0 \u00a0 \u00a0 \u00a0 \u00a0 \u00a0 \u00a0 \u00a0 \u00a0 \u00a0 \u00a0 \u00a0 \u00a0 \u00a0 \u00a0 \u00a0 \u00a0Tradi\u010dn\u00ed pra\u017esk\u00fd listopadov\u00fd<\/p>\n","protected":false},"author":1,"featured_media":330,"comment_status":"open","ping_status":"open","sticky":false,"template":"","format":"standard","meta":[],"categories":[7],"tags":[],"_links":{"self":[{"href":"https:\/\/jananews.cz\/index.php\/wp-json\/wp\/v2\/posts\/331"}],"collection":[{"href":"https:\/\/jananews.cz\/index.php\/wp-json\/wp\/v2\/posts"}],"about":[{"href":"https:\/\/jananews.cz\/index.php\/wp-json\/wp\/v2\/types\/post"}],"author":[{"embeddable":true,"href":"https:\/\/jananews.cz\/index.php\/wp-json\/wp\/v2\/users\/1"}],"replies":[{"embeddable":true,"href":"https:\/\/jananews.cz\/index.php\/wp-json\/wp\/v2\/comments?post=331"}],"version-history":[{"count":0,"href":"https:\/\/jananews.cz\/index.php\/wp-json\/wp\/v2\/posts\/331\/revisions"}],"wp:featuredmedia":[{"embeddable":true,"href":"https:\/\/jananews.cz\/index.php\/wp-json\/wp\/v2\/media\/330"}],"wp:attachment":[{"href":"https:\/\/jananews.cz\/index.php\/wp-json\/wp\/v2\/media?parent=331"}],"wp:term":[{"taxonomy":"category","embeddable":true,"href":"https:\/\/jananews.cz\/index.php\/wp-json\/wp\/v2\/categories?post=331"},{"taxonomy":"post_tag","embeddable":true,"href":"https:\/\/jananews.cz\/index.php\/wp-json\/wp\/v2\/tags?post=331"}],"curies":[{"name":"wp","href":"https:\/\/api.w.org\/{rel}","templated":true}]}}