{"id":351,"date":"2018-10-26T23:19:42","date_gmt":"2018-10-26T21:19:42","guid":{"rendered":"http:\/\/www.jananews.cz\/WP\/index.php\/2018\/10\/26\/petr-henych-intrio-martini-van-band-spolecne-dnes-v-kainu\/"},"modified":"2018-10-26T23:19:42","modified_gmt":"2018-10-26T21:19:42","slug":"petr-henych-intrio-martini-van-band-spolecne-dnes-v-kainu","status":"publish","type":"post","link":"https:\/\/jananews.cz\/index.php\/2018\/10\/26\/petr-henych-intrio-martini-van-band-spolecne-dnes-v-kainu\/","title":{"rendered":"Petr Henych InTrio + Martini Van Band spole\u010dn\u011b dnes v Kainu"},"content":{"rendered":"<p>PRAHA &#8211; Spole\u010dn\u00fd koncert kapel Petr Henych InTrio a Martini Van Band se uskute\u010dn\u00ed v sobotu 27. \u0159\u00edjna v pra\u017esk\u00e9m klubu Kain. Na stejn\u00e9m podiu se tak sejdou dva excelentn\u00ed hudebn\u00edci z kapely Leaders! Kamila St\u0159ihavky jako hlavn\u00ed protagonist\u00e9 obou kapel \u2013 kytarista Petr Henych a Martin \u201eMa\u0165o\u201c Ivan, kter\u00fd baskytaru ve sv\u00e9 kapele vym\u011bnil za kytaru. InTrio Petra Henycha je instrument\u00e1ln\u00ed skupina, reporto\u00e1r skupiny Martin Vand Band tvo\u0159\u00ed p\u0159ev\u00e1\u017en\u011b skladby legend\u00e1rn\u00edho kytaristy Jimmyho Hendrixe.\u00a0<\/p>\n<p>  <!--more-->  <\/p>\n<p><strong>Petr Henych InTrio\u00a0 \u00a0<\/strong><\/p>\n<p>Kytarista Petr Henych vydal ned\u00e1vno sv\u016fj prvn\u00ed ofici\u00e1ln\u00ed s\u00f3lov\u00fd videoklip ke skladb\u011b Fever Pitch. Sou\u010dasn\u011b v nov\u00e9 \u00e9\u0159e sv\u00e9 doprovodn\u00e9 skupiny vyr\u00e1\u017e\u00ed s nov\u00fdm n\u00e1zvem InTrio. Kapelu tvo\u0159\u00ed krom\u011b n\u011bj jeho dlouholet\u00ed spoluhr\u00e1\u010di \u2013 baskytarista Martin Hron\u011bk a buben\u00edk Jakub Homola. Petr Henych se instrument\u00e1ln\u00ed hudb\u011b v\u011bnuje v r\u00e1mci sv\u00fdch s\u00f3lov\u00fdch projekt\u016f ji\u017e del\u0161\u00ed dobu, soub\u011b\u017en\u011b s p\u016fsoben\u00edm v jin\u00fdch kapel\u00e1ch.\u00a0<\/p>\n<p>Kapela, p\u016fvodn\u011b jako G-bod, vznikla v roce 2007, kr\u00e1tce po vyd\u00e1n\u00ed prvn\u00edho s\u00f3lo instrument\u00e1ln\u00edho alba \u201eNa vlastn\u00edch rukou\u201c. V \u010dervenci 2010 vy\u0161lo v po\u0159ad\u00ed druh\u00e9 CD Petra Henycha, resp. jeho kapely G-Bod, s n\u00e1zvem \u201ePleasure Trip\u201c. Aktu\u00e1ln\u00ed koncerty m\u016f\u017eete pr\u016fb\u011b\u017en\u011b sledovat na www.henych.com.\u00a0<\/p>\n<p>Video:<\/p>\n<p>Petr Henych \u2013 Fever Pitch <a href=\"https:\/\/youtu.be\/943zBYLTl_A\">https:\/\/youtu.be\/943zBYLTl_A<\/a>\u00a0<\/p>\n<p>Petr Henych &amp; G-bod \u2013 Joy Flight <a href=\"https:\/\/youtu.be\/oX_qKZu9_9I\">https:\/\/youtu.be\/oX_qKZu9_9I<\/a>\u00a0\u00a0<\/p>\n<p>Ofici\u00e1ln\u00ed internetov\u00e1 prezentace:<\/p>\n<p><a href=\"http:\/\/www.henych.com\">http:\/\/www.henych.com<\/a>\u00a0\u00a0<\/p>\n<p><a href=\"https:\/\/www.facebook.com\/PetrHenychOfficial\/\">https:\/\/www.facebook.com\/PetrHenychOfficial\/<\/a>\u00a0<\/p>\n<p>\u00a0<\/p>\n<p><strong>Martini Van Band<\/strong><\/p>\n<p>Martini Van Band (Rock &amp; Blues tribute band) je projektem baskytaristy Martina \u201eMa\u0165o\u201c Ivana k 50. v\u00fdro\u010d\u00ed \u00famrt\u00ed legend\u00e1rn\u00edho kytaristy Jimmyho Hendrixe.\u00a0<\/p>\n<p>Martin Ivan (Michal Pavl\u00ed\u010dek trio, Kamil St\u0159ihavka Leaders, B.S.P., Precedens&#8230;.) v t\u00e9to kapele vym\u011bnil baskytaru za\u00a0 elektrickou kytaru a postavil se k mikrofonu. V reporto\u00e1ru skupiny m\u016f\u017eete sly\u0161et mj. skladby Voodoo child, Foxy lady, Hey Joy, Little wing atd.<\/p>\n<p>Martini Van Band hraj\u00ed ve slo\u017een\u00ed Martin Ivan (kytara, zp\u011bv), Miroslav M\u00e1lek (baskytara) a Honza Je\u017eek (bic\u00ed).\u00a0<\/p>\n<p><a href=\"https:\/\/www.facebook.com\/Martini-Van-band-161674621122158\/\">https:\/\/www.facebook.com\/Martini-Van-band-161674621122158\/\u00a0<\/a>\u00a0<\/p>\n<p><a href=\"http:\/\/bandzone.cz\/martinivan\">http:\/\/bandzone.cz\/martinivan<\/a>\u00a0\u00a0<\/p>\n<p>\u00a0<\/p>\n<p><strong>Odkaz na akci: <a href=\"https:\/\/www.facebook.com\/events\/1344949308969181\/?ref=br_rs\">https:\/\/www.facebook.com\/events\/1344949308969181\/?ref=br_rs<\/a>\u00a0<\/strong><\/p>\n<p>\u00a0<\/p>\n<p>(-jh-)<\/p>\n<p><img loading=\"lazy\" class=\" size-full wp-image-349\" src=\"https:\/\/jananews.cz\/wp-content\/uploads\/2018\/10\/petrhenych_mato_kainlistopad2018.jpg\" alt=\"\" width=\"681\" height=\"383\" srcset=\"https:\/\/jananews.cz\/wp-content\/uploads\/2018\/10\/petrhenych_mato_kainlistopad2018.jpg 681w, https:\/\/jananews.cz\/wp-content\/uploads\/2018\/10\/petrhenych_mato_kainlistopad2018-300x169.jpg 300w\" sizes=\"(max-width: 681px) 100vw, 681px\" \/><\/p>\n<p><img loading=\"lazy\" class=\" size-full wp-image-308\" src=\"https:\/\/jananews.cz\/wp-content\/uploads\/2018\/04\/petrhenych_feverpitch1.jpg\" alt=\"\" width=\"681\" height=\"381\" \/><\/p>\n<p><img loading=\"lazy\" class=\" size-full wp-image-350\" src=\"https:\/\/jananews.cz\/wp-content\/uploads\/2018\/10\/matoband.jpg\" alt=\"\" width=\"680\" height=\"510\" srcset=\"https:\/\/jananews.cz\/wp-content\/uploads\/2018\/10\/matoband.jpg 960w, https:\/\/jananews.cz\/wp-content\/uploads\/2018\/10\/matoband-300x225.jpg 300w, https:\/\/jananews.cz\/wp-content\/uploads\/2018\/10\/matoband-768x576.jpg 768w\" sizes=\"(max-width: 680px) 100vw, 680px\" \/><\/p>\n","protected":false},"excerpt":{"rendered":"<p>PRAHA &#8211; Spole\u010dn\u00fd koncert kapel Petr Henych InTrio a Martini Van Band se uskute\u010dn\u00ed v sobotu 27. \u0159\u00edjna v pra\u017esk\u00e9m klubu Kain. Na stejn\u00e9m podiu se tak sejdou dva excelentn\u00ed hudebn\u00edci z kapely Leaders! Kamila St\u0159ihavky jako hlavn\u00ed protagonist\u00e9 obou kapel \u2013 kytarista Petr Henych a Martin \u201eMa\u0165o\u201c Ivan, kter\u00fd baskytaru ve sv\u00e9 kapele vym\u011bnil<\/p>\n","protected":false},"author":1,"featured_media":349,"comment_status":"open","ping_status":"open","sticky":false,"template":"","format":"standard","meta":[],"categories":[7],"tags":[],"_links":{"self":[{"href":"https:\/\/jananews.cz\/index.php\/wp-json\/wp\/v2\/posts\/351"}],"collection":[{"href":"https:\/\/jananews.cz\/index.php\/wp-json\/wp\/v2\/posts"}],"about":[{"href":"https:\/\/jananews.cz\/index.php\/wp-json\/wp\/v2\/types\/post"}],"author":[{"embeddable":true,"href":"https:\/\/jananews.cz\/index.php\/wp-json\/wp\/v2\/users\/1"}],"replies":[{"embeddable":true,"href":"https:\/\/jananews.cz\/index.php\/wp-json\/wp\/v2\/comments?post=351"}],"version-history":[{"count":0,"href":"https:\/\/jananews.cz\/index.php\/wp-json\/wp\/v2\/posts\/351\/revisions"}],"wp:featuredmedia":[{"embeddable":true,"href":"https:\/\/jananews.cz\/index.php\/wp-json\/wp\/v2\/media\/349"}],"wp:attachment":[{"href":"https:\/\/jananews.cz\/index.php\/wp-json\/wp\/v2\/media?parent=351"}],"wp:term":[{"taxonomy":"category","embeddable":true,"href":"https:\/\/jananews.cz\/index.php\/wp-json\/wp\/v2\/categories?post=351"},{"taxonomy":"post_tag","embeddable":true,"href":"https:\/\/jananews.cz\/index.php\/wp-json\/wp\/v2\/tags?post=351"}],"curies":[{"name":"wp","href":"https:\/\/api.w.org\/{rel}","templated":true}]}}