{"id":353,"date":"2018-10-31T09:12:55","date_gmt":"2018-10-31T08:12:55","guid":{"rendered":"http:\/\/www.jananews.cz\/WP\/index.php\/2018\/10\/31\/novy-duet-na-kridlech-slaviku-karla-gotta-lucie-bile-je-podekovanim-jejich-fanouskum\/"},"modified":"2018-10-31T09:12:55","modified_gmt":"2018-10-31T08:12:55","slug":"novy-duet-na-kridlech-slaviku-karla-gotta-lucie-bile-je-podekovanim-jejich-fanouskum","status":"publish","type":"post","link":"https:\/\/jananews.cz\/index.php\/2018\/10\/31\/novy-duet-na-kridlech-slaviku-karla-gotta-lucie-bile-je-podekovanim-jejich-fanouskum\/","title":{"rendered":"Nov\u00fd duet Na k\u0159\u00eddlech slav\u00edk\u016f KARLA GOTTA &#038; LUCIE B\u00cdL\u00c9 je pod\u011bkov\u00e1n\u00edm jejich fanou\u0161k\u016fm"},"content":{"rendered":"<p class=\"MsoNormal\">Mnohon\u00e1sobn\u00ed slav\u00edci Karel Gott a Lucie B\u00edl\u00e1 nazp\u00edvali po deseti letech nov\u00fd duet a za\u0159adili ho do nov\u00e9 edice sv\u00e9ho spole\u010dn\u00e9ho alba &#8222;Duety&#8220;.\u00a0P\u00edse\u0148 &#8222;Na k\u0159\u00eddlech slav\u00edk\u016f&#8220;\u00a0je vyj\u00e1d\u0159en\u00edm vz\u00e1jemn\u00e9 \u00facty Karla a Lucie, ale p\u0159edev\u0161\u00edm pod\u011bkov\u00e1n\u00edm jejich fanou\u0161k\u016fm, kte\u0159\u00ed jsou pro n\u011b tou nejv\u011bt\u0161\u00ed motivac\u00ed a d\u00edky kter\u00fdm maj\u00ed na sv\u00e9m kont\u011b neuv\u011b\u0159itelnou a zcela jist\u011b nedosti\u017enou sb\u00edrku ocen\u011bn\u00ed nesouc\u00edch toto jm\u00e9no.<\/p>\n<p>  <!--more-->  <\/p>\n<p class=\"MsoNormal\">\u00a0<\/p>\n<p class=\"MsoNormal\">Legend\u00e1rn\u00ed album Karla Gotta a Lucie B\u00edl\u00e9 a vy\u0161lo poprv\u00e9 v roce 1997 a stalo se prodejn\u00edm trh\u00e1kem. Ve verzi roz\u0161\u00ed\u0159en\u00e9 o skladbu Kr\u00e1sa vy\u0161lo o\u00a0dvan\u00e1ct\u00a0let pozd\u011bji. \u201eDuety Karla s Luckou jsou v mnoh\u00e9m v\u00fdjime\u010dn\u00fdm titulem. Bez nads\u00e1zky se jedn\u00e1 o v\u016fbec nej\u00fasp\u011b\u0161n\u011bj\u0161\u00ed \u010desk\u00e9 album duet\u016f v historii,\u201c hodnot\u00ed album \u0159editel hudebn\u00edho vydavatelstv\u00ed Warner Music Vladim\u00edr Ko\u010dandrle.<\/p>\n<p class=\"MsoNormal\">Duety se staly jedn\u00edm z nejprod\u00e1van\u011bj\u0161\u00edch titul\u016f obou slav\u00edk\u016f. Jenom z\u00e1kladn\u00ed edice tohoto alba se prodalo bezm\u00e1la p\u016fl milionu CD.<\/p>\n<p class=\"MsoNormal\">Tracklist:<\/p>\n<p class=\"MsoNormal\">1. Na k\u0159\u00eddlech slav\u00edk\u016f, 2. Kr\u00e1sa, 3. Co sudi\u010dky p\u0159\u00e1ly n\u00e1m, 4. Za st\u0159\u00edpek l\u00e1sky, 5. Jarn\u00ed setk\u00e1n\u00ed, 6. Jen jednou sm\u00edm se ti l\u00e1sko zd\u00e1t, 7. Potm\u011b jsme v\u0161ichni stejn\u00ed, 8. Hold l\u00e1sce, 9. S muzikou, 10.<span style=\"mso-spacerun: yes;\">\u00a0 <\/span>P\u00e1nb\u016fh se splet, 11. Kr\u00e9do, 12. P\u00edse\u0148 n\u00e1m kouzlo skr\u00fdv\u00e1, 13. Fax mi, bejby, nepos\u00edlej, 14. Posledn\u00ed noc, 15. \u0160\u0165astn\u00e1 hv\u011bzda, 16. Amor ti vieta, 17. Sen v n\u00e1s z\u016fst\u00e1v\u00e1<\/p>\n<p class=\"MsoNormal\">\u00a0<\/p>\n<p class=\"MsoNormal\">Text a foto: Kate\u0159ina Kr\u00e1lov\u00e1,\u00a0<span style=\"color: #595959; font-size: 13.33px;\">Public Relations &amp; Communication &amp; Promotion,\u00a0<\/span><span style=\"color: #595959; font-size: 13.33px;\">Warner Music<\/span><span style=\"color: #595959; font-size: 13.33px;\"> \/PR &amp; Promotion<\/span><\/p>\n<p class=\"MsoNormal\"><span style=\"color: #595959; font-size: 13.33px;\"><img loading=\"lazy\" class=\" size-full wp-image-352\" src=\"https:\/\/jananews.cz\/wp-content\/uploads\/2018\/10\/gott_bila_duety2018.jpg\" alt=\"\" width=\"599\" height=\"599\" srcset=\"https:\/\/jananews.cz\/wp-content\/uploads\/2018\/10\/gott_bila_duety2018.jpg 1200w, https:\/\/jananews.cz\/wp-content\/uploads\/2018\/10\/gott_bila_duety2018-300x300.jpg 300w, https:\/\/jananews.cz\/wp-content\/uploads\/2018\/10\/gott_bila_duety2018-1024x1024.jpg 1024w, https:\/\/jananews.cz\/wp-content\/uploads\/2018\/10\/gott_bila_duety2018-150x150.jpg 150w, https:\/\/jananews.cz\/wp-content\/uploads\/2018\/10\/gott_bila_duety2018-768x768.jpg 768w, https:\/\/jananews.cz\/wp-content\/uploads\/2018\/10\/gott_bila_duety2018-100x100.jpg 100w\" sizes=\"(max-width: 599px) 100vw, 599px\" \/><\/span><\/p>\n<p class=\"MsoNormal\">\u00a0<\/p>\n","protected":false},"excerpt":{"rendered":"<p>Mnohon\u00e1sobn\u00ed slav\u00edci Karel Gott a Lucie B\u00edl\u00e1 nazp\u00edvali po deseti letech nov\u00fd duet a za\u0159adili ho do nov\u00e9 edice sv\u00e9ho spole\u010dn\u00e9ho alba &#8222;Duety&#8220;.\u00a0P\u00edse\u0148 &#8222;Na k\u0159\u00eddlech slav\u00edk\u016f&#8220;\u00a0je vyj\u00e1d\u0159en\u00edm vz\u00e1jemn\u00e9 \u00facty Karla a Lucie, ale p\u0159edev\u0161\u00edm pod\u011bkov\u00e1n\u00edm jejich fanou\u0161k\u016fm, kte\u0159\u00ed jsou pro n\u011b tou nejv\u011bt\u0161\u00ed motivac\u00ed a d\u00edky kter\u00fdm maj\u00ed na sv\u00e9m kont\u011b neuv\u011b\u0159itelnou a zcela jist\u011b<\/p>\n","protected":false},"author":1,"featured_media":352,"comment_status":"open","ping_status":"open","sticky":false,"template":"","format":"standard","meta":[],"categories":[7],"tags":[],"_links":{"self":[{"href":"https:\/\/jananews.cz\/index.php\/wp-json\/wp\/v2\/posts\/353"}],"collection":[{"href":"https:\/\/jananews.cz\/index.php\/wp-json\/wp\/v2\/posts"}],"about":[{"href":"https:\/\/jananews.cz\/index.php\/wp-json\/wp\/v2\/types\/post"}],"author":[{"embeddable":true,"href":"https:\/\/jananews.cz\/index.php\/wp-json\/wp\/v2\/users\/1"}],"replies":[{"embeddable":true,"href":"https:\/\/jananews.cz\/index.php\/wp-json\/wp\/v2\/comments?post=353"}],"version-history":[{"count":0,"href":"https:\/\/jananews.cz\/index.php\/wp-json\/wp\/v2\/posts\/353\/revisions"}],"wp:featuredmedia":[{"embeddable":true,"href":"https:\/\/jananews.cz\/index.php\/wp-json\/wp\/v2\/media\/352"}],"wp:attachment":[{"href":"https:\/\/jananews.cz\/index.php\/wp-json\/wp\/v2\/media?parent=353"}],"wp:term":[{"taxonomy":"category","embeddable":true,"href":"https:\/\/jananews.cz\/index.php\/wp-json\/wp\/v2\/categories?post=353"},{"taxonomy":"post_tag","embeddable":true,"href":"https:\/\/jananews.cz\/index.php\/wp-json\/wp\/v2\/tags?post=353"}],"curies":[{"name":"wp","href":"https:\/\/api.w.org\/{rel}","templated":true}]}}