{"id":364,"date":"2019-01-28T16:58:40","date_gmt":"2019-01-28T15:58:40","guid":{"rendered":"http:\/\/www.jananews.cz\/WP\/index.php\/2019\/01\/28\/petr-henych-intrio-martini-van-band-spolecne-v-ludvikovicich\/"},"modified":"2019-01-28T16:58:40","modified_gmt":"2019-01-28T15:58:40","slug":"petr-henych-intrio-martini-van-band-spolecne-v-ludvikovicich","status":"publish","type":"post","link":"https:\/\/jananews.cz\/index.php\/2019\/01\/28\/petr-henych-intrio-martini-van-band-spolecne-v-ludvikovicich\/","title":{"rendered":"Petr Henych InTrio + Martini Van Band spole\u010dn\u011b v Ludv\u00edkovic\u00edch"},"content":{"rendered":"<table style=\"width: 100%;\" border=\"0\" cellspacing=\"5\" cellpadding=\"5\">\n<tbody>\n<tr>\n<td style=\"width: 200px; vertical-align: top;\"><img loading=\"lazy\" class=\" size-full wp-image-356\" src=\"https:\/\/jananews.cz\/wp-content\/uploads\/2019\/01\/ludvikovice_petr_a_mato.jpg\" alt=\"\" width=\"198\" height=\"175\" srcset=\"https:\/\/jananews.cz\/wp-content\/uploads\/2019\/01\/ludvikovice_petr_a_mato.jpg 2048w, https:\/\/jananews.cz\/wp-content\/uploads\/2019\/01\/ludvikovice_petr_a_mato-300x264.jpg 300w, https:\/\/jananews.cz\/wp-content\/uploads\/2019\/01\/ludvikovice_petr_a_mato-1024x902.jpg 1024w, https:\/\/jananews.cz\/wp-content\/uploads\/2019\/01\/ludvikovice_petr_a_mato-768x676.jpg 768w, https:\/\/jananews.cz\/wp-content\/uploads\/2019\/01\/ludvikovice_petr_a_mato-1536x1352.jpg 1536w\" sizes=\"(max-width: 198px) 100vw, 198px\" \/><\/td>\n<td style=\"vertical-align: top;\">Spole\u010dn\u00fd koncert kapel Petr Henych InTrio a Martini Van Band se uskute\u010dnil v sobotu 26. ledna v KD Ludv\u00edkovice. Na stejn\u00e9m podiu se tak se\u0161li dva excelentn\u00ed hudebn\u00edci z kapely Leaders! Kamila St\u0159ihavky jako hlavn\u00ed protagonist\u00e9 obou kapel \u2013 kytarista Petr Henych a Martin \u201eMa\u0165o\u201c Ivan, kter\u00fd baskytaru ve sv\u00e9 kapele vym\u011bnil za kytaru. InTrio Petra Henycha je instrument\u00e1ln\u00ed skupina, reporto\u00e1r skupiny Martin Vand Band tvo\u0159\u00ed p\u0159ev\u00e1\u017en\u011b skladby legend\u00e1rn\u00edho kytaristy Jimmyho Hendrixe.<\/td>\n<\/tr>\n<\/tbody>\n<\/table>\n<p>  <!--more-->  <\/p>\n<p style=\"text-align: left;\"><strong>Petr Henych InTrio\u00a0 \u00a0<\/strong><\/p>\n<p style=\"text-align: left;\"><span style=\"font-size: 12.16px;\">Kytarista Petr Henych vydal ned\u00e1vno sv\u016fj prvn\u00ed ofici\u00e1ln\u00ed s\u00f3lov\u00fd videoklip ke skladb\u011b Fever Pitch. Sou\u010dasn\u011b v nov\u00e9 \u00e9\u0159e sv\u00e9 doprovodn\u00e9 skupiny vyr\u00e1\u017e\u00ed s nov\u00fdm n\u00e1zvem InTrio. Kapelu tvo\u0159\u00ed krom\u011b n\u011bj jeho dlouholet\u00ed spoluhr\u00e1\u010di \u2013 baskytarista Martin Hron\u011bk a buben\u00edk Jakub Homola. Petr Henych se instrument\u00e1ln\u00ed hudb\u011b v\u011bnuje v r\u00e1mci sv\u00fdch s\u00f3lov\u00fdch projekt\u016f ji\u017e del\u0161\u00ed dobu, soub\u011b\u017en\u011b s p\u016fsoben\u00edm v jin\u00fdch kapel\u00e1ch.\u00a0<\/span><\/p>\n<p style=\"text-align: left;\">Kapela, p\u016fvodn\u011b jako G-bod, vznikla v roce 2007, kr\u00e1tce po vyd\u00e1n\u00ed prvn\u00edho s\u00f3lo instrument\u00e1ln\u00edho alba \u201eNa vlastn\u00edch rukou\u201c. V \u010dervenci 2010 vy\u0161lo v po\u0159ad\u00ed druh\u00e9 CD Petra Henycha, resp. jeho kapely G-Bod, s n\u00e1zvem \u201ePleasure Trip\u201c. Aktu\u00e1ln\u00ed koncerty m\u016f\u017eete pr\u016fb\u011b\u017en\u011b sledovat na www.henych.com.\u00a0<\/p>\n<p style=\"text-align: left;\"><span style=\"font-size: 12.16px;\">Video:<\/span><\/p>\n<p style=\"text-align: left;\"><span style=\"font-size: 12.16px;\">Petr Henych \u2013 Fever Pitch <a href=\"https:\/\/youtu.be\/943zBYLTl_A\">https:\/\/youtu.be\/943zBYLTl_A<\/a>\u00a0<\/span><\/p>\n<p style=\"text-align: left;\"><span style=\"font-size: 12.16px;\">Petr Henych &amp; G-bod \u2013 Joy Flight <a href=\"https:\/\/youtu.be\/oX_qKZu9_9I\">https:\/\/youtu.be\/oX_qKZu9_9I<\/a>\u00a0\u00a0<\/span><\/p>\n<p style=\"text-align: left;\">\u00a0<\/p>\n<p style=\"text-align: left;\"><span style=\"font-size: 12.16px;\">Ofici\u00e1ln\u00ed internetov\u00e1 prezentace:<\/span><\/p>\n<p style=\"text-align: left;\"><span style=\"font-size: 12.16px;\"><a href=\"http:\/\/www.henych.com\">http:\/\/www.henych.com<\/a>\u00a0\u00a0<\/span><\/p>\n<p style=\"text-align: left;\"><span style=\"font-size: 12.16px;\"><a href=\"https:\/\/www.facebook.com\/PetrHenychOfficial\/\">https:\/\/www.facebook.com\/PetrHenychOfficial\/<\/a>\u00a0<\/span><\/p>\n<p style=\"text-align: left;\"><span style=\"font-size: 12.16px;\">\u00a0<\/span><\/p>\n<p style=\"text-align: left;\"><strong><span style=\"font-size: 12.16px;\">Martini Van Band<\/span><\/strong><\/p>\n<p style=\"text-align: left;\"><span style=\"font-size: 12.16px;\">Martini Van Band (Rock &amp; Blues tribute band) je projektem baskytaristy Martina \u201eMa\u0165o\u201c Ivana k 50. v\u00fdro\u010d\u00ed \u00famrt\u00ed legend\u00e1rn\u00edho kytaristy Jimmyho Hendrixe.\u00a0<\/span><\/p>\n<p style=\"text-align: left;\">Martin Ivan (Michal Pavl\u00ed\u010dek trio, Kamil St\u0159ihavka Leaders, B.S.P., Precedens&#8230;.) v t\u00e9to kapele vym\u011bnil baskytaru za\u00a0 elektrickou kytaru a postavil se k mikrofonu. V reperto\u00e1ru skupiny m\u016f\u017eete sly\u0161et mj. skladby Voodoo child, Foxy lady, Hey Joy, Little wing atd.<\/p>\n<p style=\"text-align: left;\">Martini Van Band hraj\u00ed ve slo\u017een\u00ed Martin Ivan (kytara, zp\u011bv), Miroslav M\u00e1lek (baskytara) a Jan Proch\u00e1zka (bic\u00ed). Sestavu doplnil hr\u00e1\u010d na foukac\u00ed harmoniku Anton\u00edn Kindl.<\/p>\n<p style=\"text-align: left;\"><a href=\"https:\/\/www.facebook.com\/Martini-Van-band-161674621122158\/\">https:\/\/www.facebook.com\/Martini-Van-band-161674621122158\/<\/a>\u00a0\u00a0<\/p>\n<p style=\"text-align: left;\"><span style=\"font-size: 12.16px;\"><a href=\"http:\/\/bandzone.cz\/martinivan\">http:\/\/bandzone.cz\/martinivan<\/a>\u00a0\u00a0<\/span><\/p>\n<p style=\"text-align: left;\">\u00a0Text a foto: JH<\/p>\n<table border=\".\">\n<tbody>\n<tr>\n<td>\n<p><img loading=\"lazy\" class=\" size-full wp-image-356\" src=\"https:\/\/jananews.cz\/wp-content\/uploads\/2019\/01\/ludvikovice_petr_a_mato.jpg\" alt=\"\" width=\"440\" height=\"388\" srcset=\"https:\/\/jananews.cz\/wp-content\/uploads\/2019\/01\/ludvikovice_petr_a_mato.jpg 2048w, https:\/\/jananews.cz\/wp-content\/uploads\/2019\/01\/ludvikovice_petr_a_mato-300x264.jpg 300w, https:\/\/jananews.cz\/wp-content\/uploads\/2019\/01\/ludvikovice_petr_a_mato-1024x902.jpg 1024w, https:\/\/jananews.cz\/wp-content\/uploads\/2019\/01\/ludvikovice_petr_a_mato-768x676.jpg 768w, https:\/\/jananews.cz\/wp-content\/uploads\/2019\/01\/ludvikovice_petr_a_mato-1536x1352.jpg 1536w\" sizes=\"(max-width: 440px) 100vw, 440px\" \/><\/p>\n<p>\u00a0Zleva: Petr Henych, Martin Ma\u0165o Ivan<\/p>\n<\/td>\n<td>\u00a0<img loading=\"lazy\" class=\" size-full wp-image-357\" src=\"https:\/\/jananews.cz\/wp-content\/uploads\/2019\/01\/ludvikovice_intrio_petr.jpg\" alt=\"\" width=\"536\" height=\"381\" srcset=\"https:\/\/jananews.cz\/wp-content\/uploads\/2019\/01\/ludvikovice_intrio_petr.jpg 2048w, https:\/\/jananews.cz\/wp-content\/uploads\/2019\/01\/ludvikovice_intrio_petr-300x213.jpg 300w, https:\/\/jananews.cz\/wp-content\/uploads\/2019\/01\/ludvikovice_intrio_petr-1024x728.jpg 1024w, https:\/\/jananews.cz\/wp-content\/uploads\/2019\/01\/ludvikovice_intrio_petr-768x546.jpg 768w, https:\/\/jananews.cz\/wp-content\/uploads\/2019\/01\/ludvikovice_intrio_petr-1536x1092.jpg 1536w\" sizes=\"(max-width: 536px) 100vw, 536px\" \/> <\/p>\n<p>InTrio &#8211; Petr Henych<\/p>\n<\/td>\n<\/tr>\n<tr>\n<td>\n<p><img loading=\"lazy\" class=\" size-full wp-image-358\" src=\"https:\/\/jananews.cz\/wp-content\/uploads\/2019\/01\/ludvikovice_intrio_martin.jpg\" alt=\"\" width=\"439\" height=\"345\" srcset=\"https:\/\/jananews.cz\/wp-content\/uploads\/2019\/01\/ludvikovice_intrio_martin.jpg 2048w, https:\/\/jananews.cz\/wp-content\/uploads\/2019\/01\/ludvikovice_intrio_martin-300x236.jpg 300w, https:\/\/jananews.cz\/wp-content\/uploads\/2019\/01\/ludvikovice_intrio_martin-1024x806.jpg 1024w, https:\/\/jananews.cz\/wp-content\/uploads\/2019\/01\/ludvikovice_intrio_martin-768x604.jpg 768w, https:\/\/jananews.cz\/wp-content\/uploads\/2019\/01\/ludvikovice_intrio_martin-1536x1208.jpg 1536w\" sizes=\"(max-width: 439px) 100vw, 439px\" \/><\/p>\n<p>InTrio &#8211; Martin Hron\u011bk<\/p>\n<\/td>\n<td>\n<p><img loading=\"lazy\" class=\" size-full wp-image-359\" style=\"font-size: 12.16px;\" src=\"https:\/\/jananews.cz\/wp-content\/uploads\/2019\/01\/ludvikovice_intrio_jakub.jpg\" alt=\"\" width=\"501\" height=\"341\" srcset=\"https:\/\/jananews.cz\/wp-content\/uploads\/2019\/01\/ludvikovice_intrio_jakub.jpg 2048w, https:\/\/jananews.cz\/wp-content\/uploads\/2019\/01\/ludvikovice_intrio_jakub-300x204.jpg 300w, https:\/\/jananews.cz\/wp-content\/uploads\/2019\/01\/ludvikovice_intrio_jakub-1024x696.jpg 1024w, https:\/\/jananews.cz\/wp-content\/uploads\/2019\/01\/ludvikovice_intrio_jakub-768x522.jpg 768w, https:\/\/jananews.cz\/wp-content\/uploads\/2019\/01\/ludvikovice_intrio_jakub-1536x1044.jpg 1536w\" sizes=\"(max-width: 501px) 100vw, 501px\" \/><\/p>\n<p><span style=\"font-size: 12.16px;\">InTrio &#8211; Jakub Homola<\/span><\/p>\n<\/td>\n<\/tr>\n<tr>\n<td>\n<p>\u00a0<img loading=\"lazy\" class=\" size-full wp-image-360\" src=\"https:\/\/jananews.cz\/wp-content\/uploads\/2019\/01\/ludvikovice_mato_mato.jpg\" alt=\"\" width=\"432\" height=\"289\" srcset=\"https:\/\/jananews.cz\/wp-content\/uploads\/2019\/01\/ludvikovice_mato_mato.jpg 2048w, https:\/\/jananews.cz\/wp-content\/uploads\/2019\/01\/ludvikovice_mato_mato-300x200.jpg 300w, https:\/\/jananews.cz\/wp-content\/uploads\/2019\/01\/ludvikovice_mato_mato-1024x683.jpg 1024w, https:\/\/jananews.cz\/wp-content\/uploads\/2019\/01\/ludvikovice_mato_mato-768x512.jpg 768w, https:\/\/jananews.cz\/wp-content\/uploads\/2019\/01\/ludvikovice_mato_mato-1536x1024.jpg 1536w\" sizes=\"(max-width: 432px) 100vw, 432px\" \/><\/p>\n<p>Martini van band<\/p>\n<\/td>\n<td>\n<p>\u00a0<img loading=\"lazy\" class=\" size-full wp-image-361\" src=\"https:\/\/jananews.cz\/wp-content\/uploads\/2019\/01\/ludvikovice_mato_foukacka.jpg\" alt=\"\" width=\"404\" height=\"318\" srcset=\"https:\/\/jananews.cz\/wp-content\/uploads\/2019\/01\/ludvikovice_mato_foukacka.jpg 2048w, https:\/\/jananews.cz\/wp-content\/uploads\/2019\/01\/ludvikovice_mato_foukacka-300x236.jpg 300w, https:\/\/jananews.cz\/wp-content\/uploads\/2019\/01\/ludvikovice_mato_foukacka-1024x805.jpg 1024w, https:\/\/jananews.cz\/wp-content\/uploads\/2019\/01\/ludvikovice_mato_foukacka-768x603.jpg 768w, https:\/\/jananews.cz\/wp-content\/uploads\/2019\/01\/ludvikovice_mato_foukacka-1536x1207.jpg 1536w\" sizes=\"(max-width: 404px) 100vw, 404px\" \/><\/p>\n<p>Martini van band &#8211; Anton\u00edn Kindl<\/p>\n<\/td>\n<\/tr>\n<tr>\n<td>\n<p>\u00a0<img loading=\"lazy\" class=\" size-full wp-image-362\" src=\"https:\/\/jananews.cz\/wp-content\/uploads\/2019\/01\/ludvikovice_mato_bici.jpg\" alt=\"\" width=\"428\" height=\"287\" srcset=\"https:\/\/jananews.cz\/wp-content\/uploads\/2019\/01\/ludvikovice_mato_bici.jpg 2048w, https:\/\/jananews.cz\/wp-content\/uploads\/2019\/01\/ludvikovice_mato_bici-300x201.jpg 300w, https:\/\/jananews.cz\/wp-content\/uploads\/2019\/01\/ludvikovice_mato_bici-1024x685.jpg 1024w, https:\/\/jananews.cz\/wp-content\/uploads\/2019\/01\/ludvikovice_mato_bici-768x514.jpg 768w, https:\/\/jananews.cz\/wp-content\/uploads\/2019\/01\/ludvikovice_mato_bici-1536x1028.jpg 1536w\" sizes=\"(max-width: 428px) 100vw, 428px\" \/><\/p>\n<p>Martini van band &#8211; Jan Proch\u00e1zka<\/p>\n<\/td>\n<td>\u00a0 <\/p>\n<p><img loading=\"lazy\" class=\" size-full wp-image-363\" src=\"https:\/\/jananews.cz\/wp-content\/uploads\/2019\/01\/ludvikovice_mato_basak.jpg\" alt=\"\" width=\"421\" height=\"311\" srcset=\"https:\/\/jananews.cz\/wp-content\/uploads\/2019\/01\/ludvikovice_mato_basak.jpg 2048w, https:\/\/jananews.cz\/wp-content\/uploads\/2019\/01\/ludvikovice_mato_basak-300x222.jpg 300w, https:\/\/jananews.cz\/wp-content\/uploads\/2019\/01\/ludvikovice_mato_basak-1024x757.jpg 1024w, https:\/\/jananews.cz\/wp-content\/uploads\/2019\/01\/ludvikovice_mato_basak-768x568.jpg 768w, https:\/\/jananews.cz\/wp-content\/uploads\/2019\/01\/ludvikovice_mato_basak-1536x1136.jpg 1536w\" sizes=\"(max-width: 421px) 100vw, 421px\" \/><\/p>\n<p>Martini van band &#8211; Miroslav M\u00e1lek<\/p>\n<\/td>\n<\/tr>\n<\/tbody>\n<\/table>\n","protected":false},"excerpt":{"rendered":"<p>Spole\u010dn\u00fd koncert kapel Petr Henych InTrio a Martini Van Band se uskute\u010dnil v sobotu 26. ledna v KD Ludv\u00edkovice. Na stejn\u00e9m podiu se tak se\u0161li dva excelentn\u00ed hudebn\u00edci z kapely Leaders! Kamila St\u0159ihavky jako hlavn\u00ed protagonist\u00e9 obou kapel \u2013 kytarista Petr Henych a Martin \u201eMa\u0165o\u201c Ivan, kter\u00fd baskytaru ve sv\u00e9 kapele vym\u011bnil za kytaru. InTrio<\/p>\n","protected":false},"author":1,"featured_media":356,"comment_status":"open","ping_status":"open","sticky":false,"template":"","format":"standard","meta":[],"categories":[7],"tags":[],"_links":{"self":[{"href":"https:\/\/jananews.cz\/index.php\/wp-json\/wp\/v2\/posts\/364"}],"collection":[{"href":"https:\/\/jananews.cz\/index.php\/wp-json\/wp\/v2\/posts"}],"about":[{"href":"https:\/\/jananews.cz\/index.php\/wp-json\/wp\/v2\/types\/post"}],"author":[{"embeddable":true,"href":"https:\/\/jananews.cz\/index.php\/wp-json\/wp\/v2\/users\/1"}],"replies":[{"embeddable":true,"href":"https:\/\/jananews.cz\/index.php\/wp-json\/wp\/v2\/comments?post=364"}],"version-history":[{"count":0,"href":"https:\/\/jananews.cz\/index.php\/wp-json\/wp\/v2\/posts\/364\/revisions"}],"wp:featuredmedia":[{"embeddable":true,"href":"https:\/\/jananews.cz\/index.php\/wp-json\/wp\/v2\/media\/356"}],"wp:attachment":[{"href":"https:\/\/jananews.cz\/index.php\/wp-json\/wp\/v2\/media?parent=364"}],"wp:term":[{"taxonomy":"category","embeddable":true,"href":"https:\/\/jananews.cz\/index.php\/wp-json\/wp\/v2\/categories?post=364"},{"taxonomy":"post_tag","embeddable":true,"href":"https:\/\/jananews.cz\/index.php\/wp-json\/wp\/v2\/tags?post=364"}],"curies":[{"name":"wp","href":"https:\/\/api.w.org\/{rel}","templated":true}]}}