{"id":366,"date":"2019-08-23T18:25:08","date_gmt":"2019-08-23T16:25:08","guid":{"rendered":"http:\/\/www.jananews.cz\/WP\/index.php\/2019\/08\/23\/sijete-nebo-chcete-sit-sijte-na-faceboku-s-keliskama\/"},"modified":"2019-08-23T18:25:08","modified_gmt":"2019-08-23T16:25:08","slug":"sijete-nebo-chcete-sit-sijte-na-faceboku-s-keliskama","status":"publish","type":"post","link":"https:\/\/jananews.cz\/index.php\/2019\/08\/23\/sijete-nebo-chcete-sit-sijte-na-faceboku-s-keliskama\/","title":{"rendered":"\u0160ijete nebo chcete \u0161\u00edt? \u0160ijte na Faceboku s\u00a0Keli\u0161kama!"},"content":{"rendered":"<p>\u00a0<\/p>\n<p class=\"MsoNormal\" style=\"text-align: justify;\"><b><span style=\"font-size: 10.0pt; line-height: 115%; font-family: 'Arial',sans-serif;\">U\u0161\u00edt si sama \u010di s\u00e1m oble\u010den\u00ed? P\u0159e\u017eitek, pot\u0159eba u\u0161et\u0159it \u2013 nebo si po\u0159\u00eddit origin\u00e1ln\u00ed kousek \u0161atn\u00edku, z\u00a0l\u00e1tky, kterou si sama vyberete, kde m\u00e1te mo\u017enost z\u00edskat daleko v\u00edce informac\u00ed o jej\u00edm v\u00fdrobci a slo\u017een\u00ed v\u010detn\u011b nez\u00e1vadnosti, a nav\u00edc z\u00edskat model, ve kter\u00e9m se v\u00e1m nejsp\u00ed\u0161e nestane, abyste potkala v\u00a0tom sam\u00e9m n\u011bkoho dal\u0161\u00edho? Ano, ta posledn\u00ed mo\u017enost je spr\u00e1vn\u011b. Jistou volbu tvo\u0159\u00ed i nakupov\u00e1n\u00ed oble\u010den\u00ed luxusn\u00edch zna\u010dek, kde je ur\u010dit\u00fd filtr zaji\u0161t\u011bn cenou v\u00fdrobku \u2013 av\u0161ak co si budeme \u0159\u00edkat, \u017ee\u2026 Zna\u010dkov\u00e9 oble\u010den\u00ed m\u016f\u017ee m\u00edt ka\u017ed\u00fd, kdo m\u00e1 pen\u00edze. Ale b\u00fdt s\u00e1m sob\u011b zna\u010dkou, tak to je u\u017e n\u011bco jin\u00e9ho. Jestli se v\u00e1m pr\u00e1v\u011b takov\u00e1 cesta l\u00edb\u00ed, pak \u010dtete ten spr\u00e1vn\u00fd \u010dl\u00e1nek.<\/span><\/b>\u00a0<\/p>\n<p class=\"MsoNormal\" style=\"text-align: justify;\"><img loading=\"lazy\" class=\" size-full wp-image-365\" style=\"font-size: 12.16px;\" src=\"https:\/\/jananews.cz\/wp-content\/uploads\/2019\/08\/siti_s_keliskama.JPG\" alt=\"\" width=\"266\" height=\"87\" srcset=\"https:\/\/jananews.cz\/wp-content\/uploads\/2019\/08\/siti_s_keliskama.JPG 1041w, https:\/\/jananews.cz\/wp-content\/uploads\/2019\/08\/siti_s_keliskama-300x98.jpg 300w, https:\/\/jananews.cz\/wp-content\/uploads\/2019\/08\/siti_s_keliskama-1024x334.jpg 1024w, https:\/\/jananews.cz\/wp-content\/uploads\/2019\/08\/siti_s_keliskama-768x251.jpg 768w\" sizes=\"(max-width: 266px) 100vw, 266px\" \/><\/p>\n<p>  <!--more-->  <\/p>\n<p>\u00a0<\/p>\n<p class=\"MsoNormal\" style=\"text-align: justify;\"><span style=\"font-size: 10.0pt; line-height: 115%; font-family: 'Arial',sans-serif;\">Koncem srpna 2019 vznikla na Facebooku zbrusu nov\u00e1 skupina s\u00a0n\u00e1zvem \u0160it\u00ed s\u00a0Keli\u0161kama. Ano, tento humorn\u00fd n\u00e1zev, dopln\u011bn\u00fd bannerem s obr\u00e1zkem legend\u00e1rn\u00edch babek z\u00a0filmov\u00e9ho cyklu Slunce, seno\u2026, d\u00e1v\u00e1 ji\u017e ozna\u010den\u00edm o\u010dek\u00e1vat, kdo se ve skupin\u011b bude nach\u00e1zet. \ud83d\ude42 Jsou to p\u0159ev\u00e1\u017en\u011b \u017eeny \u2013 a co je velmi mil\u00e9, na rozd\u00edl od filmov\u00fdch babek, v\u0161eho v\u011bku. Setk\u00e1vaj\u00ed se zde opravdu mlad\u00e9 za\u010d\u00ednaj\u00edc\u00ed \u0161vadlenky a vedle profesion\u00e1ln\u00edch \u0161vadlen i zku\u0161en\u00fdch amat\u00e9rek, \u0161ij\u00edc\u00edch na profesion\u00e1ln\u00ed technice, zde maj\u00ed dve\u0159e otev\u0159eny i \u00fapln\u011b oby\u010dejn\u00e9 \u017eeny, kter\u00e9 si koupily t\u0159eba ned\u00e1vno supermarketov\u00fd stroj se z\u00e1kladn\u00edmi funkcemi, a maj\u00ed velkou touhu vstoupit do sv\u011bta pan\u00ed M\u00f3dy. Ve skupin\u011b prob\u00edhaj\u00ed diskuse pod vlo\u017een\u00fdmi p\u0159\u00edsp\u011bvky \u2013 bu\u010f na t\u00e9ma \u0161it\u00ed konkr\u00e9tn\u00edho modelu, nebo poradenstv\u00ed v\u00a0p\u0159\u00edpad\u011b z\u00e1m\u011bru n\u011bjak\u00fd model u\u0161\u00edt. <\/span><\/p>\n<p class=\"MsoNormal\" style=\"text-align: justify;\"><span style=\"font-size: 10.0pt; line-height: 115%; font-family: 'Arial',sans-serif;\">Skupina sou\u010dasn\u011b nab\u00edz\u00ed jak\u00fdsi \u017eiv\u00fd organismus \u2013 pokud nap\u0159\u00edklad \u0161vadlenka n\u011bco \u0161ije a dostane se do \u00fazk\u00fdch, \u017ee v\u00e1\u017en\u011b nev\u00ed, jak vzniklou situaci vy\u0159e\u0161it, jednodu\u0161e nap\u00ed\u0161e p\u0159\u00edsp\u011bvek a v\u017edy se n\u011bkdo b\u011bhem p\u00e1r minut najde, kdo j\u00ed porad\u00ed. Sou\u010dasn\u011b krom\u011b v\u00fdm\u011bny zku\u0161enost\u00ed d\u00e1v\u00e1 skupina i mo\u017enost vz\u00e1jemn\u011b sd\u00edlet n\u00e1vody a st\u0159ihy na oble\u010den\u00ed, v\u010detn\u011b inspirac\u00ed na jejich p\u0159ed\u011bl\u00e1vky.<\/span><span style=\"font-size: 10.0pt; line-height: 115%; font-family: 'Arial',sans-serif; mso-fareast-font-family: 'Segoe UI Emoji';\"> Mimo pomoc p\u0159i \u0161it\u00ed si d\u00e1my vz\u00e1jemn\u011b vym\u011b\u0148uj\u00ed t\u0159eba i tipy na to, jak\u00fd si po\u0159\u00eddit \u0161ic\u00ed stroj nebo na spot\u0159ebn\u00ed materi\u00e1l, jako jsou jehly, nit\u011b \u010di r\u016fzn\u00e9 galantern\u00ed dopl\u0148ky.<\/span><\/p>\n<p class=\"MsoNormal\" style=\"text-align: justify;\"><span style=\"font-size: 10.0pt; line-height: 115%; font-family: 'Arial',sans-serif;\">Samoz\u0159ejm\u011b nam\u00edtnete, \u017ee x n\u00e1vod\u016f se nach\u00e1z\u00ed na kan\u00e1lu YouTube \u2013 jen\u017ee pokud n\u011bkdo v\u016fbec nic na za\u010d\u00e1tku nev\u00ed, nev\u00ed ani to, jak se t\u0159eba konkr\u00e9tn\u00ed postup jmenuje, aby ho mohl d\u00e1le i dohledat v\u00a0b\u011b\u017en\u00fdch zdroj\u00edch. Skupina je jak\u00e1si pomoc \u0161vadlen \u0161vadlen\u00e1m, n\u011bco jako \u201e\u017eeny sob\u011b\u201c \ud83d\ude42<\/span><span style=\"font-size: 10.0pt; line-height: 115%; font-family: 'Arial',sans-serif; mso-fareast-font-family: 'Segoe UI Emoji';\">. Vznikaj\u00ed tak kolikr\u00e1t velmi zaj\u00edmav\u00e9 diskuse a r\u016fzn\u00e9 varianty \u0159e\u0161en\u00ed a je pak na tvo\u0159itelce modelu, komu v\u011b\u0159\u00ed v\u00edce nebo kter\u00fd postup si z\u00a0hlediska sv\u00e9ho levelu um\u011bn\u00ed \u0161\u00edt, vybere. <\/span><\/p>\n<p class=\"MsoNormal\" style=\"text-align: justify;\"><span style=\"font-size: 10.0pt; line-height: 115%; font-family: 'Arial',sans-serif; mso-fareast-font-family: 'Segoe UI Emoji';\">Skupina vznikla z\u00a0p\u016fvodn\u011b zalo\u017een\u00e9 skupiny \u0160it\u00ed co t\u011b chyt\u00ed, kter\u00e1 pr\u00e1v\u011b koncem leto\u0161n\u00edho srpna v\u00edcem\u00e9n\u011b za\u010dala existen\u010dn\u011b neplnit p\u016fvodn\u00ed z\u00e1m\u011br. <\/span><span style=\"font-size: 10.0pt; line-height: 115%; font-family: 'Arial',sans-serif;\">V\u011bt\u0161ina aktivn\u011bj\u0161\u00edch \u010dlenek, berouc\u00ed si za c\u00edl prioritn\u011b pom\u00e1hat \u0161vadlen\u00e1m a b\u00fdt aktivn\u00edm p\u0159\u00ednosem a pomoc\u00ed v\u0161em z\u00e1jemc\u016fm, pak zalo\u017eila zbrusu novou skupinu \u0160it\u00ed s\u00a0Keli\u0161kama. Sou\u010dasn\u011b je\u0161t\u011b paraleln\u011b funguje skupina \u0160it\u00ed s\u00a0Keli\u0161kama &#8211; PRODEJ, pod stejn\u00fdmi spr\u00e1vci. V\u00a0tomto p\u0159\u00edpad\u011b se jedn\u00e1 o platformu pro setk\u00e1n\u00ed z\u00e1jemky\u0148 prod\u00e1vaj\u00edc\u00edch \u010di kupuj\u00edc\u00ed l\u00e1tky a p\u0159\u00edpadn\u011b i dal\u0161\u00ed pot\u0159eby pro \u0161it\u00ed. <\/span><\/p>\n<p class=\"MsoNormal\" style=\"text-align: justify;\"><span style=\"font-size: 10.0pt; line-height: 115%; font-family: 'Arial',sans-serif;\">Nutno t\u00e9\u017e zm\u00ednit, \u017ee ve \u010dlensk\u00e9 z\u00e1kladn\u011b skupiny jsou t\u00e9\u017e nejv\u00fdznamn\u011bj\u0161\u00ed prodejci \u0161ic\u00edch stroj\u016f a p\u0159\u00edslu\u0161enstv\u00ed, kte\u0159\u00ed aktivn\u011b \u010dlenk\u00e1m a \u010dlen\u016fm skupiny poskytuj\u00ed bezplatn\u00e9 poradenstv\u00ed, a\u0165 ji\u017e v\u00a0oblasti v\u00fdb\u011bru \u0161ic\u00edho stroje nebo doru\u010den\u00ed vhodn\u00e9ho p\u0159\u00edslu\u0161enstv\u00ed. Velk\u00fdm p\u0159\u00ednosem je pak i poradenstv\u00ed v\u00a0oblasti pr\u016fb\u011b\u017en\u00fdch probl\u00e9m\u016f jako nastaven\u00ed a \u00fadr\u017eba stroje, v\u00a0p\u0159\u00edpad\u011b konkr\u00e9tn\u00edch dotaz\u016f \u010di probl\u00e9m\u016f.<\/span><\/p>\n<p class=\"MsoNormal\" style=\"text-align: justify;\"><span style=\"font-size: 10.0pt; line-height: 115%; font-family: 'Arial',sans-serif;\">V\u00a0sou\u010dasn\u00e9 dob\u011b je d\u00e1 se \u0159\u00edci, t\u00e9m\u011b\u0159 t\u0159icetilet\u00fd devastuj\u00edc\u00ed stav po\u010dtu \u0161vadlen v\u00a0\u010cesk\u00e9 republice. \u010ce\u0161t\u00ed producenti od\u011bv\u016f krachuj\u00ed \u2013 paradoxn\u011b ne proto, \u017ee by nem\u011bli odb\u011bratele, ale proto, \u017ee nejsou \u0161vadleny a \u0161i\u010dky. Kdo nahrad\u00ed chyb\u011bj\u00edc\u00ed generaci \u0161vadlen a \u0161i\u010dek, stejn\u011b jako generaci dal\u0161\u00edch \u0159emesln\u00fdch profes\u00ed, nev\u00ed v\u00a0sou\u010dasn\u00e9 dob\u011b ani sama vl\u00e1da \u2013 ve v\u011bt\u0161in\u011b \u010desk\u00fdch firem zachra\u0148uj\u00ed situaci d\u016fchodci, proto\u017ee se kone\u010dn\u011b za\u010d\u00ednaj\u00ed \u0159emesln\u00e9 profese zvolna dost\u00e1vat do pozitivn\u00edho v\u011bdom\u00ed. Gener\u00e1ln\u00edch \u0159editel\u016f a mana\u017eer\u016f m\u00e1me p\u0159ehr\u0161el, kancel\u00e1\u0159sk\u00fdch profes\u00ed takt\u00e9\u017e, av\u0161ak chyb\u00ed zoufale ti, kdo nau\u010d\u00ed v\u00a0praxi mlad\u00e9 lidi \u0159emeslu \u2013 mist\u0159i. P\u0159esn\u011b ta generace, studuj\u00edc\u00ed po revoluci kolikr\u00e1t nesmysln\u00e9 obory. Je velice \u00factyhodn\u00e9, \u017ee pr\u00e1v\u011b v\u00a0t\u00e9to dob\u011b dobrovoln\u011b n\u011bkolik des\u00edtek tis\u00edc \u017een, kter\u00e9 se s\u00a0\u0161it\u00edm t\u0159eba nikdy nesetkaly, maj\u00ed z\u00e1jem se \u0161it\u00ed u\u010dit, a tolikr\u00e1t i v\u00a0situaci, kdy jim tuto d\u0159\u00edve tolik roz\u0161\u00ed\u0159enou dovednost nem\u00e1 ve vlastn\u00ed rodin\u011b kdo p\u0159edat. Mo\u017en\u00e1, \u017ee pr\u00e1v\u011b takov\u00e9 skupiny, obsahuj\u00edc\u00ed velk\u00fd po\u010det \u010dlenek a eventueln\u011b i \u010dlen\u016f, budou v\u00fdchodiskem pro \u0159adu firem a mo\u017en\u00e1, \u017ee pr\u00e1v\u011b v\u00a0\u010desk\u00fdch firm\u00e1ch najdou maminky po mate\u0159sk\u00e9 dovolen\u00e9 v\u00a0t\u00e9to oblasti sv\u00e9 zam\u011bstn\u00e1n\u00ed. <\/span><\/p>\n<p class=\"MsoNormal\" style=\"text-align: justify;\"><span style=\"font-size: 10.0pt; line-height: 115%; font-family: 'Arial',sans-serif;\">Nejd\u016fle\u017eit\u011bj\u0161\u00ed z\u016fst\u00e1v\u00e1 ale spole\u010dn\u00e1 l\u00e1ska k\u00a0\u0161it\u00ed, je to hobby na cel\u00fd \u017eivot. Je to d\u016fvod vz\u00e1jemn\u011b komunikovat, setk\u00e1vat se a vym\u011b\u0148ovat si n\u00e1zory. A zb\u00fdv\u00e1 dodat, \u017ee jak od profesion\u00e1ln\u00edch \u0161vadlen, tak od \u0161vadlen amat\u00e9rsk\u00fdch, vznikaj\u00ed v\u00a0t\u00e9to skupin\u011b \u010dasto velice origin\u00e1ln\u00ed modely a celkov\u011b kvalita v\u0161ech model\u016f je jak proveden\u00edm, tak vizu\u00e1ln\u011b a n\u00e1padem, lep\u0161\u00ed, ne\u017e na za\u010d\u00e1tku zmi\u0148ovan\u00e9 zna\u010dkov\u00e9 modely, vyr\u00e1b\u011bn\u00e9 n\u011bkde v\u00a0\u010c\u00edn\u011b na p\u00e1su. \u0160ijete nebo chcete \u0161\u00edt? Pak je to skupina p\u0159esn\u011b ta pro v\u00e1s.\u00a0\ud83d\ude42<\/span><\/p>\n<p class=\"MsoNormal\" style=\"text-align: justify;\"><span style=\"font-size: 10.0pt; line-height: 115%; font-family: 'Arial',sans-serif; mso-fareast-font-family: 'Segoe UI Emoji';\">Skupinu naleznete na odkazu:<\/span><\/p>\n<p class=\"MsoNormal\" style=\"text-align: justify;\"><span style=\"font-size: 10.0pt; line-height: 115%; font-family: 'Arial',sans-serif;\"><a href=\"https:\/\/www.facebook.com\/groups\/450654352190815\/\">https:\/\/www.facebook.com\/groups\/450654352190815\/<\/a><\/span>\u00a0<\/p>\n<p class=\"MsoNormal\" style=\"text-align: justify;\"><span style=\"font-size: 10.0pt; line-height: 115%; font-family: 'Arial',sans-serif;\">Jana Henychov\u00e1<\/span><\/p>\n<p class=\"MsoNormal\" style=\"text-align: justify;\"><img loading=\"lazy\" class=\" size-full wp-image-365\" src=\"https:\/\/jananews.cz\/wp-content\/uploads\/2019\/08\/siti_s_keliskama.JPG\" alt=\"\" width=\"833\" height=\"272\" srcset=\"https:\/\/jananews.cz\/wp-content\/uploads\/2019\/08\/siti_s_keliskama.JPG 1041w, https:\/\/jananews.cz\/wp-content\/uploads\/2019\/08\/siti_s_keliskama-300x98.jpg 300w, https:\/\/jananews.cz\/wp-content\/uploads\/2019\/08\/siti_s_keliskama-1024x334.jpg 1024w, https:\/\/jananews.cz\/wp-content\/uploads\/2019\/08\/siti_s_keliskama-768x251.jpg 768w\" sizes=\"(max-width: 833px) 100vw, 833px\" \/><\/p>\n<p>\u00a0<\/p>\n","protected":false},"excerpt":{"rendered":"<p>\u00a0 U\u0161\u00edt si sama \u010di s\u00e1m oble\u010den\u00ed? P\u0159e\u017eitek, pot\u0159eba u\u0161et\u0159it \u2013 nebo si po\u0159\u00eddit origin\u00e1ln\u00ed kousek \u0161atn\u00edku, z\u00a0l\u00e1tky, kterou si sama vyberete, kde m\u00e1te mo\u017enost z\u00edskat daleko v\u00edce informac\u00ed o jej\u00edm v\u00fdrobci a slo\u017een\u00ed v\u010detn\u011b nez\u00e1vadnosti, a nav\u00edc z\u00edskat model, ve kter\u00e9m se v\u00e1m nejsp\u00ed\u0161e nestane, abyste potkala v\u00a0tom sam\u00e9m n\u011bkoho dal\u0161\u00edho? Ano, ta posledn\u00ed<\/p>\n","protected":false},"author":1,"featured_media":365,"comment_status":"open","ping_status":"open","sticky":false,"template":"","format":"standard","meta":[],"categories":[7],"tags":[],"_links":{"self":[{"href":"https:\/\/jananews.cz\/index.php\/wp-json\/wp\/v2\/posts\/366"}],"collection":[{"href":"https:\/\/jananews.cz\/index.php\/wp-json\/wp\/v2\/posts"}],"about":[{"href":"https:\/\/jananews.cz\/index.php\/wp-json\/wp\/v2\/types\/post"}],"author":[{"embeddable":true,"href":"https:\/\/jananews.cz\/index.php\/wp-json\/wp\/v2\/users\/1"}],"replies":[{"embeddable":true,"href":"https:\/\/jananews.cz\/index.php\/wp-json\/wp\/v2\/comments?post=366"}],"version-history":[{"count":0,"href":"https:\/\/jananews.cz\/index.php\/wp-json\/wp\/v2\/posts\/366\/revisions"}],"wp:featuredmedia":[{"embeddable":true,"href":"https:\/\/jananews.cz\/index.php\/wp-json\/wp\/v2\/media\/365"}],"wp:attachment":[{"href":"https:\/\/jananews.cz\/index.php\/wp-json\/wp\/v2\/media?parent=366"}],"wp:term":[{"taxonomy":"category","embeddable":true,"href":"https:\/\/jananews.cz\/index.php\/wp-json\/wp\/v2\/categories?post=366"},{"taxonomy":"post_tag","embeddable":true,"href":"https:\/\/jananews.cz\/index.php\/wp-json\/wp\/v2\/tags?post=366"}],"curies":[{"name":"wp","href":"https:\/\/api.w.org\/{rel}","templated":true}]}}