{"id":373,"date":"2019-09-21T19:30:04","date_gmt":"2019-09-21T17:30:04","guid":{"rendered":"http:\/\/www.jananews.cz\/WP\/index.php\/2019\/09\/21\/honza-krizek-vyrazi-s-kapelou-na-podzim-do-klubu\/"},"modified":"2019-09-21T19:30:04","modified_gmt":"2019-09-21T17:30:04","slug":"honza-krizek-vyrazi-s-kapelou-na-podzim-do-klubu","status":"publish","type":"post","link":"https:\/\/jananews.cz\/index.php\/2019\/09\/21\/honza-krizek-vyrazi-s-kapelou-na-podzim-do-klubu\/","title":{"rendered":"Honza K\u0159\u00ed\u017eek vyr\u00e1\u017e\u00ed s kapelou na podzim do klub\u016f"},"content":{"rendered":"<p style=\"color: #333333; font-family: Tahoma,Helvetica,Arial,sans-serif; font-size: 12.13px; font-style: normal; font-variant: normal; font-weight: 400; letter-spacing: normal; orphans: 2; text-align: left; text-decoration: none; text-indent: 0px; text-transform: none; -webkit-text-stroke-width: 0px; white-space: normal; word-spacing: 0px;\">Honza K\u0159\u00ed\u017eek se chyst\u00e1 se svou kapelou na klubov\u00e9 koncerty, na kter\u00fdch zazn\u00ed jak star\u0161\u00ed, tak n\u011bkter\u00e9 zcela nov\u00e9 kousky. T\u011b\u0161it se m\u016f\u017eete tak\u00e9 na Rejdit, Rosenku a Slune\u010dn\u00fd hrob.<\/p>\n<p><img loading=\"lazy\" class=\" size-full wp-image-372\" src=\"https:\/\/jananews.cz\/wp-content\/uploads\/2019\/09\/honzakrizek-podzim2019.jpg\" alt=\"\" width=\"173\" height=\"115\" srcset=\"https:\/\/jananews.cz\/wp-content\/uploads\/2019\/09\/honzakrizek-podzim2019.jpg 567w, https:\/\/jananews.cz\/wp-content\/uploads\/2019\/09\/honzakrizek-podzim2019-300x200.jpg 300w\" sizes=\"(max-width: 173px) 100vw, 173px\" \/><\/p>\n<p>  <!--more-->  <\/p>\n<p>Hudebn\u00ed kari\u00e9ra zp\u011bv\u00e1ka a multiinstrumentalisty Honzy K\u0159\u00ed\u017eka je\u00a0spojov\u00e1na p\u0159edev\u0161\u00edm s kapelami Walk Choc Ice, Blue Effect a Kollerband. \u0158adu let spolupracoval t\u00e9\u017e s Ivanem Kr\u00e1lem. Jako studiov\u00fd muzikant se pod\u00edlel na nahr\u00e1vk\u00e1ch um\u011blc\u016f jako Anna K, Miroslav \u017dbirka, Support Lesbiens, Krucip\u00fcsk a dal\u0161\u00ed.<\/p>\n<p>V roce 2017 mu vy\u0161la u spole\u010dnosti Supraphon jeho prvn\u00ed s\u00f3lov\u00e1 deska nazvan\u00e1 jednodu\u0161e Honza K\u0159\u00ed\u017eek. Z n\u00ed postupn\u011b p\u0159edstavil videoklipy Pad\u00e1m vzh\u016fru, Tsunami a Runway. V b\u0159eznu roku 2018 z\u00edskal ocen\u011bn\u00ed Objev roku v anket\u011b \u017deb\u0159\u00edk Music Awards.<\/p>\n<p>Sv\u00e9 prvn\u00ed s\u00f3lov\u00e9 album pok\u0159til spolu s hosty Davidem Kollerem, Lenkou Dusilovou a Michalem Pavl\u00ed\u010dkem za asistence Pavla And\u011bla loni 12. b\u0159ezna v pra\u017esk\u00e9m klubu Pal\u00e1c Akropolis. V sou\u010dasn\u00e9 dob\u011b d\u011bl\u00e1 sv\u016fj hudebn\u00ed po\u0159ad pro Kytary.cz, nazvan\u00fd Garr\u00e1\u017e Honzy K\u0159\u00ed\u017eka.<\/p>\n<p>Jako hudebn\u00ed supervizor pracuje na p\u0159\u00edprav\u00e1ch muzik\u00e1lu We Will Rock You s hity kapely Queen, kter\u00fd m\u00e1 premi\u00e9ru na ja\u0159e 2020 v Praze.<\/p>\n<p>\u00a0<\/p>\n<p><span style=\"text-decoration: underline;\"><strong>KONCERTY:<\/strong><\/span><\/p>\n<p>4. 10. Chot\u011bbo\u0159 &#8211; Tan\u010d\u00edrna Pansk\u00fd d\u016fm<\/p>\n<p>25. 10. Poli\u010dka &#8211; Divadeln\u00ed klub<\/p>\n<p>26. 10. Liberec &#8211; Club Warehouse<\/p>\n<p>1. 11. Praha &#8211; Music Club Ji\u017e\u00e1k<\/p>\n<p>15. 11. \u010cesk\u00e9 Bud\u011bjovice &#8211; K2<\/p>\n<p>21. 11. Brno &#8211; Metro Music Bar<\/p>\n<p>23. 11. Chrudim &#8211; R klub<\/p>\n<p>14. 12. Teplice &#8211; KNAK<\/p>\n<p>\u00a0<\/p>\n<p>Foto: Hanka Bro\u017ekov\u00e1<\/p>\n<p>(-jh-)<\/p>\n<p><img loading=\"lazy\" class=\" size-full wp-image-372\" src=\"https:\/\/jananews.cz\/wp-content\/uploads\/2019\/09\/honzakrizek-podzim2019.jpg\" alt=\"\" width=\"567\" height=\"378\" srcset=\"https:\/\/jananews.cz\/wp-content\/uploads\/2019\/09\/honzakrizek-podzim2019.jpg 567w, https:\/\/jananews.cz\/wp-content\/uploads\/2019\/09\/honzakrizek-podzim2019-300x200.jpg 300w\" sizes=\"(max-width: 567px) 100vw, 567px\" \/><\/p>\n<p>\u00a0<\/p>\n","protected":false},"excerpt":{"rendered":"<p>Honza K\u0159\u00ed\u017eek se chyst\u00e1 se svou kapelou na klubov\u00e9 koncerty, na kter\u00fdch zazn\u00ed jak star\u0161\u00ed, tak n\u011bkter\u00e9 zcela nov\u00e9 kousky. T\u011b\u0161it se m\u016f\u017eete tak\u00e9 na Rejdit, Rosenku a Slune\u010dn\u00fd hrob.<\/p>\n","protected":false},"author":1,"featured_media":372,"comment_status":"open","ping_status":"open","sticky":false,"template":"","format":"standard","meta":[],"categories":[7],"tags":[],"_links":{"self":[{"href":"https:\/\/jananews.cz\/index.php\/wp-json\/wp\/v2\/posts\/373"}],"collection":[{"href":"https:\/\/jananews.cz\/index.php\/wp-json\/wp\/v2\/posts"}],"about":[{"href":"https:\/\/jananews.cz\/index.php\/wp-json\/wp\/v2\/types\/post"}],"author":[{"embeddable":true,"href":"https:\/\/jananews.cz\/index.php\/wp-json\/wp\/v2\/users\/1"}],"replies":[{"embeddable":true,"href":"https:\/\/jananews.cz\/index.php\/wp-json\/wp\/v2\/comments?post=373"}],"version-history":[{"count":0,"href":"https:\/\/jananews.cz\/index.php\/wp-json\/wp\/v2\/posts\/373\/revisions"}],"wp:featuredmedia":[{"embeddable":true,"href":"https:\/\/jananews.cz\/index.php\/wp-json\/wp\/v2\/media\/372"}],"wp:attachment":[{"href":"https:\/\/jananews.cz\/index.php\/wp-json\/wp\/v2\/media?parent=373"}],"wp:term":[{"taxonomy":"category","embeddable":true,"href":"https:\/\/jananews.cz\/index.php\/wp-json\/wp\/v2\/categories?post=373"},{"taxonomy":"post_tag","embeddable":true,"href":"https:\/\/jananews.cz\/index.php\/wp-json\/wp\/v2\/tags?post=373"}],"curies":[{"name":"wp","href":"https:\/\/api.w.org\/{rel}","templated":true}]}}