{"id":375,"date":"2019-09-29T09:14:39","date_gmt":"2019-09-29T07:14:39","guid":{"rendered":"http:\/\/www.jananews.cz\/WP\/index.php\/2019\/09\/29\/petr-henych-intrio-martini-van-band-opet-spolecne-v-kainu\/"},"modified":"2019-09-29T09:14:39","modified_gmt":"2019-09-29T07:14:39","slug":"petr-henych-intrio-martini-van-band-opet-spolecne-v-kainu","status":"publish","type":"post","link":"https:\/\/jananews.cz\/index.php\/2019\/09\/29\/petr-henych-intrio-martini-van-band-opet-spolecne-v-kainu\/","title":{"rendered":"Petr Henych InTrio + Martini Van Band op\u011bt spole\u010dn\u011b v Kainu!"},"content":{"rendered":"<p>PRAHA &#8211; Dva spoluhr\u00e1\u010di z kapely se sv\u00fdmi vlastn\u00edmi projekty op\u011bt po roce v pra\u017esk\u00e9m klubu Kain! Spole\u010dn\u00fd koncert kapel Petr Henych InTrio a Martini Van Band (Jimmy Hendrix tribute) se uskute\u010dn\u00ed v sobotu 5. \u0159\u00edjna v pra\u017esk\u00e9m klubu Kain. Na stejn\u00e9m podiu se tak sejdou dva excelentn\u00ed hudebn\u00edci z kapely Leaders! Kamila St\u0159ihavky jako hlavn\u00ed protagonist\u00e9 obou kapel \u2013 kytarista Petr Henych a Martin \u201eMa\u0165o\u201c Ivan, kter\u00fd baskytaru ve sv\u00e9 kapele vym\u011bnil za kytaru. InTrio Petra Henycha je instrument\u00e1ln\u00ed skupina, reperto\u00e1r skupiny Martin Vand Band tvo\u0159\u00ed p\u0159ev\u00e1\u017en\u011b skladby legend\u00e1rn\u00edho kytaristy Jimmyho Hendrixe.<\/p>\n<p><img loading=\"lazy\" class=\" size-full wp-image-374\" style=\"color: #333333; font-family: Tahoma,Helvetica,Arial,sans-serif; font-size: 12.13px; font-style: normal; font-variant: normal; font-weight: 400; letter-spacing: normal; orphans: 2; text-align: left; text-decoration: none; text-indent: 0px; text-transform: none; -webkit-text-stroke-width: 0px; white-space: normal; word-spacing: 0px;\" src=\"https:\/\/jananews.cz\/wp-content\/uploads\/2019\/09\/intrio_martinivanband_duo.jpg\" alt=\"\" width=\"352\" height=\"198\" srcset=\"https:\/\/jananews.cz\/wp-content\/uploads\/2019\/09\/intrio_martinivanband_duo.jpg 960w, https:\/\/jananews.cz\/wp-content\/uploads\/2019\/09\/intrio_martinivanband_duo-300x169.jpg 300w, https:\/\/jananews.cz\/wp-content\/uploads\/2019\/09\/intrio_martinivanband_duo-768x432.jpg 768w\" sizes=\"(max-width: 352px) 100vw, 352px\" \/><\/p>\n<p>  <!--more-->  <\/p>\n<p>\u00a0<\/p>\n<p><strong>Petr Henych InTrio\u00a0\u00a0<\/strong> <br \/>Kytarista Petr Henych vydal v l\u00e9t\u011b 2018 sv\u016fj prvn\u00ed ofici\u00e1ln\u00ed s\u00f3lov\u00fd videoklip ke skladb\u011b Fever Pitch. V kapele InTrio krom\u011b Petra Henycha hraj\u00ed jeho dlouholet\u00ed spoluhr\u00e1\u010di &#8211;\u00a0 baskytarista Martin Hron\u011bk a buben\u00edk Jakub Homola. Petr Henych se instrument\u00e1ln\u00ed hudb\u011b v\u011bnuje v r\u00e1mci sv\u00fdch s\u00f3lov\u00fdch projekt\u016f ji\u017e del\u0161\u00ed dobu, soub\u011b\u017en\u011b s p\u016fsoben\u00edm v jin\u00fdch kapel\u00e1ch. <br \/>Kapela, p\u016fvodn\u011b jako G-bod, vznikla v roce 2007, kr\u00e1tce po vyd\u00e1n\u00ed prvn\u00edho s\u00f3lo instrument\u00e1ln\u00edho alba \u201eNa vlastn\u00edch rukou\u201c. V \u010dervenci 2010 vy\u0161lo v po\u0159ad\u00ed druh\u00e9 CD Petra Henycha, resp. jeho kapely G-bod, s n\u00e1zvem \u201ePleasure Trip\u201c. V l\u00e9t\u011b 2018 Petr Henych vydal ji\u017e zmi\u0148ovan\u00fd ofici\u00e1ln\u00ed videoklip Fever Pitch a kr\u00e1tce na to do\u0161lo tak\u00e9 ke zm\u011bn\u011b n\u00e1zvu kapely na InTrio. Aktu\u00e1ln\u00ed koncerty m\u016f\u017eete pr\u016fb\u011b\u017en\u011b sledovat na www.henych.com.<\/p>\n<p><span style=\"text-decoration: underline;\">Video:<\/span><br \/>Petr Henych \u2013 Fever Pitch <a href=\"https:\/\/youtu.be\/943zBYLTl_A\">https:\/\/youtu.be\/943zBYLTl_A<\/a>\u00a0<br \/>Petr Henych &amp; G-bod \u2013 Joy Flight <a href=\"https:\/\/youtu.be\/oX_qKZu9_9I\">https:\/\/youtu.be\/oX_qKZu9_9I<\/a> \u00a0<\/p>\n<p><span style=\"text-decoration: underline;\">Ofici\u00e1ln\u00ed internetov\u00e1 prezentace:<\/span><br \/><a href=\"http:\/\/www.henych.com\">http:\/\/www.henych.com<\/a> \u00a0<br \/><a href=\"https:\/\/www.facebook.com\/PetrHenychOfficial\">https:\/\/www.facebook.com\/PetrHenychOfficial<\/a><\/p>\n<p>\u00a0<\/p>\n<p><strong>Martini Van Band<\/strong><\/p>\n<p>Martini Van Band (Jimmy Hendrix tribute) je projektem baskytaristy Martina \u201eMa\u0165o\u201c Ivana k 50. v\u00fdro\u010d\u00ed \u00famrt\u00ed legend\u00e1rn\u00edho kytaristy Jimmyho Hendrixe.<\/p>\n<p>Martin Ivan (Michal Pavl\u00ed\u010dek trio, Kamil St\u0159ihavka Leaders, B.S.P., Precedens&#8230;.) v t\u00e9to kapele vym\u011bnil baskytaru za\u00a0 elektrickou kytaru a postavil se k mikrofonu. V reporto\u00e1ru skupiny m\u016f\u017eete sly\u0161et mj. skladby Voodoo child, Foxy lady, Hey Joy, Little wing atd.<\/p>\n<p>Martini Van Band hraj\u00ed ve slo\u017een\u00ed Martin Ivan (kytara, zp\u011bv), Miroslav M\u00e1lek (baskytara) a Honza Je\u017eek (bic\u00ed).<\/p>\n<p><a href=\"https:\/\/www.facebook.com\/Martini-Van-band-161674621122158\/\">https:\/\/www.facebook.com\/Martini-Van-band-161674621122158\/ <\/a>\u00a0<\/p>\n<p><a href=\"http:\/\/bandzone.cz\/martinivan\">http:\/\/bandzone.cz\/martinivan<\/a> \u00a0<\/p>\n<p>Odkaz na akci: <a href=\"https:\/\/www.facebook.com\/events\/1231075030410417\/\">https:\/\/www.facebook.com\/events\/1231075030410417\/<\/a>\u00a0<\/p>\n<p>(-jh-)<\/p>\n<p><img loading=\"lazy\" class=\" size-full wp-image-374\" src=\"https:\/\/jananews.cz\/wp-content\/uploads\/2019\/09\/intrio_martinivanband_duo.jpg\" alt=\"\" width=\"716\" height=\"403\" srcset=\"https:\/\/jananews.cz\/wp-content\/uploads\/2019\/09\/intrio_martinivanband_duo.jpg 960w, https:\/\/jananews.cz\/wp-content\/uploads\/2019\/09\/intrio_martinivanband_duo-300x169.jpg 300w, https:\/\/jananews.cz\/wp-content\/uploads\/2019\/09\/intrio_martinivanband_duo-768x432.jpg 768w\" sizes=\"(max-width: 716px) 100vw, 716px\" \/>\u00a0<\/p>\n","protected":false},"excerpt":{"rendered":"<p>PRAHA &#8211; Dva spoluhr\u00e1\u010di z kapely se sv\u00fdmi vlastn\u00edmi projekty op\u011bt po roce v pra\u017esk\u00e9m klubu Kain! Spole\u010dn\u00fd koncert kapel Petr Henych InTrio a Martini Van Band (Jimmy Hendrix tribute) se uskute\u010dn\u00ed v sobotu 5. \u0159\u00edjna v pra\u017esk\u00e9m klubu Kain. Na stejn\u00e9m podiu se tak sejdou dva excelentn\u00ed hudebn\u00edci z kapely Leaders! Kamila St\u0159ihavky jako<\/p>\n","protected":false},"author":1,"featured_media":374,"comment_status":"open","ping_status":"open","sticky":false,"template":"","format":"standard","meta":[],"categories":[7],"tags":[],"_links":{"self":[{"href":"https:\/\/jananews.cz\/index.php\/wp-json\/wp\/v2\/posts\/375"}],"collection":[{"href":"https:\/\/jananews.cz\/index.php\/wp-json\/wp\/v2\/posts"}],"about":[{"href":"https:\/\/jananews.cz\/index.php\/wp-json\/wp\/v2\/types\/post"}],"author":[{"embeddable":true,"href":"https:\/\/jananews.cz\/index.php\/wp-json\/wp\/v2\/users\/1"}],"replies":[{"embeddable":true,"href":"https:\/\/jananews.cz\/index.php\/wp-json\/wp\/v2\/comments?post=375"}],"version-history":[{"count":0,"href":"https:\/\/jananews.cz\/index.php\/wp-json\/wp\/v2\/posts\/375\/revisions"}],"wp:featuredmedia":[{"embeddable":true,"href":"https:\/\/jananews.cz\/index.php\/wp-json\/wp\/v2\/media\/374"}],"wp:attachment":[{"href":"https:\/\/jananews.cz\/index.php\/wp-json\/wp\/v2\/media?parent=375"}],"wp:term":[{"taxonomy":"category","embeddable":true,"href":"https:\/\/jananews.cz\/index.php\/wp-json\/wp\/v2\/categories?post=375"},{"taxonomy":"post_tag","embeddable":true,"href":"https:\/\/jananews.cz\/index.php\/wp-json\/wp\/v2\/tags?post=375"}],"curies":[{"name":"wp","href":"https:\/\/api.w.org\/{rel}","templated":true}]}}