{"id":554,"date":"2020-09-04T13:51:11","date_gmt":"2020-09-04T11:51:11","guid":{"rendered":"http:\/\/www.jananews.cz\/WP\/?p=554"},"modified":"2020-09-04T13:51:11","modified_gmt":"2020-09-04T11:51:11","slug":"helena-vondrackova-vydava-album-tvrdohlava","status":"publish","type":"post","link":"https:\/\/jananews.cz\/index.php\/2020\/09\/04\/helena-vondrackova-vydava-album-tvrdohlava\/","title":{"rendered":"Helena Vondr\u00e1\u010dkov\u00e1 vyd\u00e1v\u00e1 album Tvrdohlav\u00e1"},"content":{"rendered":"<p>Zp\u011bva\u010dka, tane\u010dnice, stepa\u0159ka a here\u010dka\u00a0Helena Vondr\u00e1\u010dkov\u00e1\u00a0vyd\u00e1v\u00e1 nov\u00e9 studiov\u00e9 album. Pod titulem\u00a0Tvrdohlav\u00e1\u00a0vych\u00e1z\u00ed dnes, 4. z\u00e1\u0159\u00ed.<\/p>\n<p><!--more--><\/p>\n<p>Album p\u016fvodn\u00edch p\u00edsn\u00ed produkoval\u00a0Karel Ma\u0159\u00edk\u00a0(mj. Daniel Landa,\u00a0Dan McCafferty), kter\u00fd je z\u00e1rove\u0148 autorem hudby u poloviny z\u00a0nich a k\u00a0jedn\u00e9 napsal spolu s\u00a0Old\u0159ichem Krej\u010dovsem i text. Svoje ostatn\u00ed skladby sv\u011b\u0159il b\u00e1sn\u00edkovi Josefu Peterkovi.<\/p>\n<p>\u201eMysl\u00edm si, \u017ee moje spojen\u00ed s producentem K\u00e1jou Ma\u0159\u00edkem bylo n\u00e1s oba opravdu p\u0159\u00edjemn\u00e9 a p\u0159\u00ednosn\u00e9. Jsme stejn\u00e1 krevn\u00ed skupina a od po\u010d\u00e1tku jsme si padli do noty. Douf\u00e1m, \u017ee je to zn\u00e1t i z\u00a0nov\u00e9ho alba. M\u00e1m z\u00a0n\u011bj dobr\u00fd pocit a v\u011b\u0159\u00edm, \u017ee i m\u00fdm fanou\u0161k\u016fm p\u0159inese p\u0159\u00edjemn\u00fd z\u00e1\u017eitek,&#8220;\u00a0hodnot\u00ed vz\u00e1jemnou spolupr\u00e1ci Helena Vondr\u00e1\u010dkov\u00e1.<\/p>\n<p>Tak\u00e9 Karel Ma\u0159\u00edk si spolupr\u00e1ci s\u00a0na\u0161\u00ed p\u011bveckou legendou pochvaluje:\u00a0\u201eJsem r\u00e1d, \u017ee jsem se mohl jako producent a autor na albu pod\u00edlet. Helena je velk\u00fd profesion\u00e1l a hned jsme si po v\u0161ech str\u00e1nk\u00e1ch sedli. Album je lehce progresivn\u011bj\u0161\u00ed, ne\u017e b\u00fdv\u00e1 u Heleny zvykem. Od prvn\u00edho t\u00f3nu je nahr\u00e1van\u00e9 na \u017eiv\u00e9 n\u00e1stroje, co\u017e je ve v\u00fdsledku velk\u00fdm p\u0159\u00ednosem.&#8220;<\/p>\n<p>K dal\u0161\u00edm autor\u016fm, kter\u00e9 zp\u011bva\u010dka oslovila, pat\u0159\u00ed Ond\u0159ej Soukup, Le\u0161ek Wronka, V\u00e1clav Noid B\u00e1rta, Va\u0161o Patejdl, Lucia \u0160oralov\u00e1 a Jakub Lenz (aka Robin Mood). Mezi dal\u0161\u00edmi texta\u0159i se objevuj\u00ed erudovan\u00ed Jan Kr\u016fta, Gabriela Osvaldov\u00e1, Tom\u00e1\u0161 Belko, Petr \u0160i\u0161ka a Miro Jurika. K nazp\u00edv\u00e1n\u00ed dvou duet\u016f p\u0159izvala Helena Vondr\u00e1\u010dkov\u00e1 Olgu Lounovou a opern\u00ed p\u011bvkyni Vandu \u0160\u00edpovou. Jako bonus je na Tvrdohlavou za\u0159azena tituln\u00ed p\u00edse\u0148 z \u010desk\u00e9 filmov\u00e9 komedie \u017densk\u00e1 pomsta, kter\u00e1 se bude v kinech prom\u00edtat od 10. z\u00e1\u0159\u00ed. Album se nat\u00e1\u010delo ve studiu mlad\u00e9ho talentovan\u00e9ho kytaristy a zvuka\u0159e Tom\u00e1\u0161e Kryla.<\/p>\n<p>Album Tvrdohlav\u00e1 na digit\u00e1ln\u00edch slu\u017eb\u00e1ch: https:\/\/WMCZ.lnk.to\/Tvrdohlava<\/p>\n<p>www.vondrackova.cz\/cz<\/p>\n<p>www.facebook.com\/vondrackovah\/<\/p>\n<p>www.instagram.com\/helenavondrackovaofficial\/<\/p>\n<p>Text: Mgr. Marcela Ko\u010dandrlov\u00e1<br \/>\nFoto:\u00a0Lenka Hata\u0161ov\u00e1<\/p>\n<p><img loading=\"lazy\" class=\"size-medium wp-image-556 alignleft\" src=\"https:\/\/jananews.cz\/wp-content\/uploads\/2020\/09\/vondrackovahelena2-300x205.jpg\" alt=\"\" width=\"300\" height=\"205\" srcset=\"https:\/\/jananews.cz\/wp-content\/uploads\/2020\/09\/vondrackovahelena2-300x205.jpg 300w, https:\/\/jananews.cz\/wp-content\/uploads\/2020\/09\/vondrackovahelena2-768x526.jpg 768w, https:\/\/jananews.cz\/wp-content\/uploads\/2020\/09\/vondrackovahelena2.jpg 827w\" sizes=\"(max-width: 300px) 100vw, 300px\" \/><\/p>\n","protected":false},"excerpt":{"rendered":"<p>Zp\u011bva\u010dka, tane\u010dnice, stepa\u0159ka a here\u010dka\u00a0Helena Vondr\u00e1\u010dkov\u00e1\u00a0vyd\u00e1v\u00e1 nov\u00e9 studiov\u00e9 album. Pod titulem\u00a0Tvrdohlav\u00e1\u00a0vych\u00e1z\u00ed dnes, 4. z\u00e1\u0159\u00ed.<\/p>\n","protected":false},"author":1,"featured_media":555,"comment_status":"open","ping_status":"open","sticky":false,"template":"","format":"standard","meta":[],"categories":[7],"tags":[],"_links":{"self":[{"href":"https:\/\/jananews.cz\/index.php\/wp-json\/wp\/v2\/posts\/554"}],"collection":[{"href":"https:\/\/jananews.cz\/index.php\/wp-json\/wp\/v2\/posts"}],"about":[{"href":"https:\/\/jananews.cz\/index.php\/wp-json\/wp\/v2\/types\/post"}],"author":[{"embeddable":true,"href":"https:\/\/jananews.cz\/index.php\/wp-json\/wp\/v2\/users\/1"}],"replies":[{"embeddable":true,"href":"https:\/\/jananews.cz\/index.php\/wp-json\/wp\/v2\/comments?post=554"}],"version-history":[{"count":1,"href":"https:\/\/jananews.cz\/index.php\/wp-json\/wp\/v2\/posts\/554\/revisions"}],"predecessor-version":[{"id":557,"href":"https:\/\/jananews.cz\/index.php\/wp-json\/wp\/v2\/posts\/554\/revisions\/557"}],"wp:featuredmedia":[{"embeddable":true,"href":"https:\/\/jananews.cz\/index.php\/wp-json\/wp\/v2\/media\/555"}],"wp:attachment":[{"href":"https:\/\/jananews.cz\/index.php\/wp-json\/wp\/v2\/media?parent=554"}],"wp:term":[{"taxonomy":"category","embeddable":true,"href":"https:\/\/jananews.cz\/index.php\/wp-json\/wp\/v2\/categories?post=554"},{"taxonomy":"post_tag","embeddable":true,"href":"https:\/\/jananews.cz\/index.php\/wp-json\/wp\/v2\/tags?post=554"}],"curies":[{"name":"wp","href":"https:\/\/api.w.org\/{rel}","templated":true}]}}