{"id":558,"date":"2020-09-04T14:21:19","date_gmt":"2020-09-04T12:21:19","guid":{"rendered":"http:\/\/www.jananews.cz\/WP\/?p=558"},"modified":"2020-09-04T14:21:19","modified_gmt":"2020-09-04T12:21:19","slug":"na-3-rocniku-fora-rodinne-politiky-byli-oceneni-neformalni-pecujici-i-osobnosti-podporujici-seniory","status":"publish","type":"post","link":"https:\/\/jananews.cz\/index.php\/2020\/09\/04\/na-3-rocniku-fora-rodinne-politiky-byli-oceneni-neformalni-pecujici-i-osobnosti-podporujici-seniory\/","title":{"rendered":"Na 3. ro\u010dn\u00edku F\u00f3ra rodinn\u00e9 politiky byli ocen\u011bni neform\u00e1ln\u00ed pe\u010duj\u00edc\u00ed i osobnosti podporuj\u00edc\u00ed seniory"},"content":{"rendered":"<p>F\u00f3rum rodinn\u00e9 politiky se pod taktovkou MPSV letos konalo ji\u017e pot\u0159et\u00ed, tentokr\u00e1t v prostor\u00e1ch Univerzity Pardubice. Stejn\u011b jako v p\u0159edchoz\u00edch ro\u010dn\u00edc\u00edch byla v r\u00e1mci odborn\u00fdch workshop\u016f diskutov\u00e1na st\u011b\u017eejn\u00ed t\u00e9mata \u00fazce souvisej\u00edc\u00ed s rodinnou politikou. Tentokr\u00e1t ale tak\u00e9 v kontextu spole\u010densk\u00fdch a ekonomick\u00fdch dopad\u016f prob\u00edhaj\u00edc\u00ed pandemie COVID-19.<\/p>\n<p><!--more--><\/p>\n<p>P\u0159i p\u0159\u00edle\u017eitosti leto\u0161n\u00edho ro\u010dn\u00edku p\u0159edali z\u00e1stupci MPSV tak\u00e9 ocen\u011bn\u00ed Pe\u010duj\u00edc\u00ed roku a Cenu Rady vl\u00e1dy pro seniory a st\u00e1rnut\u00ed populace. Akce se vedle ministryn\u011b pr\u00e1ce a soci\u00e1ln\u00edch v\u011bc\u00ed Jany Mal\u00e1\u010dov\u00e9 (\u010cSSD) \u00fa\u010dastnila \u0159ada osobnost\u00ed z \u0159ad odborn\u00e9 ve\u0159ejnosti, politik\u016f, neziskov\u00fdch organizac\u00ed, ale i firem a tak\u00e9 z\u00e1stupci kraj\u016f, m\u011bst a obc\u00ed.<\/p>\n<p>\u201eT\u011b\u0161\u00ed m\u011b, \u017ee se letos poda\u0159ilo zorganizovat u\u017e pot\u0159et\u00ed odbornou konferenci F\u00f3rum rodinn\u00e9 politiky. V\u00fdznam t\u00e9to akce roste a velmi r\u00e1da jsem se j\u00ed osobn\u011b op\u011bt z\u00fa\u010dastnila. Leto\u0161n\u00ed ro\u010dn\u00edk byl v\u0161ak v\u00fdjime\u010dn\u00fd. Vedle p\u0159ed\u00e1n\u00ed ocen\u011bn\u00ed v\u00edt\u011bz\u016fm sout\u011b\u017ee Pe\u010duj\u00edc\u00ed roku byla ud\u011blena i Cena Rady vl\u00e1dy pro seniory a st\u00e1rnut\u00ed populace. Tento rok si zaslou\u017e\u00ed pod\u011bkov\u00e1n\u00ed zejm\u00e9na ti, kte\u0159\u00ed pom\u00e1hali rodin\u00e1m a senior\u016fm v dob\u011b koronavirov\u00e9 krize,\u201c uvedla ministryn\u011b Jana Mal\u00e1\u010dov\u00e1.<\/p>\n<p>C\u00edlem sout\u011b\u017ee Pe\u010duj\u00edc\u00ed roku je ocenit konkr\u00e9tn\u00ed neform\u00e1ln\u00ed pe\u010duj\u00edc\u00ed a uk\u00e1zat na jejich zku\u0161enostech a p\u0159\u00edb\u011bz\u00edch, \u017ee si zaslou\u017e\u00ed uzn\u00e1n\u00ed spole\u010dnosti a \u017ee na tuto situaci nejsou sami. Cena Rady vl\u00e1dy pro seniory a st\u00e1rnut\u00ed populace byla ud\u011blena osobnostem, kter\u00e9 se dlouhodob\u011b a v\u00fdznamn\u011b anga\u017euj\u00ed v o podpo\u0159e senior\u016f a mezigenera\u010dn\u00ed spolupr\u00e1ce.<\/p>\n<p>V r\u00e1mci cel\u00e9 akce se uskute\u010dnilo 15 tematick\u00fdch workshop\u016f a jeden hlavn\u00ed politick\u00fd panel. T\u00e9mata byla vybr\u00e1na tak, aby pokr\u00fdvala cel\u00e9 spektrum aktu\u00e1ln\u00edch ot\u00e1zek rodinn\u00e9 politiky. Mezi tato t\u00e9mata pat\u0159ila nap\u0159\u00edklad: \u201eD\u011bti v digit\u00e1ln\u00edm sv\u011bt\u011b\u201c, \u201eJak\u00e9 v\u00fdzvy pro soci\u00e1ln\u00ed, zdravotn\u00ed a penzijn\u00ed syst\u00e9m p\u0159edstavuje st\u00e1rnut\u00ed spole\u010dnosti?\u201c, \u201e\u017divot<br \/>\ns autismem\u201c, \u201eNastav\u00edme funk\u010dn\u00ed syst\u00e9m p\u0159ed\u0161koln\u00edho vzd\u011bl\u00e1v\u00e1n\u00ed?\u201c, \u201eD\u011bti mimo rodinu\u201c atd.<\/p>\n<p>C\u00edlem dvoudenn\u00ed konference bylo podpo\u0159it soustavnou otev\u0159enou debatu t\u00fdkaj\u00edc\u00ed se c\u00edl\u016f a zam\u011b\u0159en\u00ed rodinn\u00e9 politiky v \u010cesk\u00e9 republice. Politick\u00e1 reprezentace, st\u00e1tn\u00ed spr\u00e1va, soci\u00e1ln\u00ed partne\u0159i, v\u011bdeck\u00e9 instituce, neziskov\u00e9 organizace, reprezentanti kraj\u016f, m\u011bst<br \/>\na obc\u00ed, z\u00e1stupci firem a podnikatelsk\u00fdch subjekt\u016f a dal\u0161\u00edch akt\u00e9r\u016f aktivn\u00edch v podpo\u0159e rodin v r\u00e1mci workshop\u016f p\u0159edstavili svou \u010dinnost, diskutovali mo\u017en\u00e1 opat\u0159en\u00ed a nov\u00e9 p\u0159\u00edle\u017eitosti a \u0159e\u0161en\u00ed pro v\u00fdzvy rodinn\u00e9 politiky. Mezi ty nejv\u011bt\u0161\u00ed pat\u0159\u00ed dopady pandemie COVID-19 na rodiny, ale rovn\u011b\u017e ot\u00e1zka prom\u011bny slad\u011bn\u00ed pracovn\u00edho a rodinn\u00e9ho \u017eivota, vyu\u017e\u00edv\u00e1n\u00ed pr\u00e1ce z domova \u010di vysok\u00e1 nestabilita rodin spojen\u00e1 s nutnost\u00ed jasn\u00e9 strategie spolupr\u00e1ce \u0161koly, OSPOD, komunity a preventivn\u00ed pr\u00e1ce s rodinou a\u017e po ot\u00e1zku nastaven\u00ed n\u00e1hradn\u00ed p\u00e9\u010de v \u010cR.<\/p>\n<p>Krom\u011b ministryn\u011b Mal\u00e1\u010dov\u00e9 se konference \u00fa\u010dastnili tak\u00e9 nap\u0159. p\u0159edsedkyn\u011b spr\u00e1vn\u00ed rady nadace Kr\u00e1sa pomoci Ta\u0165\u00e1na Gregor Brzobohat\u00e1, p\u0159edsedkyn\u011b Komise pro spravedliv\u00e9 d\u016fchody Danu\u0161e Nerudov\u00e1, novin\u00e1\u0159 David Klime\u0161, z\u00e1stupci Ministerstva \u0161kolstv\u00ed, Ministerstva spravedlnosti, Ministerstva zdravotnictv\u00ed, poslanci a sen\u00e1to\u0159i, p\u0159edstavitel\u00e9 samospr\u00e1v a neziskov\u00e9ho sektoru a p\u0159edn\u00ed odborn\u00edci a odbornice z oblasti demografie, sociologie, ekonomie, psychologie i pedagogiky.<\/p>\n<p>Leto\u0161n\u00ed F\u00f3rum rodinn\u00e9 politiky nav\u0161t\u00edvilo p\u0159es 300 z\u00e1jemc\u016f z \u0159ad odborn\u00e9 ve\u0159ejnosti.<\/p>\n<p>V\u00edce informac\u00ed naleznete na internetov\u00fdch str\u00e1nk\u00e1ch http:\/\/www.forumrodina.mpsv.cz\/.<\/p>\n<p>Zdroj: MPSV<\/p>\n<p>(-jh-)<\/p>\n","protected":false},"excerpt":{"rendered":"<p>F\u00f3rum rodinn\u00e9 politiky se pod taktovkou MPSV letos konalo ji\u017e pot\u0159et\u00ed, tentokr\u00e1t v prostor\u00e1ch Univerzity Pardubice. Stejn\u011b jako v p\u0159edchoz\u00edch ro\u010dn\u00edc\u00edch byla v r\u00e1mci odborn\u00fdch workshop\u016f diskutov\u00e1na st\u011b\u017eejn\u00ed t\u00e9mata \u00fazce souvisej\u00edc\u00ed s rodinnou politikou. Tentokr\u00e1t ale tak\u00e9 v kontextu spole\u010densk\u00fdch a ekonomick\u00fdch dopad\u016f prob\u00edhaj\u00edc\u00ed pandemie COVID-19.<\/p>\n","protected":false},"author":1,"featured_media":431,"comment_status":"open","ping_status":"open","sticky":false,"template":"","format":"standard","meta":[],"categories":[9],"tags":[],"_links":{"self":[{"href":"https:\/\/jananews.cz\/index.php\/wp-json\/wp\/v2\/posts\/558"}],"collection":[{"href":"https:\/\/jananews.cz\/index.php\/wp-json\/wp\/v2\/posts"}],"about":[{"href":"https:\/\/jananews.cz\/index.php\/wp-json\/wp\/v2\/types\/post"}],"author":[{"embeddable":true,"href":"https:\/\/jananews.cz\/index.php\/wp-json\/wp\/v2\/users\/1"}],"replies":[{"embeddable":true,"href":"https:\/\/jananews.cz\/index.php\/wp-json\/wp\/v2\/comments?post=558"}],"version-history":[{"count":1,"href":"https:\/\/jananews.cz\/index.php\/wp-json\/wp\/v2\/posts\/558\/revisions"}],"predecessor-version":[{"id":559,"href":"https:\/\/jananews.cz\/index.php\/wp-json\/wp\/v2\/posts\/558\/revisions\/559"}],"wp:featuredmedia":[{"embeddable":true,"href":"https:\/\/jananews.cz\/index.php\/wp-json\/wp\/v2\/media\/431"}],"wp:attachment":[{"href":"https:\/\/jananews.cz\/index.php\/wp-json\/wp\/v2\/media?parent=558"}],"wp:term":[{"taxonomy":"category","embeddable":true,"href":"https:\/\/jananews.cz\/index.php\/wp-json\/wp\/v2\/categories?post=558"},{"taxonomy":"post_tag","embeddable":true,"href":"https:\/\/jananews.cz\/index.php\/wp-json\/wp\/v2\/tags?post=558"}],"curies":[{"name":"wp","href":"https:\/\/api.w.org\/{rel}","templated":true}]}}