{"id":56,"date":"2016-03-04T23:38:32","date_gmt":"2016-03-04T22:38:32","guid":{"rendered":"http:\/\/www.jananews.cz\/WP\/index.php\/2016\/03\/04\/radio-1-pripravi-zpravodajstvi-z-festivalu-jeden-svet\/"},"modified":"2020-08-16T22:43:35","modified_gmt":"2020-08-16T20:43:35","slug":"radio-1-pripravi-zpravodajstvi-z-festivalu-jeden-svet","status":"publish","type":"post","link":"https:\/\/jananews.cz\/index.php\/2016\/03\/04\/radio-1-pripravi-zpravodajstvi-z-festivalu-jeden-svet\/","title":{"rendered":"Radio 1 p\u0159iprav\u00ed zpravodajstv\u00ed z festivalu JEDEN SV\u011aT"},"content":{"rendered":"<p>PRAHA &#8211; Radio 1 bude v r\u00e1mci 18. ro\u010dn\u00edku festivalu Jeden sv\u011bt vys\u00edlat zpravodajsk\u00fd servis o festivalov\u00fdch novink\u00e1ch a uv\u00e1d\u011bn\u00fdch filmech. Po\u0159ad bude na Radiu 1 vys\u00edl\u00e1n v pr\u016fb\u011bhu kon\u00e1n\u00ed festivalu od 8. do 11. a od 14. do 15. b\u0159ezna, v\u017edy v 11:00 a 16:00. Zpravodajstv\u00ed p\u0159iprav\u00ed Anna Batistov\u00e1 z t\u00fdmu festivalu Jeden sv\u011bt.<\/p>\n<p><!--more--><\/p>\n<p>Zpravodajsk\u00fd servis p\u0159inese aktu\u00e1ln\u00ed informace z d\u011bn\u00ed na festivalu, pozv\u00e1nky na filmy a doprovodn\u00e9 akce a rozhovory s protagonisty festivalu. Zpravodajstv\u00ed poslucha\u010d\u016fm nab\u00eddneme v\u017edy v 11 hodin v premi\u00e9\u0159e a v 16 hodin v repr\u00edze.<\/p>\n<p>Mezin\u00e1rodn\u00ed festival dokument\u00e1rn\u00edch film\u016f o lidsk\u00fdch pr\u00e1vech Jeden sv\u011bt, kter\u00fd po\u0159\u00e1d\u00e1 spole\u010dnost \u010clov\u011bk v t\u00edsni, je v sou\u010dasnosti nejv\u011bt\u0161\u00edm dokument\u00e1rn\u00edm festivalem s t\u00e9matikou lidsk\u00fdch pr\u00e1v na sv\u011bt\u011b. V Praze se kon\u00e1 v term\u00ednu od 7. do 16. b\u0159ezna 2016. Jeden sv\u011bt je m\u00edstem pro v\u00fdm\u011bnu n\u00e1zor\u016f a zku\u0161enost\u00ed, div\u00e1ci a diva\u010dky maj\u00ed mo\u017enost o t\u00e9matech film\u016f diskutovat nejen s filmov\u00fdmi tv\u016frci, ale i s odborn\u00edky na danou problematiku. V r\u00e1mci festivalu je ud\u011blov\u00e1na jedin\u00e1 \u010desk\u00e1 mezin\u00e1rodn\u00ed lidskopr\u00e1vn\u00ed cena \u2013 Homo Homini. Ka\u017edoro\u010dn\u011b ji z\u00edsk\u00e1vaj\u00ed osobnosti \u010di skupiny, kter\u00e9 se v\u00fdznamn\u011b zaslou\u017eily o prosazov\u00e1n\u00ed lidsk\u00fdch pr\u00e1v. Festival se nekon\u00e1 jen v hlavn\u00edm m\u011bst\u011b, ale po prom\u00edt\u00e1n\u00ed v Praze se projekce Jednoho sv\u011bta p\u0159esunou do \u010dty\u0159iceti \u010desk\u00fdch a moravsk\u00fdch m\u011bst.<\/p>\n<p>V\u00edce informac\u00ed o Mezin\u00e1rodn\u00edm festivalu dokument\u00e1rn\u00edch film\u016f o lidsk\u00fdch pr\u00e1vech Jeden sv\u011bt najdete na www.jedensvet.cz.<\/p>\n<p>Sponzorem zpravodajstv\u00ed je JN Interier &#8211; \u010desk\u00fd v\u00fdrobce kuchyn\u00ed, vestav\u011bn\u00fdch sk\u0159\u00edn\u00ed a n\u00e1bytku na m\u00edru. www.jninterier.cz. Vyu\u017eijte V\u00e1\u0161 prostor.<\/p>\n<p>Radio 1 je mo\u017en\u00e9 poslouchat na frekvenci 91,9 FM a po internetu. V\u00edce informac\u00ed najdete na www.radio1.cz, kde jsou ke sta\u017een\u00ed i mobiln\u00ed aplikace.<\/p>\n<p>Text: Kl\u00e1ra Vlkov\u00e1<\/p>\n","protected":false},"excerpt":{"rendered":"<p>PRAHA &#8211; Radio 1 bude v r\u00e1mci 18. ro\u010dn\u00edku festivalu Jeden sv\u011bt vys\u00edlat zpravodajsk\u00fd servis o festivalov\u00fdch novink\u00e1ch a uv\u00e1d\u011bn\u00fdch filmech. Po\u0159ad bude na Radiu 1 vys\u00edl\u00e1n v pr\u016fb\u011bhu kon\u00e1n\u00ed festivalu od 8. do 11. a od 14. do 15. b\u0159ezna, v\u017edy v 11:00 a 16:00. Zpravodajstv\u00ed p\u0159iprav\u00ed Anna Batistov\u00e1 z t\u00fdmu festivalu Jeden sv\u011bt.<\/p>\n","protected":false},"author":1,"featured_media":398,"comment_status":"open","ping_status":"open","sticky":false,"template":"","format":"standard","meta":[],"categories":[7],"tags":[],"_links":{"self":[{"href":"https:\/\/jananews.cz\/index.php\/wp-json\/wp\/v2\/posts\/56"}],"collection":[{"href":"https:\/\/jananews.cz\/index.php\/wp-json\/wp\/v2\/posts"}],"about":[{"href":"https:\/\/jananews.cz\/index.php\/wp-json\/wp\/v2\/types\/post"}],"author":[{"embeddable":true,"href":"https:\/\/jananews.cz\/index.php\/wp-json\/wp\/v2\/users\/1"}],"replies":[{"embeddable":true,"href":"https:\/\/jananews.cz\/index.php\/wp-json\/wp\/v2\/comments?post=56"}],"version-history":[{"count":1,"href":"https:\/\/jananews.cz\/index.php\/wp-json\/wp\/v2\/posts\/56\/revisions"}],"predecessor-version":[{"id":503,"href":"https:\/\/jananews.cz\/index.php\/wp-json\/wp\/v2\/posts\/56\/revisions\/503"}],"wp:featuredmedia":[{"embeddable":true,"href":"https:\/\/jananews.cz\/index.php\/wp-json\/wp\/v2\/media\/398"}],"wp:attachment":[{"href":"https:\/\/jananews.cz\/index.php\/wp-json\/wp\/v2\/media?parent=56"}],"wp:term":[{"taxonomy":"category","embeddable":true,"href":"https:\/\/jananews.cz\/index.php\/wp-json\/wp\/v2\/categories?post=56"},{"taxonomy":"post_tag","embeddable":true,"href":"https:\/\/jananews.cz\/index.php\/wp-json\/wp\/v2\/tags?post=56"}],"curies":[{"name":"wp","href":"https:\/\/api.w.org\/{rel}","templated":true}]}}