{"id":560,"date":"2020-09-08T12:08:34","date_gmt":"2020-09-08T10:08:34","guid":{"rendered":"http:\/\/www.jananews.cz\/WP\/?p=560"},"modified":"2020-09-08T12:08:34","modified_gmt":"2020-09-08T10:08:34","slug":"hana-zagorova-a-stefan-margita-konecne-spolecne-na-albu-hitu-a-duetu","status":"publish","type":"post","link":"https:\/\/jananews.cz\/index.php\/2020\/09\/08\/hana-zagorova-a-stefan-margita-konecne-spolecne-na-albu-hitu-a-duetu\/","title":{"rendered":"Hana Zagorov\u00e1 a \u0160tefan Margita kone\u010dn\u011b spole\u010dn\u011b na albu hit\u016f a duet\u016f"},"content":{"rendered":"<p>Zp\u011bva\u010dka\u00a0Hana Zagorov\u00e1\u00a0a tenorista\u00a0\u0160tefan Margita\u00a0m\u011bli m\u00edt letos na podzim poprv\u00e9 spole\u010dn\u00e9 koncerty ve \u010dty\u0159ech sportovn\u00edch hal\u00e1ch. Koronavirus v\u0161ak tyto pl\u00e1ny p\u0159ekazil a nyn\u00ed se Hana Zagorov\u00e1 z\u00a0n\u00e1kazy sama zotavuje.<\/p>\n<p><!--more-->Fanou\u0161ci se nakonec m\u00edsto cel\u00e9 koncertn\u00ed s\u00e9rie do\u010dkaj\u00ed jen jedin\u00e9ho megakoncertu 19. kv\u011btna 2021 v pra\u017esk\u00e9 O2 ar\u00e9n\u011b. U p\u0159\u00edle\u017eitosti tohoto turn\u00e9 s p\u0159\u00edhodn\u00fdm n\u00e1zvem Kone\u010dn\u011b spole\u010dn\u011b bylo napl\u00e1novan\u00e9 i vyd\u00e1n\u00ed speci\u00e1ln\u00edho stejnojmenn\u00e9ho alba, je\u017e by obs\u00e1hlo nov\u00e9 i osv\u011bd\u010den\u00e9 duety a n\u011bkolik s\u00f3lov\u00fdch p\u00edsn\u00ed, kter\u00e9 m\u011bly v r\u00e1mci koncert\u016f zazn\u00edt. \u201eNavzdory zru\u0161en\u00e9mu turn\u00e9 jsme se rozhodli j\u00edt v \u010dervnu do studia a vybran\u00e9 duety p\u0159eci jen nahr\u00e1t a na podzim je v podob\u011b desky poslat za na\u0161imi fanou\u0161ky,\u201c uvedl \u0160tefan Margita a Hana Zagorov\u00e1 dodala: \u201eAlbem bychom cht\u011bli na\u0161im p\u0159\u00edznivc\u016fm ud\u011blat alespo\u0148 takto zprost\u0159edkovan\u011b radost, kdy\u017e vinou koronaviru nastalo tohle ne\u010dekan\u00e9 a smutn\u00e9 vybo\u010den\u00ed z norm\u00e1ln\u00edho \u017eivota.\u201c<\/p>\n<p>Mezi duety na albu Kone\u010dn\u011b spole\u010dn\u011b jsou nap\u0159\u00edklad p\u00edsn\u011b jako Adieu \u010di Hraj muziko, p\u016fvodn\u011b nazp\u00edvan\u00e9 samotnou Zagorovou. Poslucha\u010de jist\u011b zaujme i nov\u00e1 verze obl\u00edben\u00e9ho duetu M\u017e\u00ed, kter\u00fd p\u0159ed lety napsal Michal David se Zde\u0148kem Borovcem pro Hanu Zagorovou a Karla Gotta do televizn\u00edho po\u0159adu, nebo song Miroslava \u017dbirky Jesenn\u00e1 l\u00e1ska, kter\u00fd v pod\u00e1n\u00ed nov\u00fdch hv\u011bzdn\u00fdch interpret\u016f dostal \u0161ansonov\u00fd rozm\u011br. Album Kone\u010dn\u011b spole\u010dn\u011b obsahuje celkem 11 p\u00edsn\u00ed a vyjde v p\u00e1tek 18. z\u00e1\u0159\u00ed 2020 na CD, digit\u00e1ln\u011b i na vinylu.<\/p>\n<p>TRACKLIST alba\u00a0Kone\u010dn\u011b spole\u010dn\u011b\u00a0\u2013\u00a0Sl\u00e1va\u00a0je b\u00e1l, Ztracen\u00e1 l\u00e1ska, M\u00edt t\u011b r\u00e1da, M\u00e1ma, Adieu, Ave Maria, J\u00e1 nem\u00e1m strach, M\u017e\u00ed, Le temps des cath\u00e9drales, Jesenn\u00e1 l\u00e1ska, Hraj, muziko<\/p>\n<p>Text: Vladan Drvota<\/p>\n<p>Foto: Anna Kova\u010di\u010d<br \/>\nFOTOGRAFIE v\u00a0tiskov\u00e9 kvalit\u011b = kredit \u00a9 Anna Kova\u010di\u010d:\u00a0http:\/\/media.supraphon.cz\/-\/hana-zagorova-a-stefan-margita-konecne-spolecne-na-albu-hitu-i-prekvapivych-duetu\/<\/p>\n<p>video:\u00a0 https:\/\/youtu.be\/q3vOLBjJLfw<\/p>\n<p>www.zagorovahana.cz<\/p>\n<p>www.stefanmargita.com\/cz<\/p>\n<p>&nbsp;<\/p>\n","protected":false},"excerpt":{"rendered":"<p>Zp\u011bva\u010dka\u00a0Hana Zagorov\u00e1\u00a0a tenorista\u00a0\u0160tefan Margita\u00a0m\u011bli m\u00edt letos na podzim poprv\u00e9 spole\u010dn\u00e9 koncerty ve \u010dty\u0159ech sportovn\u00edch hal\u00e1ch. Koronavirus v\u0161ak tyto pl\u00e1ny p\u0159ekazil a nyn\u00ed se Hana Zagorov\u00e1 z\u00a0n\u00e1kazy sama zotavuje.<\/p>\n","protected":false},"author":1,"featured_media":562,"comment_status":"open","ping_status":"open","sticky":false,"template":"","format":"standard","meta":[],"categories":[7],"tags":[],"_links":{"self":[{"href":"https:\/\/jananews.cz\/index.php\/wp-json\/wp\/v2\/posts\/560"}],"collection":[{"href":"https:\/\/jananews.cz\/index.php\/wp-json\/wp\/v2\/posts"}],"about":[{"href":"https:\/\/jananews.cz\/index.php\/wp-json\/wp\/v2\/types\/post"}],"author":[{"embeddable":true,"href":"https:\/\/jananews.cz\/index.php\/wp-json\/wp\/v2\/users\/1"}],"replies":[{"embeddable":true,"href":"https:\/\/jananews.cz\/index.php\/wp-json\/wp\/v2\/comments?post=560"}],"version-history":[{"count":1,"href":"https:\/\/jananews.cz\/index.php\/wp-json\/wp\/v2\/posts\/560\/revisions"}],"predecessor-version":[{"id":563,"href":"https:\/\/jananews.cz\/index.php\/wp-json\/wp\/v2\/posts\/560\/revisions\/563"}],"wp:featuredmedia":[{"embeddable":true,"href":"https:\/\/jananews.cz\/index.php\/wp-json\/wp\/v2\/media\/562"}],"wp:attachment":[{"href":"https:\/\/jananews.cz\/index.php\/wp-json\/wp\/v2\/media?parent=560"}],"wp:term":[{"taxonomy":"category","embeddable":true,"href":"https:\/\/jananews.cz\/index.php\/wp-json\/wp\/v2\/categories?post=560"},{"taxonomy":"post_tag","embeddable":true,"href":"https:\/\/jananews.cz\/index.php\/wp-json\/wp\/v2\/tags?post=560"}],"curies":[{"name":"wp","href":"https:\/\/api.w.org\/{rel}","templated":true}]}}