{"id":565,"date":"2020-09-08T12:14:59","date_gmt":"2020-09-08T10:14:59","guid":{"rendered":"http:\/\/www.jananews.cz\/WP\/?p=565"},"modified":"2020-09-08T12:14:59","modified_gmt":"2020-09-08T10:14:59","slug":"tereza-maskova-natocila-pisen-k-pohadkove-fantasy-sekunduje-v-ni-i-princ-marek-lambora","status":"publish","type":"post","link":"https:\/\/jananews.cz\/index.php\/2020\/09\/08\/tereza-maskova-natocila-pisen-k-pohadkove-fantasy-sekunduje-v-ni-i-princ-marek-lambora\/","title":{"rendered":"Tereza Ma\u0161kov\u00e1 nato\u010dila p\u00edse\u0148 k poh\u00e1dkov\u00e9 fantasy. Sekunduje v n\u00ed i princ Marek Lambora"},"content":{"rendered":"<p>Tereza Ma\u0161kov\u00e1 nato\u010dila tituln\u00ed p\u00edse\u0148 k nov\u00e9 \u010desk\u00e9 fantasy poh\u00e1dce Princezna zaklet\u00e1 v \u010dase. Jmenuje se Tam za \u0159ekou a s Terezou ji nazp\u00edvali i herci v\u010detn\u011b p\u0159edstavitel\u016f prince a princezny, Marek Lambora a Nat\u00e1lie Germ\u00e1ni.<\/p>\n<p>\u201eByla to skv\u011bl\u00e1 spolupr\u00e1ce a poznala jsem partu \u00fa\u017easn\u00fdch lid\u00ed. P\u00edsni\u010dka k filmu je pro mne n\u011bco nov\u00e9ho. Stejn\u011b jako poh\u00e1dka, kter\u00e1 se mi moc l\u00edb\u00ed. Tak\u00e9 je ve sv\u00e9m pojet\u00ed a fantasy zam\u011b\u0159en\u00edm na na\u0161\u00ed filmov\u00e9 sc\u00e9n\u011b nov\u00e1. V\u011b\u0159\u00edm, \u017ee se bude div\u00e1k\u016fm l\u00edbit a p\u0159inese radost. Zvl\u00e1\u0161t\u011b v dne\u0161n\u00ed dob\u011b, poznamenan\u00e9 celosv\u011btovou situac\u00ed nah\u00e1n\u011bj\u00edc\u00ed strach a obavy\u201c, \u0159\u00edk\u00e1 Tereza Ma\u0161kov\u00e1. \u201eJako d\u00edt\u011b jsem snila o tom, zahr\u00e1t si v poh\u00e1dce. Te\u010f se mi to sv\u00fdm zp\u016fsobem splnilo,\u201c dod\u00e1v\u00e1.<\/p>\n<p>Hudbu i text napsal autor filmov\u00e9 hudby k poh\u00e1dce Luk\u00e1\u0161 Daniel Pa\u0159\u00edk: \u201eSpolupr\u00e1ci s Terkou Ma\u0161kovou jsem si dost vysnil, je to fam\u00f3zn\u00ed zp\u011bva\u010dka s jedine\u010dn\u00fdm c\u00edt\u011bn\u00edm. A stejn\u011b jako cel\u00fd film i p\u0159\u00edstup k tituln\u00ed p\u00edsni mi p\u0159ijde dost origin\u00e1ln\u00ed. M\u00e1 toti\u017e dv\u011b verze: jednu s temn\u00fdm filmov\u00fdm orchestrem, kter\u00e1 zazn\u00ed p\u0159\u00edmo ve filmu, kde ji zp\u00edv\u00e1 Eli\u0161ka K\u0159enkov\u00e1 jako alchymistka Am\u00e9lie, a potom tuto verzi s Terkou, Markem, Nat\u00e1lkou a ostatn\u00edmi herci. Z v\u00fdsledku m\u00e1m v\u00e1\u017en\u011b radost.\u201c<\/p>\n<p>Nov\u00e1 \u010desk\u00e1 fantasy poh\u00e1dka re\u017eis\u00e9ra Petra Kub\u00edka Princezna zaklet\u00e1 v \u010dase se do \u010desk\u00fdch kin chyst\u00e1 17. z\u00e1\u0159\u00ed, p\u0159esn\u011b p\u016fl roku po prvn\u00ed pl\u00e1novan\u00e9 premi\u00e9\u0159e v b\u0159eznu zru\u0161en\u00e9 Covidem. Hraj\u00ed v n\u00ed mj. Marek Lambora, Nat\u00e1lie Germ\u00e1ni, Eli\u0161ka K\u0159enkova, Jana R\u00e9vai, Roman Zach, Veronika Freimanov\u00e1, Simona Zmrzl\u00e1, Martin Dejdar a Martin P\u00edsa\u0159\u00edk.<\/p>\n<p>\u201eCht\u011bli jsme nato\u010dit poh\u00e1dku, kter\u00e1 se bude op\u00edrat o star\u00e9 tradi\u010dn\u00ed \u010desk\u00e9 poh\u00e1dky, ale z\u00e1rove\u0148 bude v n\u011b\u010dem jin\u00e1, origin\u00e1ln\u00ed. Proto v \u201ePrincezn\u011b zaklet\u00e9 v \u010dase\u201c div\u00e1ci uvid\u00ed i prvky, kter\u00e9 zn\u00e1me sp\u00ed\u0161e ze zahrani\u010dn\u00edch fantasy p\u0159\u00edb\u011bh\u016f. Samoz\u0159ejm\u011b nechyb\u00ed ani vtipn\u00e9 sc\u00e9ny, nicm\u00e9n\u011b prioritou pro n\u00e1s z\u016fstal kvalitn\u00ed a nap\u00ednav\u00fd p\u0159\u00edb\u011bh,\u201c \u0159\u00edk\u00e1 re\u017eis\u00e9r a spoluautor sc\u00e9n\u00e1\u0159e Petr Kub\u00edk.<\/p>\n<p>Klip Tam za \u0159ekou: https:\/\/www.youtube.com\/watch?v=rNVy5XY8nIU&amp;feature=youtu.be<\/p>\n<p>P\u00edse\u0148 Tam za \u0159ekou na digit\u00e1ln\u00edch slu\u017eb\u00e1ch: https:\/\/WMCZ.lnk.to\/PrinceznaZakletaVCase<br \/>\nTrailer: https:\/\/www.youtube.com\/watch?v=LnurQdKRiME&amp;t=68s&amp;ab_channel=BohemiaMotionPictures<\/p>\n<p>Text: Mgr. Marcela Ko\u010dandrlov\u00e1<br \/>\nFoto z nat\u00e1\u010den\u00ed klipu: David Pa\u0159\u00edk<\/p>\n<p><img loading=\"lazy\" class=\"alignnone size-medium wp-image-567\" src=\"https:\/\/jananews.cz\/wp-content\/uploads\/2020\/09\/Tereza-Maskova_studio.pg_-300x232.jpg\" alt=\"\" width=\"300\" height=\"232\" srcset=\"https:\/\/jananews.cz\/wp-content\/uploads\/2020\/09\/Tereza-Maskova_studio.pg_-300x232.jpg 300w, https:\/\/jananews.cz\/wp-content\/uploads\/2020\/09\/Tereza-Maskova_studio.pg_-1024x791.jpg 1024w, https:\/\/jananews.cz\/wp-content\/uploads\/2020\/09\/Tereza-Maskova_studio.pg_-768x594.jpg 768w, https:\/\/jananews.cz\/wp-content\/uploads\/2020\/09\/Tereza-Maskova_studio.pg_-1536x1187.jpg 1536w, https:\/\/jananews.cz\/wp-content\/uploads\/2020\/09\/Tereza-Maskova_studio.pg_-2048x1583.jpg 2048w\" sizes=\"(max-width: 300px) 100vw, 300px\" \/><br \/>\n<img loading=\"lazy\" class=\"alignnone size-medium wp-image-566\" src=\"https:\/\/jananews.cz\/wp-content\/uploads\/2020\/09\/Marek-Lambora-300x228.jpg\" alt=\"\" width=\"300\" height=\"228\" srcset=\"https:\/\/jananews.cz\/wp-content\/uploads\/2020\/09\/Marek-Lambora-300x228.jpg 300w, https:\/\/jananews.cz\/wp-content\/uploads\/2020\/09\/Marek-Lambora-1024x779.jpg 1024w, https:\/\/jananews.cz\/wp-content\/uploads\/2020\/09\/Marek-Lambora-768x584.jpg 768w, https:\/\/jananews.cz\/wp-content\/uploads\/2020\/09\/Marek-Lambora-1536x1169.jpg 1536w, https:\/\/jananews.cz\/wp-content\/uploads\/2020\/09\/Marek-Lambora-2048x1558.jpg 2048w, https:\/\/jananews.cz\/wp-content\/uploads\/2020\/09\/Marek-Lambora-80x60.jpg 80w\" sizes=\"(max-width: 300px) 100vw, 300px\" \/><\/p>\n","protected":false},"excerpt":{"rendered":"<p>Tereza Ma\u0161kov\u00e1 nato\u010dila tituln\u00ed p\u00edse\u0148 k nov\u00e9 \u010desk\u00e9 fantasy poh\u00e1dce Princezna zaklet\u00e1 v \u010dase. Jmenuje se Tam za \u0159ekou a s Terezou ji nazp\u00edvali i herci v\u010detn\u011b p\u0159edstavitel\u016f prince a princezny, Marek Lambora a Nat\u00e1lie Germ\u00e1ni. \u201eByla to skv\u011bl\u00e1 spolupr\u00e1ce a poznala jsem partu \u00fa\u017easn\u00fdch lid\u00ed. P\u00edsni\u010dka k filmu je pro mne n\u011bco nov\u00e9ho. Stejn\u011b<\/p>\n","protected":false},"author":1,"featured_media":568,"comment_status":"open","ping_status":"open","sticky":false,"template":"","format":"standard","meta":[],"categories":[7],"tags":[],"_links":{"self":[{"href":"https:\/\/jananews.cz\/index.php\/wp-json\/wp\/v2\/posts\/565"}],"collection":[{"href":"https:\/\/jananews.cz\/index.php\/wp-json\/wp\/v2\/posts"}],"about":[{"href":"https:\/\/jananews.cz\/index.php\/wp-json\/wp\/v2\/types\/post"}],"author":[{"embeddable":true,"href":"https:\/\/jananews.cz\/index.php\/wp-json\/wp\/v2\/users\/1"}],"replies":[{"embeddable":true,"href":"https:\/\/jananews.cz\/index.php\/wp-json\/wp\/v2\/comments?post=565"}],"version-history":[{"count":1,"href":"https:\/\/jananews.cz\/index.php\/wp-json\/wp\/v2\/posts\/565\/revisions"}],"predecessor-version":[{"id":569,"href":"https:\/\/jananews.cz\/index.php\/wp-json\/wp\/v2\/posts\/565\/revisions\/569"}],"wp:featuredmedia":[{"embeddable":true,"href":"https:\/\/jananews.cz\/index.php\/wp-json\/wp\/v2\/media\/568"}],"wp:attachment":[{"href":"https:\/\/jananews.cz\/index.php\/wp-json\/wp\/v2\/media?parent=565"}],"wp:term":[{"taxonomy":"category","embeddable":true,"href":"https:\/\/jananews.cz\/index.php\/wp-json\/wp\/v2\/categories?post=565"},{"taxonomy":"post_tag","embeddable":true,"href":"https:\/\/jananews.cz\/index.php\/wp-json\/wp\/v2\/tags?post=565"}],"curies":[{"name":"wp","href":"https:\/\/api.w.org\/{rel}","templated":true}]}}