{"id":57,"date":"2016-03-05T21:00:28","date_gmt":"2016-03-05T20:00:28","guid":{"rendered":"http:\/\/www.jananews.cz\/WP\/index.php\/2016\/03\/05\/vyrazte-na-veletrh-world-of-beauty-spa\/"},"modified":"2020-08-19T22:07:51","modified_gmt":"2020-08-19T20:07:51","slug":"vyrazte-na-veletrh-world-of-beauty-spa","status":"publish","type":"post","link":"https:\/\/jananews.cz\/index.php\/2016\/03\/05\/vyrazte-na-veletrh-world-of-beauty-spa\/","title":{"rendered":"Vyra\u017ete na veletrh WORLD OF BEAUTY &#038; SPA"},"content":{"rendered":"<p>PRAHA &#8211; Na 400 firem na v\u00fdstavn\u00edch st\u00e1nc\u00edch p\u0159ipravilo sv\u00e9 nejlep\u0161\u00ed a nejnov\u011bj\u0161\u00ed p\u011bst\u00edc\u00ed produkty pr\u00e1v\u011b pro V\u00e1s \u2013 na vlastn\u00ed o\u010di se p\u0159esv\u011bd\u010d\u00edte o v\u00fdsledc\u00edch \u2013 a\u0165 u\u017e je jimi hez\u010d\u00ed ple\u0165, nov\u00fd styling \u010di \u00fa\u010des (na veletrhu se prezentuje ji\u017e podruh\u00e9 t\u00e9m\u011b\u0159 des\u00edtka nov\u00fdch kade\u0159nick\u00fdch firem s trendy p\u0159edev\u0161\u00edm z Italie).<\/p>\n<p><!--more--><\/p>\n<p>P\u0159\u00edpravky jsou ur\u010den\u00e9 do kosmetick\u00fdch a mas\u00e1\u017en\u00edch salon\u016f, wellness, spa, ale i pro prodej v kade\u0159nictv\u00edch, l\u00e9k\u00e1rn\u00e1ch, parfumeri\u00edch i obchodech a obch\u016fdc\u00edch s p\u0159\u00edrodn\u00edmi produkty, aromaterapi\u00ed a p\u0159\u00edpravky pro zdrav\u00fd \u017eivotn\u00ed styl. Zastoupena je \u00a0d\u011btsk\u00e1 kosmetika v neopakovateln\u011b atraktivn\u00edch obalech.<\/p>\n<p>\u010c\u00e1st programu bude v\u011bnov\u00e1na \u00fa\u010des\u016fm, nehtov\u00e9mu designu, strm\u011b stoup\u00e1 nab\u00eddka p\u0159\u00edpravk\u016f, n\u00e1stroj\u016f, p\u0159\u00edstroj\u016f ale i \u0161kolen\u00ed pro p\u00e9\u010di o nohy.<\/p>\n<p>Trendy v l\u00ed\u010den\u00ed, \u00fa\u010desech i m\u00f3d\u011b p\u0159ich\u00e1zej\u00ed s nastupuj\u00edc\u00edm jarem. Inspirac\u00ed v ruk\u00e1ch viz\u00e1\u017eist\u016f a stylist\u016f bude \u201eSeason\u201d make-up znamenit\u00e9 \u0160t\u011bp\u00e1nky Podrou\u017ekov\u00e9, \u201eGlam Rock\u201d \u00fa\u017easn\u00e9ho Pavla Bauera, na n\u011bj\u017e bude navazovat p\u0159ehl\u00eddka ve spolupr\u00e1ci s Romanou Topinkovou \u201eRock Fashion Harley Davidson\u201d. N\u00e1v\u0161t\u011bvn\u00edci uvid\u00ed kade\u0159nick\u00e9 kreace vytvo\u0159en\u00e9 legendou oboru D\u00e1dou Kusou, \u00a0t\u00fdmem Honzy Hlav\u00e1\u010dka a Martina Lou\u017eeck\u00e9ho, Romanou Topinkovou \u010di Honzou \u0160pilarem. \u00a0Mladistvou inspirac\u00ed budou pr\u00e1ce mlad\u00fdch designer\u016f na t\u00e9ma \u201eNev\u011bsta budoucnosti\u201d \u00a0\u010di l\u00ed\u010den\u00ed a \u00fa\u010desy ve stylu \u201eExtravagance p\u0159ehl\u00eddkov\u00e9ho mola\u201d. Sout\u011b\u017eit se bude tak\u00e9 v nail artu, prodlu\u017eov\u00e1n\u00ed a zahu\u0161\u0165ov\u00e1n\u00ed \u0159as, prodlu\u017eov\u00e1n\u00ed vlas\u016f, \u0161pendlen\u00ed model\u016f a nebude chyb\u011bt sout\u011b\u017e v\u011bnovan\u00e1 tzv. \u201enatur\u00e1ln\u00edmu fitness\u201d. V programu vystoup\u00ed mist\u0159i tance ze studia \u201eStage\u201d.<\/p>\n<p>SOBOTA 12. 3. 2016 v 11:30 \u2013 jedine\u010dn\u00e1 ud\u00e1lost!<\/p>\n<p>Ve Fashion Show uvid\u00edte modelku Ta\u0165\u00e1nu Makarenko, \u010ceskou Miss 2015 Nikol \u0160vantnerovou, \u010ceskou Miss 2014 Gabrielu Frankovou, \u010ceskou Miss 2007 Lucii Hada\u0161ovou s dcerou Deniskou, \u010ceskou Miss Earth 2015 Karolinu Mali\u0161ovou, Terezu Budkovou, Supermiss \u010cR 2015 Hanu V\u00e1gnerovou, Miss Face 2015 Barboru Hamplovou, Vicemiss Face 2015 Nat\u00e1lii Mysl\u00edkovou a modelku Nikol Bechy\u0148ovou.<\/p>\n<p>Na podiu i st\u00e1nc\u00edch se n\u00e1v\u0161t\u011bvn\u00edci setkaj\u00ed se zn\u00e1m\u00fdmi osobnostmi, z nich\u017e jist\u011b zaujme t\u0159eba Zuzana Norisov\u00e1 v programu firmy GERn\u00e9tic, moder\u00e1torka Kristina Kloubkov\u00e1 a Marie Rottrov\u00e1 pro Alessandro \u010di Eva Decastelo a Lenka Vlas\u00e1kov\u00e1 pro Yasmina.cz, Iveta Lutovsk\u00e1-V\u00edtov\u00e1 pro SpaRitual. \u00a0V\u0161e dopln\u00ed nab\u00eddka dal\u0161\u00edho vzd\u011bl\u00e1v\u00e1n\u00ed i rekvalifikac\u00ed.<\/p>\n<p>Otev\u0159eno p\u00e1tek 11. 3. a sobota 12. 3. 2016 od 10:00 do 18:00 hod.<\/p>\n<p>Vstupn\u00e9 130,- K\u010d \/den na m\u00edst\u011b u pokladny.<\/p>\n<p>Studenti odborn\u00fdch \u0161kol s doprovodem a vybran\u00e9 slevov\u00e9 kupony \u2013 sleva 50% = 65,- K\u010d.<\/p>\n<p>P\u0159edprodej za 110,- K\u010d \/den a zlevn\u011bn\u00e1 vstupenka za 90,- K\u010d \/den po registraci na Facebooku nebo na www.BeautyExpo.cz\/vstupenka<\/p>\n<p>P\u0159edprodej kon\u010d\u00ed ve st\u0159edu 9. 3. 2016 v 23:59 a platba je mo\u017en\u00e1 pouze bankovn\u00edm p\u0159evodem na \u00fa\u010det, nebo jako QR platba.<\/p>\n<p>D\u011bti do 14ti let a dr\u017eitel\u00e9 ZTP zdarma.<\/p>\n<p>Program veletrhu na let\u00e1ku: <a href=\"http:\/\/www.BeautyExpo.cz\/letak\/\">www.BeautyExpo.cz\/letak\/<\/a><\/p>\n<p>Video z minul\u00fdch ro\u010dn\u00edk\u016f: <a href=\"http:\/\/www.BeautyExpo.cz\/video\/\">www.BeautyExpo.cz\/video\/<br \/>\nFACEBOOK: <\/a><a href=\"http:\/\/www.facebook.com\/KosmetickyVeletrh\/\">www.facebook.com\/KosmetickyVeletrh\/<\/a><\/p>\n<p>Zdroj: PVA<\/p>\n<p>(-jh-)<\/p>\n","protected":false},"excerpt":{"rendered":"<p>PRAHA &#8211; Na 400 firem na v\u00fdstavn\u00edch st\u00e1nc\u00edch p\u0159ipravilo sv\u00e9 nejlep\u0161\u00ed a nejnov\u011bj\u0161\u00ed p\u011bst\u00edc\u00ed produkty pr\u00e1v\u011b pro V\u00e1s \u2013 na vlastn\u00ed o\u010di se p\u0159esv\u011bd\u010d\u00edte o v\u00fdsledc\u00edch \u2013 a\u0165 u\u017e je jimi hez\u010d\u00ed ple\u0165, nov\u00fd styling \u010di \u00fa\u010des (na veletrhu se prezentuje ji\u017e podruh\u00e9 t\u00e9m\u011b\u0159 des\u00edtka nov\u00fdch kade\u0159nick\u00fdch firem s trendy p\u0159edev\u0161\u00edm z Italie).<\/p>\n","protected":false},"author":1,"featured_media":275,"comment_status":"open","ping_status":"open","sticky":false,"template":"","format":"standard","meta":[],"categories":[19],"tags":[],"_links":{"self":[{"href":"https:\/\/jananews.cz\/index.php\/wp-json\/wp\/v2\/posts\/57"}],"collection":[{"href":"https:\/\/jananews.cz\/index.php\/wp-json\/wp\/v2\/posts"}],"about":[{"href":"https:\/\/jananews.cz\/index.php\/wp-json\/wp\/v2\/types\/post"}],"author":[{"embeddable":true,"href":"https:\/\/jananews.cz\/index.php\/wp-json\/wp\/v2\/users\/1"}],"replies":[{"embeddable":true,"href":"https:\/\/jananews.cz\/index.php\/wp-json\/wp\/v2\/comments?post=57"}],"version-history":[{"count":1,"href":"https:\/\/jananews.cz\/index.php\/wp-json\/wp\/v2\/posts\/57\/revisions"}],"predecessor-version":[{"id":528,"href":"https:\/\/jananews.cz\/index.php\/wp-json\/wp\/v2\/posts\/57\/revisions\/528"}],"wp:featuredmedia":[{"embeddable":true,"href":"https:\/\/jananews.cz\/index.php\/wp-json\/wp\/v2\/media\/275"}],"wp:attachment":[{"href":"https:\/\/jananews.cz\/index.php\/wp-json\/wp\/v2\/media?parent=57"}],"wp:term":[{"taxonomy":"category","embeddable":true,"href":"https:\/\/jananews.cz\/index.php\/wp-json\/wp\/v2\/categories?post=57"},{"taxonomy":"post_tag","embeddable":true,"href":"https:\/\/jananews.cz\/index.php\/wp-json\/wp\/v2\/tags?post=57"}],"curies":[{"name":"wp","href":"https:\/\/api.w.org\/{rel}","templated":true}]}}