{"id":576,"date":"2020-10-27T13:27:41","date_gmt":"2020-10-27T12:27:41","guid":{"rendered":"http:\/\/www.jananews.cz\/WP\/?p=576"},"modified":"2020-10-27T13:27:41","modified_gmt":"2020-10-27T12:27:41","slug":"4tenori-chystaji-primy-prenos-koncertu","status":"publish","type":"post","link":"https:\/\/jananews.cz\/index.php\/2020\/10\/27\/4tenori-chystaji-primy-prenos-koncertu\/","title":{"rendered":"4Teno\u0159i chystaj\u00ed p\u0159\u00edm\u00fd p\u0159enos koncertu"},"content":{"rendered":"<p>4 Teno\u0159i \u2013 Marian Vojtko, Pavel V\u00edtek, Michal Bragagnolo a Jan K\u0159\u00ed\u017e, dva dr\u017eitel\u00e9 ceny Th\u00e1lie, pop-muzik\u00e1lov\u00e1 legenda a s\u00f3lista N\u00e1rodn\u00edho divadla v Praze zvou na speci\u00e1ln\u00ed koncert pln\u00fd filmov\u00fdch a muzik\u00e1lov\u00fdch hit\u016f. Ten bude mo\u017en\u00e9 sledovat v ned\u011bli 1. listopadu 2020 od 19:00 hodin z pohodl\u00ed ob\u00fdvac\u00edch pokoj\u016f, proto\u017ee bude \u017eiv\u011b p\u0159en\u00e1\u0161en p\u0159es internet a uskute\u010dn\u00ed se za jednotn\u00e9 vstupn\u00e9 250,- K\u010d na inviton.cz.<\/p>\n<p>\u00dasp\u011b\u0161n\u00e1 vok\u00e1ln\u00ed formace 4 Teno\u0159i vydala v z\u00e1\u0159\u00ed u vydavatelstv\u00ed Supraphon sv\u00e9 debutov\u00e9 album, kter\u00e9 nejen \u017ee obsazuje horn\u00ed p\u0159\u00ed\u010dky prodejn\u00edch \u017eeb\u0159\u00ed\u010dk\u016f, ale s p\u00edsn\u00ed Kr\u00e1sa, nazp\u00edvanou spole\u010dn\u011b s Luci\u00ed B\u00edlou, moment\u00e1ln\u011b boduj\u00ed na 1. m\u00edst\u011b hitpar\u00e1dy r\u00e1dia Frekvence 1.<\/p>\n<p>Sou\u010d\u00e1st\u00ed ned\u011bln\u00edho \u017eiv\u00e9ho streamu bude i mo\u017enost si se 4 Tenory popov\u00eddat \u010di objedn\u00e1vat p\u0159es Supraphonline.cz podepsan\u00e1 CD. \u201eD\u016fvodem uspo\u0159\u00e1dat t\u00edmto zp\u016fsobem n\u00e1\u0161 jedin\u00fd listopadov\u00fd koncert je, \u017ee alespo\u0148 na chv\u00edli v\u00e1s chceme p\u0159iv\u00e9st na jin\u00e9 my\u0161lenky a pomoc\u00ed kr\u00e1sn\u00fdch melodi\u00ed v\u00e1m, na\u0161im p\u0159\u00edznivc\u016fm, b\u00fdt bl\u00ed\u017ee. N\u00e1klady spojen\u00e9 s p\u0159enosem se hrad\u00ed ze vstupn\u00e9ho, my zp\u00edv\u00e1me bez n\u00e1roku na honor\u00e1\u0159. Vstupenky jsou pr\u00e1v\u011b v prodeji a postup je jednoduch\u00fd: jakmile si l\u00edstek koup\u00edte, p\u0159ijde v\u00e1m emailem link a heslo, kter\u00e9 plat\u00ed jen v jednom za\u0159\u00edzen\u00ed. M\u016f\u017eete si n\u00e1\u0161 koncert u\u017e\u00edt p\u011bkn\u011b doma,\u201c vzkazuj\u00ed protagonist\u00e9.<\/p>\n<p>\u201eSou\u010dasn\u00e1 vl\u00e1dn\u00ed opat\u0159en\u00ed umo\u017e\u0148uj\u00ed spole\u010dn\u00fd zp\u011bv maxim\u00e1ln\u011b 5 lid\u00ed, tak\u017ee 4 Teno\u0159i krit\u00e9ria spl\u0148uj\u00ed\u201c, doplnil informace producent Janis Sidovsk\u00fd s t\u00edm, \u017ee stream bude vys\u00edl\u00e1n \u017eiv\u011b a po skon\u010den\u00ed nebude dostupn\u00fd.<\/p>\n<p>Bez vstupenky nebude mo\u017en\u00e9 koncert sledovat.<\/p>\n<p>TEASER: https:\/\/www.youtube.com\/watch?v=QZX57-0Tg-g<br \/>\nMULTILINK: https:\/\/lnk.to\/4Tenorialbum<br \/>\nwww.4tenori.cz<\/p>\n<p>Zdroj: Supraphon<\/p>\n<p>(-jh-)<\/p>\n<p>www.supraphon.cz<br \/>\nwww.supraphonline.cz<\/p>\n<p><img loading=\"lazy\" class=\"alignnone size-medium wp-image-577\" src=\"https:\/\/jananews.cz\/wp-content\/uploads\/2020\/10\/teno\u0159i3-300x300.jpg\" alt=\"\" width=\"300\" height=\"300\" srcset=\"https:\/\/jananews.cz\/wp-content\/uploads\/2020\/10\/teno\u0159i3-300x300.jpg 300w, https:\/\/jananews.cz\/wp-content\/uploads\/2020\/10\/teno\u0159i3.jpg 1024w, https:\/\/jananews.cz\/wp-content\/uploads\/2020\/10\/teno\u0159i3-150x150.jpg 150w, https:\/\/jananews.cz\/wp-content\/uploads\/2020\/10\/teno\u0159i3-768x768.jpg 768w\" sizes=\"(max-width: 300px) 100vw, 300px\" \/> <img loading=\"lazy\" class=\"alignnone size-medium wp-image-579\" src=\"https:\/\/jananews.cz\/wp-content\/uploads\/2020\/10\/teno\u0159i1-242x300.jpg\" alt=\"\" width=\"242\" height=\"300\" srcset=\"https:\/\/jananews.cz\/wp-content\/uploads\/2020\/10\/teno\u0159i1-242x300.jpg 242w, https:\/\/jananews.cz\/wp-content\/uploads\/2020\/10\/teno\u0159i1-825x1024.jpg 825w, https:\/\/jananews.cz\/wp-content\/uploads\/2020\/10\/teno\u0159i1-768x953.jpg 768w, https:\/\/jananews.cz\/wp-content\/uploads\/2020\/10\/teno\u0159i1-1238x1536.jpg 1238w, https:\/\/jananews.cz\/wp-content\/uploads\/2020\/10\/teno\u0159i1-1650x2048.jpg 1650w\" sizes=\"(max-width: 242px) 100vw, 242px\" \/><\/p>\n","protected":false},"excerpt":{"rendered":"<p>4 Teno\u0159i \u2013 Marian Vojtko, Pavel V\u00edtek, Michal Bragagnolo a Jan K\u0159\u00ed\u017e, dva dr\u017eitel\u00e9 ceny Th\u00e1lie, pop-muzik\u00e1lov\u00e1 legenda a s\u00f3lista N\u00e1rodn\u00edho divadla v Praze zvou na speci\u00e1ln\u00ed koncert pln\u00fd filmov\u00fdch a muzik\u00e1lov\u00fdch hit\u016f. Ten bude mo\u017en\u00e9 sledovat v ned\u011bli 1. listopadu 2020 od 19:00 hodin z pohodl\u00ed ob\u00fdvac\u00edch pokoj\u016f, proto\u017ee bude \u017eiv\u011b p\u0159en\u00e1\u0161en p\u0159es internet<\/p>\n","protected":false},"author":1,"featured_media":578,"comment_status":"open","ping_status":"open","sticky":false,"template":"","format":"standard","meta":[],"categories":[7],"tags":[],"_links":{"self":[{"href":"https:\/\/jananews.cz\/index.php\/wp-json\/wp\/v2\/posts\/576"}],"collection":[{"href":"https:\/\/jananews.cz\/index.php\/wp-json\/wp\/v2\/posts"}],"about":[{"href":"https:\/\/jananews.cz\/index.php\/wp-json\/wp\/v2\/types\/post"}],"author":[{"embeddable":true,"href":"https:\/\/jananews.cz\/index.php\/wp-json\/wp\/v2\/users\/1"}],"replies":[{"embeddable":true,"href":"https:\/\/jananews.cz\/index.php\/wp-json\/wp\/v2\/comments?post=576"}],"version-history":[{"count":1,"href":"https:\/\/jananews.cz\/index.php\/wp-json\/wp\/v2\/posts\/576\/revisions"}],"predecessor-version":[{"id":580,"href":"https:\/\/jananews.cz\/index.php\/wp-json\/wp\/v2\/posts\/576\/revisions\/580"}],"wp:featuredmedia":[{"embeddable":true,"href":"https:\/\/jananews.cz\/index.php\/wp-json\/wp\/v2\/media\/578"}],"wp:attachment":[{"href":"https:\/\/jananews.cz\/index.php\/wp-json\/wp\/v2\/media?parent=576"}],"wp:term":[{"taxonomy":"category","embeddable":true,"href":"https:\/\/jananews.cz\/index.php\/wp-json\/wp\/v2\/categories?post=576"},{"taxonomy":"post_tag","embeddable":true,"href":"https:\/\/jananews.cz\/index.php\/wp-json\/wp\/v2\/tags?post=576"}],"curies":[{"name":"wp","href":"https:\/\/api.w.org\/{rel}","templated":true}]}}