{"id":599,"date":"2020-11-30T21:27:30","date_gmt":"2020-11-30T20:27:30","guid":{"rendered":"http:\/\/www.jananews.cz\/WP\/?p=599"},"modified":"2020-11-30T21:27:30","modified_gmt":"2020-11-30T20:27:30","slug":"tip-na-vanocni-darek-darkove-balicky-z-dubravy","status":"publish","type":"post","link":"https:\/\/jananews.cz\/index.php\/2020\/11\/30\/tip-na-vanocni-darek-darkove-balicky-z-dubravy\/","title":{"rendered":"TIP NA V\u00c1NO\u010cN\u00cd D\u00c1REK: D\u00e1rkov\u00e9 bal\u00ed\u010dky z D\u016fbravy"},"content":{"rendered":"<p>Ud\u011blejte si radost, nebo je\u0161t\u011b l\u00e9pe \u2013 ud\u011blejte radost n\u011bkomu ze sv\u00e9ho okol\u00ed.<br \/>\nChcete n\u011bkoho obdarovat a nenapad\u00e1 v\u00e1s, co by jej pot\u011b\u0161ilo? Cht\u011bli byste ud\u011blat radost d\u00e1rkem, kter\u00fd p\u011bkn\u011b vypad\u00e1 a je z\u00e1rove\u0148 u\u017eite\u010dn\u00fd? Mysl\u00edme si, \u017ee kosmetikou v hezk\u00e9m balen\u00ed nikdo nepohrdne. Ne, nen\u00ed to klasick\u00fd \u201ecelof\u00e1nov\u00fd bal\u00ed\u010dek s ma\u0161l\u00ed\u201c. Jsou to p\u016fvabn\u00e9 d\u00e1rkov\u00e9 krabi\u010dky s pr\u016fhledn\u00fdm v\u00edkem.<\/p>\n<p>P\u0159ichystali jsme pro na\u0161e z\u00e1kazn\u00edky d\u00e1rkov\u00e9 krabi\u010dky z p\u0159\u00edrodn\u00ed vlnit\u00e9 lepenky, kter\u00e9 obsahuj\u00ed r\u016fzn\u00e9 kombinace na\u0161ich kosmetick\u00fdch v\u00fdrobk\u016f \u0159ady KARIMA s obsahem soli z Mrtv\u00e9ho mo\u0159e. Ka\u017ed\u00e1 krabi\u010dka je dopln\u011bna drobnou ozd\u016fbkou s v\u00e1no\u010dn\u00edm nebo jin\u00fdm motivem. A m\u016f\u017ee v n\u00ed b\u00fdt \u0161ampon s kondicion\u00e9rem, p\u011bna do koupele, m\u00fddlo se sol\u00ed nebo s bahnem z Mrtv\u00e9ho mo\u0159e nebo \u0159adou v\u011brn\u00fdch z\u00e1kazn\u00edk\u016f vyzkou\u0161en\u00fd vlasov\u00fd a t\u011blov\u00fd \u0161ampon. Kosmetika KARIMA s p\u0159\u00edrodn\u00edmi p\u0159\u00edsadami soli nebo bahna z Mrtv\u00e9ho mo\u0159e v\u011bt\u0161inou vyhovuje i lidem se zv\u00fd\u0161enou citlivost\u00ed k\u016f\u017ee. Zkr\u00e1tka, je to vhodn\u00fd d\u00e1rek pro ka\u017ed\u00e9ho.<\/p>\n<p>Velk\u00e1 nab\u00eddka t\u011bchto d\u00e1rkov\u00fdch bal\u00ed\u010dk\u016f je p\u0159ichystan\u00e1 pro z\u00e1kazn\u00edky v na\u0161\u00ed podnikov\u00e9 prodejn\u011b. A ti vzd\u00e1len\u011bj\u0161\u00ed nebo ti, kte\u0159\u00ed si cht\u011bj\u00ed d\u00e1rek opat\u0159it z pohodl\u00ed sv\u00e9ho domova, mohou vyu\u017e\u00edt n\u00e1\u0161 e-shop www.dubrava.cz.<\/p>\n<p>Text: Ing. \u0160t\u011bp\u00e1nka Toma\u0161t\u00edkov\u00e1<br \/>\nFoto: D\u016fbrava Vala\u0161sk\u00e9 Klobouky<\/p>\n<p><a href=\"http:\/\/www.dubrava.cz\">www.dubrava.cz<\/a><\/p>\n<p><img loading=\"lazy\" class=\"alignnone size-medium wp-image-600\" src=\"https:\/\/jananews.cz\/wp-content\/uploads\/2020\/11\/karima1-265x300.jpg\" alt=\"\" width=\"265\" height=\"300\" srcset=\"https:\/\/jananews.cz\/wp-content\/uploads\/2020\/11\/karima1-265x300.jpg 265w, https:\/\/jananews.cz\/wp-content\/uploads\/2020\/11\/karima1.jpg 529w\" sizes=\"(max-width: 265px) 100vw, 265px\" \/> <img loading=\"lazy\" class=\"alignnone size-medium wp-image-601\" src=\"https:\/\/jananews.cz\/wp-content\/uploads\/2020\/11\/karima2-265x300.jpg\" alt=\"\" width=\"265\" height=\"300\" srcset=\"https:\/\/jananews.cz\/wp-content\/uploads\/2020\/11\/karima2-265x300.jpg 265w, https:\/\/jananews.cz\/wp-content\/uploads\/2020\/11\/karima2.jpg 529w\" sizes=\"(max-width: 265px) 100vw, 265px\" \/> <img loading=\"lazy\" class=\"alignnone size-medium wp-image-603\" src=\"https:\/\/jananews.cz\/wp-content\/uploads\/2020\/11\/karima4-225x300.jpg\" alt=\"\" width=\"225\" height=\"300\" srcset=\"https:\/\/jananews.cz\/wp-content\/uploads\/2020\/11\/karima4-225x300.jpg 225w, https:\/\/jananews.cz\/wp-content\/uploads\/2020\/11\/karima4.jpg 450w\" sizes=\"(max-width: 225px) 100vw, 225px\" \/><\/p>\n","protected":false},"excerpt":{"rendered":"<p>Ud\u011blejte si radost, nebo je\u0161t\u011b l\u00e9pe \u2013 ud\u011blejte radost n\u011bkomu ze sv\u00e9ho okol\u00ed. Chcete n\u011bkoho obdarovat a nenapad\u00e1 v\u00e1s, co by jej pot\u011b\u0161ilo? Cht\u011bli byste ud\u011blat radost d\u00e1rkem, kter\u00fd p\u011bkn\u011b vypad\u00e1 a je z\u00e1rove\u0148 u\u017eite\u010dn\u00fd? Mysl\u00edme si, \u017ee kosmetikou v hezk\u00e9m balen\u00ed nikdo nepohrdne. Ne, nen\u00ed to klasick\u00fd \u201ecelof\u00e1nov\u00fd bal\u00ed\u010dek s ma\u0161l\u00ed\u201c. Jsou to p\u016fvabn\u00e9<\/p>\n","protected":false},"author":1,"featured_media":602,"comment_status":"open","ping_status":"open","sticky":false,"template":"","format":"standard","meta":[],"categories":[8],"tags":[],"_links":{"self":[{"href":"https:\/\/jananews.cz\/index.php\/wp-json\/wp\/v2\/posts\/599"}],"collection":[{"href":"https:\/\/jananews.cz\/index.php\/wp-json\/wp\/v2\/posts"}],"about":[{"href":"https:\/\/jananews.cz\/index.php\/wp-json\/wp\/v2\/types\/post"}],"author":[{"embeddable":true,"href":"https:\/\/jananews.cz\/index.php\/wp-json\/wp\/v2\/users\/1"}],"replies":[{"embeddable":true,"href":"https:\/\/jananews.cz\/index.php\/wp-json\/wp\/v2\/comments?post=599"}],"version-history":[{"count":1,"href":"https:\/\/jananews.cz\/index.php\/wp-json\/wp\/v2\/posts\/599\/revisions"}],"predecessor-version":[{"id":604,"href":"https:\/\/jananews.cz\/index.php\/wp-json\/wp\/v2\/posts\/599\/revisions\/604"}],"wp:featuredmedia":[{"embeddable":true,"href":"https:\/\/jananews.cz\/index.php\/wp-json\/wp\/v2\/media\/602"}],"wp:attachment":[{"href":"https:\/\/jananews.cz\/index.php\/wp-json\/wp\/v2\/media?parent=599"}],"wp:term":[{"taxonomy":"category","embeddable":true,"href":"https:\/\/jananews.cz\/index.php\/wp-json\/wp\/v2\/categories?post=599"},{"taxonomy":"post_tag","embeddable":true,"href":"https:\/\/jananews.cz\/index.php\/wp-json\/wp\/v2\/tags?post=599"}],"curies":[{"name":"wp","href":"https:\/\/api.w.org\/{rel}","templated":true}]}}