{"id":615,"date":"2021-01-18T18:53:19","date_gmt":"2021-01-18T17:53:19","guid":{"rendered":"http:\/\/www.jananews.cz\/WP\/?p=615"},"modified":"2021-01-18T18:55:47","modified_gmt":"2021-01-18T17:55:47","slug":"615","status":"publish","type":"post","link":"https:\/\/jananews.cz\/index.php\/2021\/01\/18\/615\/","title":{"rendered":"InTrio Petra Henycha nato\u010dili video ke skladb\u011b Like a Wind"},"content":{"rendered":"<p>Instrument\u00e1ln\u00ed InTrio kytaristy Petra Henycha nezah\u00e1l\u00ed ani v dob\u011b pandemie Covid-19. Muzikanti nato\u010dili v dom\u00e1c\u00edch podm\u00ednk\u00e1ch videoklip ke skladb\u011b Like a Wind, kter\u00fd m\u016f\u017eete zhl\u00e9dnout na odkazu n\u00ed\u017ee.<\/p>\n<p><!--more--><\/p>\n<p>Kapela InItrio hraje ve slo\u017een\u00ed Petr Henych (kytara), Martin Hron\u011bk (baskytara) a Jakub Homola (bic\u00ed).<\/p>\n<p>www.henych.com<\/p>\n<p>Videa Petr Henych, InTrio&#8230; :<\/p>\n<p><iframe loading=\"lazy\" title=\"Petr Henych InTrio - Like a wind (Covid-19 Quarantine 2021)\" width=\"960\" height=\"540\" src=\"https:\/\/www.youtube.com\/embed\/APEFHdL88fU?feature=oembed\" frameborder=\"0\" allow=\"accelerometer; autoplay; clipboard-write; encrypted-media; gyroscope; picture-in-picture; web-share\" referrerpolicy=\"strict-origin-when-cross-origin\" allowfullscreen><\/iframe><\/p>\n<p><iframe loading=\"lazy\" title=\"Petr Henych - Fever Pitch\" width=\"960\" height=\"540\" src=\"https:\/\/www.youtube.com\/embed\/943zBYLTl_A?feature=oembed\" frameborder=\"0\" allow=\"accelerometer; autoplay; clipboard-write; encrypted-media; gyroscope; picture-in-picture; web-share\" referrerpolicy=\"strict-origin-when-cross-origin\" allowfullscreen><\/iframe><\/p>\n<p><iframe loading=\"lazy\" title=\"Petr Henych &amp; G-BOD - Joy Flight\" width=\"960\" height=\"540\" src=\"https:\/\/www.youtube.com\/embed\/WqEaKPtLt3s?feature=oembed\" frameborder=\"0\" allow=\"accelerometer; autoplay; clipboard-write; encrypted-media; gyroscope; picture-in-picture; web-share\" referrerpolicy=\"strict-origin-when-cross-origin\" allowfullscreen><\/iframe><\/p>\n<p><iframe loading=\"lazy\" title=\"Petr Henych &amp; G-BOD - There is still a hope\" width=\"960\" height=\"540\" src=\"https:\/\/www.youtube.com\/embed\/XFVq3kkf4hY?feature=oembed\" frameborder=\"0\" allow=\"accelerometer; autoplay; clipboard-write; encrypted-media; gyroscope; picture-in-picture; web-share\" referrerpolicy=\"strict-origin-when-cross-origin\" allowfullscreen><\/iframe><\/p>\n<p>Dal\u0161\u00ed odkazy naleznete zde:<br \/>\nhttps:\/\/www.youtube.com\/c\/Henych\/videos<\/p>\n","protected":false},"excerpt":{"rendered":"<p>Instrument\u00e1ln\u00ed InTrio kytaristy Petra Henycha nezah\u00e1l\u00ed ani v dob\u011b pandemie Covid-19. Muzikanti nato\u010dili v dom\u00e1c\u00edch podm\u00ednk\u00e1ch videoklip ke skladb\u011b Like a Wind, kter\u00fd m\u016f\u017eete zhl\u00e9dnout na odkazu n\u00ed\u017ee.<\/p>\n","protected":false},"author":1,"featured_media":616,"comment_status":"open","ping_status":"open","sticky":false,"template":"","format":"standard","meta":[],"categories":[7],"tags":[],"_links":{"self":[{"href":"https:\/\/jananews.cz\/index.php\/wp-json\/wp\/v2\/posts\/615"}],"collection":[{"href":"https:\/\/jananews.cz\/index.php\/wp-json\/wp\/v2\/posts"}],"about":[{"href":"https:\/\/jananews.cz\/index.php\/wp-json\/wp\/v2\/types\/post"}],"author":[{"embeddable":true,"href":"https:\/\/jananews.cz\/index.php\/wp-json\/wp\/v2\/users\/1"}],"replies":[{"embeddable":true,"href":"https:\/\/jananews.cz\/index.php\/wp-json\/wp\/v2\/comments?post=615"}],"version-history":[{"count":2,"href":"https:\/\/jananews.cz\/index.php\/wp-json\/wp\/v2\/posts\/615\/revisions"}],"predecessor-version":[{"id":618,"href":"https:\/\/jananews.cz\/index.php\/wp-json\/wp\/v2\/posts\/615\/revisions\/618"}],"wp:featuredmedia":[{"embeddable":true,"href":"https:\/\/jananews.cz\/index.php\/wp-json\/wp\/v2\/media\/616"}],"wp:attachment":[{"href":"https:\/\/jananews.cz\/index.php\/wp-json\/wp\/v2\/media?parent=615"}],"wp:term":[{"taxonomy":"category","embeddable":true,"href":"https:\/\/jananews.cz\/index.php\/wp-json\/wp\/v2\/categories?post=615"},{"taxonomy":"post_tag","embeddable":true,"href":"https:\/\/jananews.cz\/index.php\/wp-json\/wp\/v2\/tags?post=615"}],"curies":[{"name":"wp","href":"https:\/\/api.w.org\/{rel}","templated":true}]}}