{"id":626,"date":"2021-02-22T12:40:34","date_gmt":"2021-02-22T11:40:34","guid":{"rendered":"http:\/\/www.jananews.cz\/WP\/?p=626"},"modified":"2021-02-22T12:40:34","modified_gmt":"2021-02-22T11:40:34","slug":"posledni-zavod-chystany-film-s-krystofem-hadkem","status":"publish","type":"post","link":"https:\/\/jananews.cz\/index.php\/2021\/02\/22\/posledni-zavod-chystany-film-s-krystofem-hadkem\/","title":{"rendered":"Posledn\u00ed z\u00e1vod &#8211; chystan\u00fd film s Kry\u0161tofem H\u00e1dkem"},"content":{"rendered":"<p>Prvn\u00ed klapka filmu Posledn\u00ed z\u00e1vod s Kry\u0161tofem H\u00e1dkem v hlavn\u00ed roli padla o uplynul\u00e9m v\u00edkendu.\u00a0Nov\u00fd \u010desk\u00fd film Posledn\u00ed z\u00e1vod, drama z po\u010d\u00e1tk\u016f ly\u017ea\u0159sk\u00e9ho sportu podle skute\u010dn\u00e9 ud\u00e1losti, vznik\u00e1 v produk\u010dn\u00ed spole\u010dnosti Punk Film, v re\u017eii Tom\u00e1\u0161e Hodana, kter\u00fd je z\u00e1rove\u0148 autorem n\u00e1m\u011btu a sc\u00e9n\u00e1\u0159e.<\/p>\n<p><!--more--><\/p>\n<p>Prvn\u00ed klapka padla v ned\u011bli 21. \u00fanora ve Franti\u0161kov\u011b v Krkono\u0161\u00edch, v n\u00e1sleduj\u00edc\u00edch dnech se \u0161t\u00e1b p\u0159esune na Medv\u011bd\u00ed boudy, na Labskou boudu, Lu\u010dn\u00ed boudu a dal\u0161\u00ed autentick\u00e1 m\u00edsta. Nat\u00e1\u010dec\u00ed pl\u00e1n po\u010d\u00edt\u00e1 s t\u0159iceti dny v rozmez\u00ed \u00fanora a\u017e dubna. Pr\u00e1v\u011b nat\u00e1\u010den\u00ed na autentick\u00fdch m\u00edstech v extr\u00e9mn\u00edm po\u010das\u00ed je pro tv\u016frce v\u00fdzvou a z\u00e1rove\u0148 p\u0159in\u00e1\u0161\u00ed v\u011bt\u0161\u00ed n\u00e1ro\u010dnost pro produkci. \u201eNecht\u011bli jsme ut\u00e9ct p\u0159ed po\u010das\u00edm do ateli\u00e9ru, v\u011b\u0159\u00edme, \u017ee to\u010dit v m\u00ednus 15\u02daC na m\u00edstech, kde se to v\u0161echno stalo, se projev\u00ed i v syrovosti a dramati\u010dnosti v\u00fdsledn\u00e9ho filmu,&#8220; konstatuje re\u017eis\u00e9r Tom\u00e1\u0161 Hodan.<\/p>\n<p>Film\u00a0Posledn\u00ed z\u00e1vod\u00a0p\u0159ibl\u00ed\u017e\u00ed\u00a0legend\u00e1rn\u00ed\u00a0ly\u017ea\u0159sk\u00fd z\u00e1vod, kter\u00fd se odehr\u00e1l na h\u0159ebenech Krkono\u0161 v roce 1913 a p\u0159i n\u011bm\u017e zahynuli\u00a0Bohumil Han\u010d a V\u00e1clav Vrbata.\u00a0\u201ePo sto let byl p\u0159\u00edb\u011bh Han\u010de a Vrbaty p\u0159ekrucov\u00e1n, aby vyhovoval moment\u00e1ln\u00ed spole\u010densk\u00e9\u00a0a politick\u00e9\u00a0situaci. Postava sportovce Emericha Ratha byla zcela vymaz\u00e1na. Studiem dobov\u00fdch materi\u00e1l\u016f se n\u00e1m poda\u0159ilo zrekonstruovat z\u00e1vod minutu po minut\u011b a uk\u00e1zat ho bez dobov\u00fdch n\u00e1nos\u016f tak, jak se skute\u010dn\u011b\u00a0stal,&#8220; \u0159\u00edk\u00e1 producent filmu\u00a0Ond\u0159ej Ber\u00e1nek\u00a0ze spole\u010dnosti Punk Film.<\/p>\n<p>V hlavn\u00ed roli Bohumila Han\u010de se p\u0159edstav\u00ed\u00a0Kry\u0161tof H\u00e1dek, dal\u0161\u00ed postavy historick\u00e9ho p\u0159\u00edb\u011bhu ztv\u00e1rn\u00ed\u00a0Judit Bardos,\u00a0Marek Adamczyk,\u00a0Old\u0159ich Kaiser,\u00a0Vladim\u00edr Pokorn\u00fd, Vladim\u00edr Javorsk\u00fd, Jan H\u00e1jek, Pavla Beretov\u00e1, Jaroslav Plesl, Jan Nedbal, Cyril Dobr\u00fd, Jan Hofman\u00a0ad. Za\u010d\u00e1tkem \u00fanora projdou herci\u00a0kurzem otu\u017eov\u00e1n\u00ed, aby zvl\u00e1dli extr\u00e9mn\u00ed horsk\u00e9\u00a0podm\u00ednky.<\/p>\n<p>Text: www.2media.cz<br \/>\nFoto: Marek Novotn\u00fd<\/p>\n<p><img loading=\"lazy\" class=\"alignnone size-medium wp-image-627\" src=\"https:\/\/jananews.cz\/wp-content\/uploads\/2021\/02\/poslednizavod2-300x200.jpg\" alt=\"\" width=\"300\" height=\"200\" srcset=\"https:\/\/jananews.cz\/wp-content\/uploads\/2021\/02\/poslednizavod2-300x200.jpg 300w, https:\/\/jananews.cz\/wp-content\/uploads\/2021\/02\/poslednizavod2-768x512.jpg 768w, https:\/\/jananews.cz\/wp-content\/uploads\/2021\/02\/poslednizavod2.jpg 1000w\" sizes=\"(max-width: 300px) 100vw, 300px\" \/><\/p>\n<p><img loading=\"lazy\" class=\"alignnone size-medium wp-image-628\" src=\"https:\/\/jananews.cz\/wp-content\/uploads\/2021\/02\/poslednizavod1-300x200.jpg\" alt=\"\" width=\"300\" height=\"200\" srcset=\"https:\/\/jananews.cz\/wp-content\/uploads\/2021\/02\/poslednizavod1-300x200.jpg 300w, https:\/\/jananews.cz\/wp-content\/uploads\/2021\/02\/poslednizavod1-768x512.jpg 768w, https:\/\/jananews.cz\/wp-content\/uploads\/2021\/02\/poslednizavod1.jpg 1000w\" sizes=\"(max-width: 300px) 100vw, 300px\" \/><\/p>\n","protected":false},"excerpt":{"rendered":"<p>Prvn\u00ed klapka filmu Posledn\u00ed z\u00e1vod s Kry\u0161tofem H\u00e1dkem v hlavn\u00ed roli padla o uplynul\u00e9m v\u00edkendu.\u00a0Nov\u00fd \u010desk\u00fd film Posledn\u00ed z\u00e1vod, drama z po\u010d\u00e1tk\u016f ly\u017ea\u0159sk\u00e9ho sportu podle skute\u010dn\u00e9 ud\u00e1losti, vznik\u00e1 v produk\u010dn\u00ed spole\u010dnosti Punk Film, v re\u017eii Tom\u00e1\u0161e Hodana, kter\u00fd je z\u00e1rove\u0148 autorem n\u00e1m\u011btu a sc\u00e9n\u00e1\u0159e.<\/p>\n","protected":false},"author":1,"featured_media":629,"comment_status":"closed","ping_status":"open","sticky":false,"template":"","format":"standard","meta":[],"categories":[7],"tags":[],"_links":{"self":[{"href":"https:\/\/jananews.cz\/index.php\/wp-json\/wp\/v2\/posts\/626"}],"collection":[{"href":"https:\/\/jananews.cz\/index.php\/wp-json\/wp\/v2\/posts"}],"about":[{"href":"https:\/\/jananews.cz\/index.php\/wp-json\/wp\/v2\/types\/post"}],"author":[{"embeddable":true,"href":"https:\/\/jananews.cz\/index.php\/wp-json\/wp\/v2\/users\/1"}],"replies":[{"embeddable":true,"href":"https:\/\/jananews.cz\/index.php\/wp-json\/wp\/v2\/comments?post=626"}],"version-history":[{"count":1,"href":"https:\/\/jananews.cz\/index.php\/wp-json\/wp\/v2\/posts\/626\/revisions"}],"predecessor-version":[{"id":630,"href":"https:\/\/jananews.cz\/index.php\/wp-json\/wp\/v2\/posts\/626\/revisions\/630"}],"wp:featuredmedia":[{"embeddable":true,"href":"https:\/\/jananews.cz\/index.php\/wp-json\/wp\/v2\/media\/629"}],"wp:attachment":[{"href":"https:\/\/jananews.cz\/index.php\/wp-json\/wp\/v2\/media?parent=626"}],"wp:term":[{"taxonomy":"category","embeddable":true,"href":"https:\/\/jananews.cz\/index.php\/wp-json\/wp\/v2\/categories?post=626"},{"taxonomy":"post_tag","embeddable":true,"href":"https:\/\/jananews.cz\/index.php\/wp-json\/wp\/v2\/tags?post=626"}],"curies":[{"name":"wp","href":"https:\/\/api.w.org\/{rel}","templated":true}]}}