{"id":63,"date":"2016-03-06T02:09:59","date_gmt":"2016-03-06T01:09:59","guid":{"rendered":"http:\/\/www.jananews.cz\/WP\/index.php\/2016\/03\/06\/evropsky-zdravotnicky-sbor-umozni-rychleji-reagovat-na-krizove-situace\/"},"modified":"2020-08-19T22:23:16","modified_gmt":"2020-08-19T20:23:16","slug":"evropsky-zdravotnicky-sbor-umozni-rychleji-reagovat-na-krizove-situace","status":"publish","type":"post","link":"https:\/\/jananews.cz\/index.php\/2016\/03\/06\/evropsky-zdravotnicky-sbor-umozni-rychleji-reagovat-na-krizove-situace\/","title":{"rendered":"Evropsk\u00fd zdravotnick\u00fd sbor umo\u017en\u00ed rychleji reagovat na krizov\u00e9 situace"},"content":{"rendered":"<p>BRUSEL &#8211; EU zahajuje \u010dinnost nov\u00e9ho evropsk\u00e9ho zdravotnick\u00e9ho sboru, kter\u00fd umo\u017en\u00ed rychleji reagovat na krizov\u00e9 situace<br \/>\nBrusel 15. \u00fanora 2016<\/p>\n<p><!--more--><\/p>\n<p>Evropsk\u00e1 unie dnes zahajuje \u010dinnost evropsk\u00e9ho zdravotnick\u00e9ho sboru, kter\u00fd p\u0159isp\u011bje k \u00fa\u010dinn\u011bj\u0161\u00ed mobilizaci l\u00e9ka\u0159sk\u00fdch a zdravotnick\u00fdch t\u00fdm\u016f a vybaven\u00ed v p\u0159\u00edpad\u011b krizov\u00fdch situaci uvnit\u0159 i vn\u011b EU.<\/p>\n<p>Prost\u0159ednictv\u00edm evropsk\u00e9ho zdravotnick\u00e9ho sboru mohou \u010dlensk\u00e9 st\u00e1ty EU a ostatn\u00ed evropsk\u00e9 zem\u011b, kter\u00e9 se na syst\u00e9mu pod\u00edlej\u00ed, d\u00e1t k dispozici l\u00e9ka\u0159sk\u00e9 t\u00fdmy a vybaven\u00ed pro rychl\u00e9 nasazen\u00ed je\u0161t\u011b p\u0159edt\u00edm, ne\u017e krizov\u00e1 situace nastane, d\u00edky \u010demu\u017e bude mo\u017en\u00e9 reagovat rychleji a p\u0159edv\u00eddateln\u011bji. Sou\u010d\u00e1st\u00ed zdravotnick\u00e9ho sboru budou krizov\u00e9 l\u00e9ka\u0159sk\u00e9 t\u00fdmy, koordin\u00e1to\u0159i z \u0159ad zdravotnick\u00fdch a l\u00e9ka\u0159sk\u00fdch expert\u016f, mobiln\u00ed laborato\u0159e pro biologickou bezpe\u010dnost, l\u00e9ka\u0159sk\u00e1 evakua\u010dn\u00ed letadla a t\u00fdmy pro logistickou podporu.<\/p>\n<p>\u201eC\u00edlem evropsk\u00e9ho zdravotnick\u00e9ho sboru je zajistit v\u00fdrazn\u011b rychlej\u0161\u00ed a \u00fa\u010dinn\u011bj\u0161\u00ed reakci EU v p\u0159\u00edpad\u011b propuknut\u00ed zdravotn\u00ed krize. Mus\u00edme si vz\u00edt ponau\u010den\u00ed z reakce na epidemii eboly, kdy se jako kl\u00ed\u010dov\u00fd probl\u00e9m uk\u00e1zala b\u00fdt mobilizace l\u00e9ka\u0159sk\u00fdch t\u00fdm\u016f. D\u011bkuji v\u0161em \u010dlensk\u00fdm st\u00e1t\u016fm, kter\u00e9 ji\u017e p\u0159isp\u011bly, a vyb\u00edz\u00edm k \u00fa\u010dasti tak\u00e9 ostatn\u00ed zem\u011b, aby EU mohla pat\u0159i\u010dn\u011b reagovat na st\u00e1le rostouc\u00ed pot\u0159eby a mohla \u00fa\u010dinn\u011bji pl\u00e1novat a l\u00e9pe se p\u0159ipravit, je\u0161t\u011b p\u0159edt\u00edm ne\u017e krizov\u00e1 situace v\u016fbec nastane,\u201c \u0159ekl komisa\u0159 Christos Stylianides, kter\u00fd uv\u00e1d\u00ed dne\u0161n\u00ed slavnostn\u00ed zahajovac\u00ed akt na vysok\u00e9 \u00farovni v Bruselu.<\/p>\n<p>R\u00e1mec pro evropsk\u00fd zdravotnick\u00fd sbor je sou\u010d\u00e1st\u00ed evropsk\u00e9 kapacity pro odezvu na mimo\u0159\u00e1dn\u00e9 ud\u00e1losti (zn\u00e1m\u00e9 tak\u00e9 jako tzv. \u201espole\u010dn\u00fd dobrovoln\u00fd sbor\u201c) vytvo\u0159en\u00e9 jako sou\u010d\u00e1st mechanismu civiln\u00ed ochrany Unie. Do spole\u010dn\u00e9ho dobrovoln\u00e9ho sboru sv\u00fdmi t\u00fdmy a vybaven\u00edm doposud p\u0159isp\u011bly Belgie, \u010cesk\u00e1 republika, Finsko, Francie, Lucembursko, N\u011bmecko, \u0160pan\u011blsko, \u0160v\u00e9dsko a Nizozemsko.<\/p>\n<p>Hlavn\u00ed probl\u00e9m, kter\u00fd se vyskytl b\u011bhem reakce na vypuknut\u00ed epidemie viru Ebola, spo\u010d\u00edval v nedostate\u010dn\u011b rychl\u00e9m nasazen\u00ed l\u00e9ka\u0159sk\u00e9ho person\u00e1lu, co\u017e vedlo k n\u00e1sledn\u00fdm obt\u00ed\u017e\u00edm v logistice a \u0159\u00edzen\u00ed. To p\u0159ivedlo koncem roku 2014 N\u011bmecko a Francii na my\u0161lenku navrhnout tzv. \u201eb\u00edl\u00e9 p\u0159ilby\u201c, a polo\u017eit tak z\u00e1klad zdravotnick\u00e9ho sboru. Evropsk\u00fd zdravotnick\u00fd sbor je nyn\u00ed sou\u010d\u00e1st\u00ed evropsk\u00e9 kapacity pro odezvu na mimo\u0159\u00e1dn\u00e9 ud\u00e1losti.<\/p>\n<p>Mechanismus civiln\u00ed ochrany Unie usnad\u0148uje spolupr\u00e1ci v oblasti reakce na katastrofy mezi 33 evropsk\u00fdmi st\u00e1ty (28 \u010dlensk\u00fdch st\u00e1t\u016f EU, B\u00fdval\u00e1 jugosl\u00e1vsk\u00e1 republika Makedonie, Island, \u010cern\u00e1 Hora, Norsko a Srbsko). K mechanismu v sou\u010dasn\u00e9 dob\u011b p\u0159istupuje tak\u00e9 Turecko. Tyto z\u00fa\u010dastn\u011bn\u00e9 st\u00e1ty sdru\u017euj\u00ed sv\u00e9 zdroje, kter\u00e9 mohou b\u00fdt poskytnuty zem\u00edm posti\u017een\u00fdm katastrofou na cel\u00e9m sv\u011bt\u011b. Po sv\u00e9 aktivaci mechanismus zajist\u00ed koordinaci poskytov\u00e1n\u00ed pomoci uvnit\u0159 i vn\u011b EU. Evropsk\u00e1 komise spravuje mechanismus prost\u0159ednictv\u00edm st\u0159ediska pro koordinaci odezvy na mimo\u0159\u00e1dn\u00e9 ud\u00e1losti.<\/p>\n<p>V roce 2014 byla jako sou\u010d\u00e1st snah pos\u00edlit p\u0159ipravenost a zv\u00fd\u0161it reakceschopnost EU na katastrofy vytvo\u0159ena evropsk\u00e1 kapacita pro odezvu na mimo\u0159\u00e1dn\u00e9 ud\u00e1losti (\u201espole\u010dn\u00fd dobrovoln\u00fd sbor\u201c). Kapacita sdru\u017euje p\u0159edb\u011b\u017en\u011b vyhrazen\u00e9 podp\u016frn\u00e9 t\u00fdmy a vybaven\u00ed ur\u010den\u00e9 k nasazen\u00ed p\u0159i reakci na mimo\u0159\u00e1dn\u00e9 situace na cel\u00e9m sv\u011bt\u011b.<\/p>\n<p>Evropsk\u00fd zdravotnick\u00fd sbor bude z\u00e1rove\u0148 evropsk\u00fdm p\u0159\u00edsp\u011bvkem ke Glob\u00e1ln\u00ed pracovn\u00ed skupin\u011b pro zdravotn\u00ed krize (Global Health Emergency Workforce), kter\u00e1 vznik\u00e1 pod z\u00e1\u0161titou Sv\u011btov\u00e9 zdravotnick\u00e9 organizace.<\/p>\n<p><a href=\"http:\/\/www.evropska-unie.cz\">www.evropska-unie.cz<\/a><\/p>\n<p>(-jh-)<\/p>\n","protected":false},"excerpt":{"rendered":"<p>BRUSEL &#8211; EU zahajuje \u010dinnost nov\u00e9ho evropsk\u00e9ho zdravotnick\u00e9ho sboru, kter\u00fd umo\u017en\u00ed rychleji reagovat na krizov\u00e9 situace Brusel 15. \u00fanora 2016<\/p>\n","protected":false},"author":1,"featured_media":537,"comment_status":"open","ping_status":"open","sticky":false,"template":"","format":"standard","meta":[],"categories":[18],"tags":[],"_links":{"self":[{"href":"https:\/\/jananews.cz\/index.php\/wp-json\/wp\/v2\/posts\/63"}],"collection":[{"href":"https:\/\/jananews.cz\/index.php\/wp-json\/wp\/v2\/posts"}],"about":[{"href":"https:\/\/jananews.cz\/index.php\/wp-json\/wp\/v2\/types\/post"}],"author":[{"embeddable":true,"href":"https:\/\/jananews.cz\/index.php\/wp-json\/wp\/v2\/users\/1"}],"replies":[{"embeddable":true,"href":"https:\/\/jananews.cz\/index.php\/wp-json\/wp\/v2\/comments?post=63"}],"version-history":[{"count":1,"href":"https:\/\/jananews.cz\/index.php\/wp-json\/wp\/v2\/posts\/63\/revisions"}],"predecessor-version":[{"id":548,"href":"https:\/\/jananews.cz\/index.php\/wp-json\/wp\/v2\/posts\/63\/revisions\/548"}],"wp:featuredmedia":[{"embeddable":true,"href":"https:\/\/jananews.cz\/index.php\/wp-json\/wp\/v2\/media\/537"}],"wp:attachment":[{"href":"https:\/\/jananews.cz\/index.php\/wp-json\/wp\/v2\/media?parent=63"}],"wp:term":[{"taxonomy":"category","embeddable":true,"href":"https:\/\/jananews.cz\/index.php\/wp-json\/wp\/v2\/categories?post=63"},{"taxonomy":"post_tag","embeddable":true,"href":"https:\/\/jananews.cz\/index.php\/wp-json\/wp\/v2\/tags?post=63"}],"curies":[{"name":"wp","href":"https:\/\/api.w.org\/{rel}","templated":true}]}}