{"id":631,"date":"2021-02-22T12:53:28","date_gmt":"2021-02-22T11:53:28","guid":{"rendered":"http:\/\/www.jananews.cz\/WP\/?p=631"},"modified":"2021-02-22T12:58:10","modified_gmt":"2021-02-22T11:58:10","slug":"pop-folkari-brigita-stepan-vydali-singl-z-chystaneho-debutu","status":"publish","type":"post","link":"https:\/\/jananews.cz\/index.php\/2021\/02\/22\/pop-folkari-brigita-stepan-vydali-singl-z-chystaneho-debutu\/","title":{"rendered":"Pop-folka\u0159i Brigita &#038; \u0160t\u011bp\u00e1n vydali singl z chystan\u00e9ho debutu"},"content":{"rendered":"<p>Pop-folkov\u00e9 duo Brigita &amp; \u0160t\u011bp\u00e1n p\u0159edstavili prvn\u00ed ochutn\u00e1vku z debutov\u00e9ho alba, jeho\u017e vyd\u00e1n\u00ed chyst\u00e1 spole\u010dnost Tranzistor. Tito mlad\u00ed charismati\u010dn\u00ed um\u011blci spolu tvo\u0159\u00ed duo ji\u017e bezm\u00e1la osm let. Sv\u016fj singl p\u0159edstavili fanou\u0161k\u016fm ve videoklipu ke skladb\u011b &#8222;Pokojn\u00e1 zem&#8220;.<\/p>\n<p><!--more--><\/p>\n<p>Brigitu mohou div\u00e1ci zn\u00e1t z ned\u00e1vno uveden\u00e9ho filmu B\u00e1bovky, seri\u00e1l\u016f Prvn\u00ed republika, Bez v\u011bdom\u00ed nebo aktu\u00e1ln\u00edho seri\u00e1lu Bo\u017eena N\u011bmcov\u00e1. \u0160t\u011bp\u00e1n Klou\u010dek \u00fa\u010dinkoval v divadlech Hybernia a Na pr\u00e1dle, hr\u00e1l ve filmu Muzik\u00e1l aneb cesty ke \u0161t\u011bst\u00ed, vystupuje tak\u00e9 s kapelou Bizarre band.<\/p>\n<p>Duo Brigita &amp; \u0160t\u011bp\u00e1n je bezesporu v\u00fdjime\u010dn\u00fdm \u00fakazem na sc\u00e9n\u011b \u010desk\u00e9ho p\u00edsni\u010dk\u00e1\u0159stv\u00ed nov\u00e9 generace. Inspirac\u00ed na za\u010d\u00e1tku jejich cesty byla tvorba Zuzany Navarov\u00e9, Vlasty Redla a dal\u0161\u00edch p\u00edsni\u010dk\u00e1\u0159\u016f, kte\u0159\u00ed vyv\u00e1\u017een\u011b pracuj\u00ed jak s melodi\u00ed, tak s textem. To se odr\u00e1\u017e\u00ed nejen v jejich autorsk\u00e9m p\u0159\u00edstupu, kter\u00fd stoj\u00ed na barevn\u00fdch obrazech a osobn\u00edch p\u0159\u00edb\u011bz\u00edch, ale i v propracovan\u00fdch aran\u017e\u00edch a okouzluj\u00edc\u00edch dvojhlasech.<\/p>\n<p>Nyn\u00ed p\u0159edstavuj\u00ed videoklip k p\u00edsni \u201ePokojn\u00e1 zem&#8220;, na kter\u00e9m se pod\u00edlel re\u017eis\u00e9r Rudolf Havl\u00edk (B\u00e1bovky, Po \u010dem mu\u017ei tou\u017e\u00ed&#8230;) a kameraman V\u00e1clav Tlap\u00e1k (B\u00e1bovky, Poh\u00e1dky pro Emu).<\/p>\n<p>\u201eR\u00e1di bychom v tomto \u010dase hudebn\u011b obohatili na\u0161e poslucha\u010de. P\u00edse\u0148 \u201aPokojn\u00e1 zem&#8216; v sob\u011b nese zachycen\u00ed zpr\u00e1vy, \u017ee a\u0165 se d\u011bje, co se d\u011bje, v\u017edy je n\u011bco vy\u0161\u0161\u00edho, co se o n\u00e1s star\u00e1. Jsem r\u00e1da, \u017ee jsem d\u00edky videoklipu mohla spolupracovat s tak skv\u011bl\u00fdmi lidmi, kte\u0159\u00ed do toho vlo\u017eili svoji energii,&#8220; popisuje vznik videoklipu Brigita.<\/p>\n<p>V roce 2014 vydali EP Kor\u00e1lky, na kter\u00e9m se pod\u00edlel nap\u0159\u00edklad zp\u011bv\u00e1k Ond\u0159ej Ruml, n\u00e1sledoval p\u016fsobiv\u00fd singl \u201eL\u00edstky z kopretin&#8220;. Aktu\u00e1ln\u011b dokon\u010duj\u00ed sv\u00e9 debutov\u00e9 album s n\u00e1zvem &#8230; a co bude te\u010f?, kter\u00e9 vyjde letos na ja\u0159e na labelu Tranzistor. Na chystan\u00e9 novince se pod\u00edl\u00ed \u0159ada p\u0159edn\u00edch \u010desk\u00fdch hudebn\u00edk\u016f. Pianista Albert Romannuti, zn\u00e1m\u00fd sv\u00fdm projektem Bert &amp; Friends nebo z p\u016fsoben\u00ed u zp\u011bva\u010dky Katarzie, kytarista prvn\u00ed d\u00e1my \u010desk\u00e9ho country V\u011bry Martinov\u00e9 Jakub Jur\u00e1nek a v\u0161udyp\u0159\u00edtomn\u00e1 rytmika Michal Dan\u011bk a Ond\u0159ej Hauser, kter\u00e9 m\u016f\u017eeme v\u00eddat pravideln\u011b v Show Jana Krause, Prago Union a v mnoha dal\u0161\u00edch projektech.<\/p>\n<p>ODKAZY:<\/p>\n<p>Videoklip &#8222;Pokojn\u00e1 zem&#8220;:<br \/>\nYT video: https:\/\/youtu.be\/wDWJcW79W20<\/p>\n<p>https:\/\/www.facebook.com\/brigitaastepan<br \/>\nhttps:\/\/www.instagram.com\/brigita_a_stepan<\/p>\n<p>Text a foto: David Land\u0161tof<\/p>\n<p><img loading=\"lazy\" class=\"alignnone size-medium wp-image-633\" src=\"https:\/\/jananews.cz\/wp-content\/uploads\/2021\/02\/brigita_a_stepan2-300x200.jpg\" alt=\"\" width=\"300\" height=\"200\" srcset=\"https:\/\/jananews.cz\/wp-content\/uploads\/2021\/02\/brigita_a_stepan2-300x200.jpg 300w, https:\/\/jananews.cz\/wp-content\/uploads\/2021\/02\/brigita_a_stepan2-768x511.jpg 768w, https:\/\/jananews.cz\/wp-content\/uploads\/2021\/02\/brigita_a_stepan2.jpg 960w\" sizes=\"(max-width: 300px) 100vw, 300px\" \/><img loading=\"lazy\" class=\"alignnone size-medium wp-image-635\" src=\"https:\/\/jananews.cz\/wp-content\/uploads\/2021\/02\/brigita_a_stepan1-300x200.jpg\" alt=\"\" width=\"300\" height=\"200\" srcset=\"https:\/\/jananews.cz\/wp-content\/uploads\/2021\/02\/brigita_a_stepan1-300x200.jpg 300w, https:\/\/jananews.cz\/wp-content\/uploads\/2021\/02\/brigita_a_stepan1-1024x683.jpg 1024w, https:\/\/jananews.cz\/wp-content\/uploads\/2021\/02\/brigita_a_stepan1-768x512.jpg 768w, https:\/\/jananews.cz\/wp-content\/uploads\/2021\/02\/brigita_a_stepan1-1536x1024.jpg 1536w, https:\/\/jananews.cz\/wp-content\/uploads\/2021\/02\/brigita_a_stepan1.jpg 1920w\" sizes=\"(max-width: 300px) 100vw, 300px\" \/><\/p>\n","protected":false},"excerpt":{"rendered":"<p>Pop-folkov\u00e9 duo Brigita &amp; \u0160t\u011bp\u00e1n p\u0159edstavili prvn\u00ed ochutn\u00e1vku z debutov\u00e9ho alba, jeho\u017e vyd\u00e1n\u00ed chyst\u00e1 spole\u010dnost Tranzistor. Tito mlad\u00ed charismati\u010dn\u00ed um\u011blci spolu tvo\u0159\u00ed duo ji\u017e bezm\u00e1la osm let. Sv\u016fj singl p\u0159edstavili fanou\u0161k\u016fm ve videoklipu ke skladb\u011b &#8222;Pokojn\u00e1 zem&#8220;.<\/p>\n","protected":false},"author":1,"featured_media":634,"comment_status":"closed","ping_status":"open","sticky":false,"template":"","format":"standard","meta":[],"categories":[7],"tags":[],"_links":{"self":[{"href":"https:\/\/jananews.cz\/index.php\/wp-json\/wp\/v2\/posts\/631"}],"collection":[{"href":"https:\/\/jananews.cz\/index.php\/wp-json\/wp\/v2\/posts"}],"about":[{"href":"https:\/\/jananews.cz\/index.php\/wp-json\/wp\/v2\/types\/post"}],"author":[{"embeddable":true,"href":"https:\/\/jananews.cz\/index.php\/wp-json\/wp\/v2\/users\/1"}],"replies":[{"embeddable":true,"href":"https:\/\/jananews.cz\/index.php\/wp-json\/wp\/v2\/comments?post=631"}],"version-history":[{"count":3,"href":"https:\/\/jananews.cz\/index.php\/wp-json\/wp\/v2\/posts\/631\/revisions"}],"predecessor-version":[{"id":637,"href":"https:\/\/jananews.cz\/index.php\/wp-json\/wp\/v2\/posts\/631\/revisions\/637"}],"wp:featuredmedia":[{"embeddable":true,"href":"https:\/\/jananews.cz\/index.php\/wp-json\/wp\/v2\/media\/634"}],"wp:attachment":[{"href":"https:\/\/jananews.cz\/index.php\/wp-json\/wp\/v2\/media?parent=631"}],"wp:term":[{"taxonomy":"category","embeddable":true,"href":"https:\/\/jananews.cz\/index.php\/wp-json\/wp\/v2\/categories?post=631"},{"taxonomy":"post_tag","embeddable":true,"href":"https:\/\/jananews.cz\/index.php\/wp-json\/wp\/v2\/tags?post=631"}],"curies":[{"name":"wp","href":"https:\/\/api.w.org\/{rel}","templated":true}]}}