{"id":645,"date":"2021-03-01T12:35:38","date_gmt":"2021-03-01T11:35:38","guid":{"rendered":"http:\/\/www.jananews.cz\/WP\/?p=645"},"modified":"2021-03-01T12:36:25","modified_gmt":"2021-03-01T11:36:25","slug":"nova-skupina-nanday-predstavuje-singl-a-videoklip-brany-z-chystaneho-debutoveho-alba","status":"publish","type":"post","link":"https:\/\/jananews.cz\/index.php\/2021\/03\/01\/nova-skupina-nanday-predstavuje-singl-a-videoklip-brany-z-chystaneho-debutoveho-alba\/","title":{"rendered":"Nov\u00e1 skupina NANDAY p\u0159edstavuje singl a videoklip Br\u00e1ny z chystan\u00e9ho debutov\u00e9ho alba"},"content":{"rendered":"<p>&#8222;Bu\u010f jsme si mohli d\u00e1t do dr\u017eky, nebo spolu za\u010d\u00edt hr\u00e1t. Sedli jsme si hned.\u00a0 Zjistili jsme, \u017ee nov\u00fd zuby jsou daleko dra\u017e\u0161\u00ed ne\u017e elektrick\u00e1 kytara nebo \u010dinely, a jeliko\u017e ten v\u00fddej energie i emoc\u00ed je dost podobn\u00fd, zvolili jsme variantu hr\u00e1t\u201c, tvrd\u00ed o sob\u011b s nadhledem nov\u00e1 rockov\u00e1 skupina NANDAY.<\/p>\n<p><!--more--><\/p>\n<p>Minul\u00fd rok byl v\u0161echno, jen ne ide\u00e1ln\u00ed dobou na rozjezd nov\u00e9 skupiny. Nic takov\u00e9ho nov\u00e1\u010dka na \u010desk\u00e9 sc\u00e9n\u011b neodrad\u00ed. NANDAY jsou po\u0159\u00e1dnou rockovou partou, kter\u00e1 zn\u00e1 pouze slova te\u010f a tady. Seznamte se s nimi. \u010ctve\u0159ice muzikant\u016f se poprv\u00e9 se\u0161la v roce 2019. Hudebn\u00edci propojili naplno sv\u00e9 hudebn\u00ed zku\u0161enosti ale a\u017e v roce 2020. B\u011bhem lockdown\u016f a omezen\u00ed svoji energii vlo\u017eili do spole\u010dn\u00fdch p\u00edsni\u010dek. NANDAY tvrd\u00ed: \u201eNesourodost na\u0161eho hudebn\u00edho backgroundu jsme p\u0159etavili v p\u0159ednost podobn\u011b jako sada\u0159, co vyp\u00e1lil ve\u0161kerou svou \u00farodu v jeden kr\u00e1sn\u00fd destil\u00e1t. Takov\u00fd ten, co ti sroluje pono\u017eky, vy\u010dist\u00ed st\u0159eva, zlikviduje j\u00e1tra, udob\u0159\u00ed sousedy a man\u017eelku odst\u011bhuje na t\u00fdden k mamince.\u201c<\/p>\n<p>Novou rockovou skupinu NANDAY tvo\u0159\u00ed spole\u010dn\u011b basa Jana Pl\u00e1\u0161ila, bic\u00ed Tom\u00e1\u0161e Pialy a kytarov\u00e9 riffy Juraje Sonlajtnera, hlavn\u00edho autora hudby a text\u016f. Pra\u017esk\u00e9 trio dopl\u0148uje libereck\u00fd rod\u00e1k Tom\u00e1\u0161 \u201ePospy\u201c Posp\u00ed\u0161il, jeho\u017e siln\u00fd nezam\u011bniteln\u00fd hlas je charakteristick\u00fdm znakem kapely.<\/p>\n<p>Kapeln\u00edk Juraj Sonlajtner \u0159\u00edk\u00e1: \u201eSezn\u00e1mili jsme se vlastn\u011b ned\u00e1vno, kdy\u017e si na to vzpomenu, hned bylo jasn\u00e9, \u017ee tato konstelace je a\u017e explozivn\u00ed. V\u017edy jsem cht\u011bl kapelu, rockovou \u010dtve\u0159ici, kde by byl skv\u011bl\u00fd a nekompromisn\u00ed frontman, a byla by to parta zabij\u00e1k\u016f se kter\u00fdmi bych cht\u011bl tr\u00e1vit \u010das nejen v dod\u00e1vce a ve zku\u0161ebn\u011b, ale taky aby m\u011b \u017e\u00e1dn\u00fd \u010dlen bandy ne\u0161tval svoj\u00ed existenc\u00ed. Nikdy se to vlastn\u011b nepovedlo a \u010dasem jsem si myslel \u017ee to asi ani nejde, \u017ee to je fikce. A ejhle ono to jde!\u201c Zp\u011bv\u00e1k Pospy, up\u0159es\u0148uje: \u201eKarant\u00e9na n\u00e1m vlastn\u011b pomohla, vznikli NANDAY. R\u00e1d d\u011bl\u00e1m s lidmi, co nemaj\u00ed mindr\u00e1ky a \u0159\u00edkaj\u00ed, co si mysl\u00ed. V Nanday jsme cht\u011bli jednoduchost a p\u0159\u00edmo\u010darost jak v obsahu, tak v pod\u00e1n\u00ed.\u201c<\/p>\n<p>P\u0159esn\u011b v tomto duchu vznikaj\u00ed i nov\u00e9 p\u00edsni\u010dky a t\u00edm i debutov\u00e9 album. Nyn\u00ed z n\u011bj skupina NANDAY p\u0159edstavuje singl Br\u00e1ny. Zp\u011bv\u00e1k Pospy dod\u00e1v\u00e1: \u201eBr\u00e1ny jsou asi zrovna nejpopov\u011bj\u0161\u00ed v\u011bc, kterou jsme nahr\u00e1li. V Br\u00e1n\u00e1ch se najde ka\u017ed\u00fd. Text je o n\u011bkom, kdo opustil chlast a fet, ano, je o m\u011b, zm\u011bnil m\u011b a\u017e sou\u010dasn\u00fd vztah. Co bude d\u00e1l nikdo nev\u00edme. Ka\u017ed\u00fd u\u017e tady st\u00e1l. V tom sv\u00e9m m\u00edst\u011b zm\u011bny. Ano, na\u0161e pecky vznikaj\u00ed pom\u011brn\u011b jednodu\u0161e\uf04a\u201c, bas\u00e1k Jan Pl\u00e1\u0161il s nadhledem reaguje: \u201eSd\u011blen\u00ed t\u00e9to kapely je zcela jasn\u00e9, p\u0159etlak v trenk\u00e1ch a \u0161upl\u00edk pln\u00fd n\u00e1pad\u016f. M\u00e1me r\u00e1di pok\u00e9rovan\u00fd lidi navle\u010den\u00fd do k\u016f\u017ee, zbo\u017e\u0148ujeme davy sk\u00e1kaj\u00edc\u00ed na na\u0161e riffy, milujeme \u017eeny nama\u010dkan\u00fd na n\u00e1s kdekoliv na sv\u011bt\u011b a nesn\u00e1\u0161\u00edme mal\u00fd v\u00fdb\u011br baget na pump\u00e1ch!\u201c<\/p>\n<p>KLIP zde: https:\/\/youtu.be\/KtZPVfwleLo<br \/>\nVideoklip Br\u00e1ny vznikl v Surf Ar\u00e9n\u011b, kter\u00e1 je nyn\u00ed zav\u0159en\u00e1. Autorem klipu je Tom\u00e1\u0161 Moravec, kter\u00fd od skupiny NANDAY dostal um\u011blecky naprosto volnou ruku. Sc\u00e9n\u00e1\u0159 ke klipu napsal kapeln\u00edk Juraj v konzultaci pr\u00e1v\u011b s Tom\u00e1\u0161em. Skupina p\u0159izvala ke spolupr\u00e1ci tane\u010dn\u00edka a choreografa Patricka Ulmana. Vznikl tak klip, kde se potk\u00e1v\u00e1 tane\u010dn\u00ed vyj\u00e1d\u0159en\u00ed s hudbou<br \/>\n.<br \/>\nMultilink \u2013 singl Br\u00e1ny: https:\/\/lnk.to\/NandayBranyPR<br \/>\nSingl Br\u00e1ny t\u00e9\u017e zde: https:\/\/www.supraphonline.cz\/album\/612728-brany<\/p>\n<p><img loading=\"lazy\" class=\"alignnone size-medium wp-image-647\" src=\"https:\/\/jananews.cz\/wp-content\/uploads\/2021\/03\/nanday2-300x200.jpg\" alt=\"\" width=\"300\" height=\"200\" srcset=\"https:\/\/jananews.cz\/wp-content\/uploads\/2021\/03\/nanday2-300x200.jpg 300w, https:\/\/jananews.cz\/wp-content\/uploads\/2021\/03\/nanday2-1024x684.jpg 1024w, https:\/\/jananews.cz\/wp-content\/uploads\/2021\/03\/nanday2-768x513.jpg 768w, https:\/\/jananews.cz\/wp-content\/uploads\/2021\/03\/nanday2-1536x1025.jpg 1536w, https:\/\/jananews.cz\/wp-content\/uploads\/2021\/03\/nanday2.jpg 1600w\" sizes=\"(max-width: 300px) 100vw, 300px\" \/><\/p>\n<p><img loading=\"lazy\" class=\"alignnone size-medium wp-image-646\" src=\"https:\/\/jananews.cz\/wp-content\/uploads\/2021\/03\/nanday3-300x300.jpg\" alt=\"\" width=\"300\" height=\"300\" srcset=\"https:\/\/jananews.cz\/wp-content\/uploads\/2021\/03\/nanday3-300x300.jpg 300w, https:\/\/jananews.cz\/wp-content\/uploads\/2021\/03\/nanday3-1024x1024.jpg 1024w, https:\/\/jananews.cz\/wp-content\/uploads\/2021\/03\/nanday3-150x150.jpg 150w, https:\/\/jananews.cz\/wp-content\/uploads\/2021\/03\/nanday3-768x768.jpg 768w, https:\/\/jananews.cz\/wp-content\/uploads\/2021\/03\/nanday3-1536x1536.jpg 1536w, https:\/\/jananews.cz\/wp-content\/uploads\/2021\/03\/nanday3-2048x2048.jpg 2048w\" sizes=\"(max-width: 300px) 100vw, 300px\" \/><\/p>\n","protected":false},"excerpt":{"rendered":"<p>&#8222;Bu\u010f jsme si mohli d\u00e1t do dr\u017eky, nebo spolu za\u010d\u00edt hr\u00e1t. Sedli jsme si hned.\u00a0 Zjistili jsme, \u017ee nov\u00fd zuby jsou daleko dra\u017e\u0161\u00ed ne\u017e elektrick\u00e1 kytara nebo \u010dinely, a jeliko\u017e ten v\u00fddej energie i emoc\u00ed je dost podobn\u00fd, zvolili jsme variantu hr\u00e1t\u201c, tvrd\u00ed o sob\u011b s nadhledem nov\u00e1 rockov\u00e1 skupina NANDAY.<\/p>\n","protected":false},"author":1,"featured_media":648,"comment_status":"closed","ping_status":"open","sticky":false,"template":"","format":"standard","meta":[],"categories":[7],"tags":[],"_links":{"self":[{"href":"https:\/\/jananews.cz\/index.php\/wp-json\/wp\/v2\/posts\/645"}],"collection":[{"href":"https:\/\/jananews.cz\/index.php\/wp-json\/wp\/v2\/posts"}],"about":[{"href":"https:\/\/jananews.cz\/index.php\/wp-json\/wp\/v2\/types\/post"}],"author":[{"embeddable":true,"href":"https:\/\/jananews.cz\/index.php\/wp-json\/wp\/v2\/users\/1"}],"replies":[{"embeddable":true,"href":"https:\/\/jananews.cz\/index.php\/wp-json\/wp\/v2\/comments?post=645"}],"version-history":[{"count":2,"href":"https:\/\/jananews.cz\/index.php\/wp-json\/wp\/v2\/posts\/645\/revisions"}],"predecessor-version":[{"id":650,"href":"https:\/\/jananews.cz\/index.php\/wp-json\/wp\/v2\/posts\/645\/revisions\/650"}],"wp:featuredmedia":[{"embeddable":true,"href":"https:\/\/jananews.cz\/index.php\/wp-json\/wp\/v2\/media\/648"}],"wp:attachment":[{"href":"https:\/\/jananews.cz\/index.php\/wp-json\/wp\/v2\/media?parent=645"}],"wp:term":[{"taxonomy":"category","embeddable":true,"href":"https:\/\/jananews.cz\/index.php\/wp-json\/wp\/v2\/categories?post=645"},{"taxonomy":"post_tag","embeddable":true,"href":"https:\/\/jananews.cz\/index.php\/wp-json\/wp\/v2\/tags?post=645"}],"curies":[{"name":"wp","href":"https:\/\/api.w.org\/{rel}","templated":true}]}}