{"id":66,"date":"2016-03-06T02:45:52","date_gmt":"2016-03-06T01:45:52","guid":{"rendered":"http:\/\/www.jananews.cz\/WP\/index.php\/2016\/03\/06\/prani-kazde-zeny-je-mit-krasne-a-zdrave-vlasy\/"},"modified":"2016-03-06T02:45:52","modified_gmt":"2016-03-06T01:45:52","slug":"prani-kazde-zeny-je-mit-krasne-a-zdrave-vlasy","status":"publish","type":"post","link":"https:\/\/jananews.cz\/index.php\/2016\/03\/06\/prani-kazde-zeny-je-mit-krasne-a-zdrave-vlasy\/","title":{"rendered":"P\u0159\u00e1n\u00ed ka\u017ed\u00e9 \u017eeny je m\u00edt kr\u00e1sn\u00e9 a zdrav\u00e9 vlasy"},"content":{"rendered":"<p>PRAHA\/VALA\u0160SK\u00c9 KLOBOUKY &#8211; A\u0165 ji\u017e \u017eeny preferuj\u00ed \u00fa\u010des z kr\u00e1tk\u00fdch \u010di del\u0161\u00edch vlas\u016f, jedno je spojuje \u2013 m\u00edt pevn\u00e9 a zdrav\u00e9 hust\u00e9 vlasy. Nen\u00ed tajemstv\u00edm, \u017ee zejm\u00e9na s p\u0159ib\u00fdvaj\u00edc\u00edm v\u011bkem a hormon\u00e1ln\u00edmi procesy m\u016f\u017ee doch\u00e1zet ke zhor\u0161en\u00e9 kvalit\u011b vlas\u016f.<\/p>\n<p>  <!--more-->  <\/p>\n<p>Napom\u00e1haj\u00ed tomu i extr\u00e9mn\u011b \u010dast\u00e9 n\u00e1v\u0161t\u011bvy neprofesion\u00e1ln\u00edch kade\u0159n\u00edk\u016f, pou\u017e\u00edv\u00e1n\u00ed levn\u00fdch a nekvalitn\u00edch barev, \u0161ampon\u016f a dal\u0161\u00edch vlasov\u00fdch prepar\u00e1t\u016f, \u010dast\u00e9 pou\u017e\u00edv\u00e1n\u00ed f\u00e9nu nebo v sou\u010dasn\u00e9 dob\u011b trendov\u00e9 \u017eehli\u010dky, kterou \u010dasto \u017eeny nepou\u017e\u00edvaj\u00ed s \u017eehl\u00edc\u00edmi prepar\u00e1ty a doch\u00e1z\u00ed tak ke ka\u017edodenn\u00edmu ni\u010den\u00ed vlas\u016f.<\/p>\n<p>Sv\u00e9 ud\u011bl\u00e1 samoz\u0159ejm\u011b i genetick\u00e1 v\u00fdbava ka\u017ed\u00e9ho jedince, kterou bohu\u017eel \u010dasto z\u00edsk\u00e1v\u00e1me, ani\u017e bychom m\u011bli n\u011bjakou \u0161anci n\u011bco ovlivnit. \u010casto je to i nezdrav\u00fd \u017eivotn\u00ed styl, stresuj\u00edc\u00ed pr\u00e1ce, kou\u0159en\u00ed a dal\u0161\u00ed zlozvyky na\u0161\u00ed doby. Je to v\u017edy velk\u00e1 nezn\u00e1m\u00e1 a pokud jednodu\u0161e \u010dlov\u011bk za\u010dne lidov\u011b \u0159e\u010deno ple\u0161at\u011bt, asi nezb\u00fdv\u00e1 moc mo\u017enost\u00ed mezi co nejkrat\u0161\u00edm sest\u0159ihem, \u010depic\u00ed a p\u0159edev\u0161\u00edm sm\u00ed\u0159en\u00edm se s t\u00edm, \u017ee to tak prost\u011b je. Copak mu\u017ei, ti mohou\u00a0 m\u00edt na hlav\u011b prakticky cokoliv, ple\u0161at\u00fd mu\u017e pro \u0159adu \u017een p\u0159edstavuje dokonce sex appel a pro \u0159adu \u017een je \u2013 tedy alespo\u0148 douf\u00e1m,\u00a0 vod\u00edtkem, co m\u00e1 doty\u010dn\u00fd v hlav\u011b ne\u017e na n\u00ed. Hor\u0161\u00ed je to ale s \u017eenami, u kter\u00fdch se o\u010dek\u00e1v\u00e1, \u017ee budou nejl\u00e9pe do 99 let kr\u00e1sn\u00e9, mlad\u00e9 \u0161t\u00edhl\u00e9 a bez vr\u00e1sek, s hlavou plnou bujn\u00fdch kade\u0159\u00ed. Doba je zl\u00e1 a klade na v\u0161echny velk\u00e9 n\u00e1roky \u2013 a pr\u00e1v\u011b vzhled je \u010dasto t\u00edm, co je a\u0165 ji\u017e v pr\u00e1ci nebo ve vztaz\u00edch na prvn\u00edm m\u00edst\u011b, ne\u017e se t\u00edm \u201edruh\u00fdm\u201c za\u010dne n\u011bkdo v\u016fbec zab\u00fdvat.<\/p>\n<p>Pou\u017e\u00edv\u00e1n\u00ed chemick\u00fdch barev nemus\u00ed b\u00fdt v\u017edy zdaleka takov\u00fdm nebezpe\u010d\u00edm, pokud je pou\u017e\u00edvaj\u00ed odborn\u00edci nebo pokud si \u017eeny p\u0159i dom\u00e1c\u00edm barven\u00ed vlas\u016f p\u0159e\u010dtou po\u0159\u00e1dn\u011b n\u00e1vod a dodr\u017e\u00ed v\u0161echny instrukce. Nicm\u00e9n\u011b podle kvality vlas\u016f se st\u00e1le jedn\u00e1 o ne\u0161etrn\u00fd z\u00e1sah do \u201ev\u00fdbavy\u201c \u010dlov\u011bka \u2013 chemik\u00e1lie v podstat\u011b vlas naru\u0161\u00ed a zapust\u00ed do n\u011bj um\u011bl\u00e9 barvivo. A chemik\u00e1lie n\u00e1m do p\u011bkn\u011b p\u0159ib\u00fdvaj\u00ed\u2026 A je\u0161t\u011b tomu \u0159\u00edk\u00e1me \u201ep\u00e9\u010de\u201c. Zejm\u00e9na u del\u0161\u00edch vlas\u016f je pak prakticky nere\u00e1ln\u00e9 je bez n\u00e1sledn\u00e9ho o\u0161et\u0159en\u00ed balz\u00e1mem a kondicion\u00e9rem roz\u010desat a tak\u00e9 po vysu\u0161en\u00ed vlas\u016f n\u011bkolik dn\u016f \u010di t\u00fddn\u016f pozorujeme viditeln\u00e9 zm\u011bny \u2013 vlasy mohou b\u00fdt krepat\u00e9, nehezky \u201etr\u010det\u201c a jsou nepoddajn\u00e9 pro vytvo\u0159en\u00ed n\u011bjak\u00e9ho p\u011bkn\u00e9ho a vlaj\u00edc\u00edho \u00fa\u010desu. Zb\u00fdv\u00e1 pou\u017eit\u00ed extr\u00e9mn\u00edho mno\u017estv\u00ed balz\u00e1mu, tu\u017eidel, gel\u016f, mnohdy na vlasy nav\u00edc trvale ni\u010den\u00e9 kulmou \u010di sou\u010dasn\u00fdm trendem \u2013 \u017eehli\u010dkou. P\u0159i pou\u017eit\u00ed dal\u0161\u00edho \u201e\u017eehl\u00edc\u00edho\u201c prepar\u00e1tu A tak se n\u00e1m na vlasy chemie jen hrne, mo\u017en\u00e1 \u017ee nyn\u00ed vypad\u00e1me skv\u011ble \u2013 ale co t\u0159eba za 10 let?\u00a0<\/p>\n<p>Jedno je jist\u00e9, \u017ee pokud m\u00e1me vlas\u016f m\u00e9n\u011b, po \u017e\u00e1dn\u00e9m prepar\u00e1tu n\u00e1m skute\u010dn\u011b nenarostou. Dala bych k dobru zku\u0161enost m\u00e9ho kamar\u00e1da, kter\u00fd si kdysi ihned po revoluci zakoupil jak\u00fdsi \u00fa\u017easn\u00fd prepar\u00e1t vlas\u016f asi za tis\u00edc korun a po n\u011bkolika t\u00fddnech mu na ka\u017ed\u00e9 stran\u011b vyrostlo nepatrn\u00e9 chm\u00ed\u0159\u00ed. Jedno nad uchem pak pojmenoval \u201ePep\u00ed\u010dek za 500\u201c. Vtipn\u011b vypadaj\u00ed i nast\u0159elen\u00e9 vlasov\u00e9 drny a o prodlu\u017eov\u00e1n\u00ed vlas\u016f, kde nav\u00edc hroz\u00ed, \u017ee z\u00e1jemci o jejich prodlou\u017een\u00ed naletovan\u00fdmi ciz\u00edmi prameny vy\u0161kubou posledn\u00ed zbytky vlas\u016f, sice \u0159ada \u017een sn\u00ed, ale pokud se o prodlou\u017een\u00e9 vlasy nepe\u010duje, vypad\u00e1 to sp\u00ed\u0161e sm\u011b\u0161n\u011b\u2026 Um\u011bl\u00e9 vlasy vypadaj\u00ed nap\u0159\u00edklad na fotografi\u00edch v\u017edy jako ciz\u00ed element a nutno t\u00e9\u017e p\u0159ipomenout, \u017ee u prav\u00fdch vlas\u016f zase hroz\u00ed jin\u00e9 riziko \u2013 vlasy m\u011bly v minulosti n\u011bjakou strukturu. Tak\u017ee pokud v nich nap\u0159\u00edklad nositelka zmokne, co dodat. Ur\u010dit\u011b i vy jste n\u011bkdy vid\u011bli na ulici pan\u00ed, kde bylo zna\u010dn\u011b podez\u0159el\u00e9, \u017ee na hlav\u011b m\u00e1 vlasy rovn\u00e9 a d\u00e1le pokra\u010duj\u00ed podivn\u00e9 zvln\u011bn\u00e9 a mnohdy i zkrepat\u011bl\u00e9 vlasy.<\/p>\n<p>Je proto pot\u0159eba zv\u00e1\u017eit, zda o vlasy v\u00edce nepe\u010dovat ji\u017e v za\u010d\u00e1tku, kdy jsou je\u0161t\u011b kvalitn\u00ed, a jejich kvalitu udr\u017eovat. Neud\u011bl\u00e1me nic se st\u00e1\u0159\u00edm \u2013 vlasy \u0161ediv\u00ed a je pot\u0159eba je barvit. Zejm\u00e9na u \u017een s tendenc\u00ed vypad\u00e1v\u00e1n\u00ed vlas\u016f je l\u00e9pe zvolit v\u017edy barevn\u00fd odst\u00edn vych\u00e1zej\u00edc\u00ed z jej p\u0159irozen\u00e9 barvy pleti a \u010d\u00edm m\u00e9n\u011b vlas\u016f, t\u00edm l\u00e9pe je pou\u017e\u00edt sv\u011btlej\u0161\u00ed odst\u00edn v barv\u011b jejich pleti \u2013 kontrastn\u00ed barvy oproti pleti nejsou \u017e\u00e1douc\u00ed, proto\u017ee \u0159id\u0161\u00ed m\u00edsta vlas\u016f jsou je\u0161t\u011b v\u00edce vid\u011bt.<br \/>Barven\u00e9 vlasy s sebou nesou, jak je ji\u017e v\u00fd\u0161e zm\u00edn\u011bno, podstatn\u00e1 rizika chemik\u00e1li\u00ed vpraven\u00fdch do poko\u017eky. Je proto pot\u0159eba opravdu dobr\u00e1 regenerace nejen vlas\u016f, ale p\u0159edev\u0161\u00edm vlasov\u00fdch ko\u0159\u00ednk\u016f. A zvolna se ji\u017e bl\u00ed\u017e\u00edme k na\u0161emu tipu \u2013 co takhle vyzkou\u0161et zaru\u010den\u011b p\u0159\u00edrodn\u00ed a nejsp\u00ed\u0161 i jedin\u00fd skute\u010dn\u011b funk\u010dn\u00ed prepar\u00e1t, osv\u011bd\u010den\u00fd obrovsk\u00fdm mno\u017estv\u00edm \u017een po cel\u00e1 stalet\u00ed? Ten z\u00e1zra\u010dn\u00fd prepar\u00e1t, kter\u00fd m\u016f\u017ee va\u0161e vlasy ud\u011blat skute\u010dn\u011b kr\u00e1sn\u00e9 a ji\u017e naru\u0161en\u00e9 vlasy pom\u011brn\u011b rychle a \u00fa\u010dinn\u011b zregenerovat se jmenuje henna.<\/p>\n<p>Hennu zn\u00e1 \u0159ada z n\u00e1s jako p\u0159\u00edrodn\u00ed barvivo a nese s sebou zpravidla p\u0159\u00edvlastek rezav\u00e9 barvy. Henna v surov\u00e9m stavu, jak si ji m\u016f\u017eete zakoupit nap\u0159\u00edklad ve specializovan\u00fdch obchodech s orient\u00e1ln\u00edm sortimentem, je t\u00edm nejlep\u0161\u00edm, co m\u016f\u017eete pro svoje vlasy ud\u011blat. Aplikace je sice trochu netradi\u010dn\u00edm z\u00e1\u017eitkem pro ty, kte\u0159\u00ed jsou zvykl\u00ed si ve spr\u0161e cosi chemick\u00e9ho z lahvi\u010dky nal\u00edt na hlavu, \u201eza\u0161mrdlat\u201c rukou a b\u011bhem n\u011bkolika m\u00e1lo \u010di v\u00edce minut to opl\u00e1chnout, av\u0161ak pokud chcete m\u00edt vlasy objemov\u011b hust\u011bj\u0161\u00ed, p\u0159\u00edrodn\u011b zabarven\u00e9 a pru\u017en\u00e9, cestou je pr\u00e1v\u011b henna. A ta chce p\u0159i aplikaci \u010das.<\/p>\n<p>D\u016fbrava chemick\u00e9 v\u00fdrobn\u00ed dru\u017estvo m\u00e1 ve sv\u00e9 nab\u00eddce hennu, kter\u00e1 je na \u010desk\u00e9m trhu v podstat\u011b unik\u00e1tem. Pokud nechcete vypadat jako hlavn\u00ed rezav\u00e1 p\u0159edstavitelka seri\u00e1lu \u017denat\u00fd se z\u00e1vazky Peggy Bundov\u00e1, m\u00e1te mo\u017enost zakoupit si hennu barevnou. D\u016fbrava vyr\u00e1b\u00ed barvu na vlasy celkem v deseti barevn\u00fdch odst\u00ednech \u2013 zlat\u00fd blond, o\u0159echov\u011b plav\u00e1, ka\u0161tan, hn\u011bd\u00e1, mahagon, tizian, bord\u00f3, \u010dern\u00e1, m\u011bd\u011bn\u011b \u010derven\u00e1 a sv\u011btl\u00fd ka\u0161tan. Pokud chcete vlasy pouze zregenerovat, m\u016f\u017eete vyzkou\u0161et v\u00fdrobek \u201eVlasov\u00fd z\u00e1bal z Henny\u201c, kter\u00fd vlasy vy\u017eiv\u00ed a regeneruje. Je pot\u0159eba po\u010d\u00edtat s t\u00edm \u017ee henna je prost\u011b henna a je mo\u017en\u00e9, \u017ee u n\u011bkter\u00fdch vlas\u016f se objev\u00ed nepatrn\u00fd n\u00e1dech rezav\u00e9 nap\u0159\u00edklad na hodn\u011b sv\u011btl\u00fdch vlasech, ale toto nepatrn\u00e9 riziko za v\u00fdsledek stoj\u00ed. Opakovan\u00e9 pou\u017e\u00edv\u00e1n\u00ed henny va\u0161e vlasy dokonale zregeneruje, z\u00edskaj\u00ed na objemu a p\u0159edev\u0161\u00edm prakticky odstran\u00edte jejich l\u00e1mavost, v\u010detn\u011b toho, \u017ee n\u011bkolikahodinov\u00fd z\u00e1bal zp\u016fsob\u00ed dokonalou regeneraci tak\u00e9 vlasov\u00e9 poko\u017eky.<\/p>\n<p>Pokud si zakoup\u00edte hennu z D\u016fbravy, najdete v n\u00ed p\u0159\u00edrodn\u00ed prepar\u00e1t. Jedn\u00e1 se v podstat\u011b o rozemletu rostlinu Lawsonia inermis, v podob\u011b zelen\u00e9ho pr\u00e1\u0161ku. Doporu\u010duji si p\u0159edem um\u00fdt vlasy, d\u016fkladn\u011b je opl\u00e1chnout, roz\u010desat a pak nan\u00e9st pr\u00e1\u0161ek na hlavu co nejv\u00edce k poko\u017ece ale i ke konci vlas\u016f. Nebojte se p\u0159i del\u0161\u00edch vlasech pou\u017e\u00edt klidn\u011b dvojitou d\u00e1vku \u2013 jedn\u00e1 se o p\u0159\u00edrodn\u00ed prepar\u00e1t, tak\u017ee nen\u00ed t\u0159eba m\u00edt obavy. Vlasy d\u016fkladn\u011b promn\u011bte, aby se pr\u00e1\u0161ek dostal v\u0161ude po vlasech. Zejm\u00e9na u barevn\u00fdch odst\u00edn\u016f je pot\u0159eba, aby byl rovnom\u011brn\u011b rozm\u00edst\u011bn. Pot\u00e9 je dobr\u00e9 hlavu p\u0159ekr\u00fdt igelitovou \u010depic\u00ed (p\u0159ilo\u017eenou k v\u00fdrobku) nebo koupac\u00ed \u010depic\u00ed, ide\u00e1ln\u011b ovinout je\u0161t\u011b ru\u010dn\u00edkem a vydr\u017eet s t\u00edmto z\u00e1balem na hlav\u011b alespo\u0148 jednu hodinu. Vzhledem k tomu, \u017ee se nejedn\u00e1 o barvu chemick\u00e9ho z\u00e1kladu, nemus\u00edte ani striktn\u011b pokukovat po \u010dase \u2013 pokud nech\u00e1te henu na hlav\u011b o n\u011bco d\u00e9le, t\u00edm l\u00e9pe. Pot\u00e9 vlasy d\u016fkladn\u011b omyjte a m\u016f\u017eete pou\u017e\u00edt pro roz\u010des\u00e1n\u00ed alespo\u0148 pro za\u010d\u00e1tek sv\u016fj obl\u00edben\u00fd kondicion\u00e9r, nicm\u00e9n\u011b \u2013 zejm\u00e9na u krat\u0161\u00edch vlas\u016f to nen\u00ed nutn\u00e9.<\/p>\n<p>Vlasy nechte ide\u00e1ln\u011b p\u0159\u00edrodn\u011b uschnout, ani \u010dast\u00e9 pou\u017e\u00edv\u00e1n\u00ed f\u00e9nu nen\u00ed pro vlasy t\u00edm nejide\u00e1ln\u011bj\u0161\u00edm, co by je mohlo potkat. A v\u00fdsledek? Budete p\u0159ekvapeni, jak ji\u017e po jednom \u010di dvou pou\u017eit\u00ed va\u0161e vlasy z\u00edskaly p\u0159irozen\u00fd lesk, pru\u017enost, nep\u00e1l\u00ed v\u00e1s hlava od chemick\u00fdch prepar\u00e1t\u016f, kade\u0159nice v\u00e1m nevy\u0161kube \u201eodbornou mas\u00e1\u017e\u00ed\u201c \u010di ne\u0161etrn\u00fdm \u010des\u00e1n\u00edm hrst vlas\u016f a i kdy\u017e nebudete m\u00edt vlas\u016f zrovna nejv\u00edc na zem\u011bkouli, \u010dast\u00fdm pou\u017e\u00edv\u00e1n\u00edm v\u00e1m zpomal\u00ed proces st\u00e1rnut\u00ed a jednodu\u0161e jich bude vypadat v\u00edc. Henna m\u00e1 toti\u017e je\u0161t\u011b jednu vlastnost \u2013 obal\u00ed ka\u017ed\u00fd vlas mikroskopickou vrstvou p\u0159\u00edrodn\u00edho rostlinn\u00e9ho proteinu vzd\u00e1len\u011b p\u0159ipom\u00ednaj\u00edc\u00ed vosk &#8211;\u00a0 \u010d\u00edm\u017e dojde k jejich ochran\u011b vn\u011bj\u0161\u00edmi vlivy a sou\u010dasn\u011b nabydou na objemu. Jedin\u00e9 riziko, kter\u00e9 v\u00e1s p\u0159i henn\u011b m\u016f\u017ee potkat, je to, \u017ee pokud m\u00e1te extr\u00e9mn\u011b \u0161ediv\u00e9 vlasy, pak v\u00e1m je \u00fapln\u011b neobarv\u00ed\u2026 A tak\u00e9 ob\u010das auto\u0159i PR \u010dl\u00e1nk\u016f pro podporu chemick\u00fdch barev r\u00e1di upozor\u0148uj\u00ed na to \u017ee na hennu \u0161patn\u011b chyt\u00e1 chemick\u00e1 barva. Up\u0159\u00edmn\u011b \u0159e\u010deno \u2013 nen\u00ed to pravda. J\u00e1 osobn\u011b si vlasy barv\u00edm od sv\u00fdch 14 let, hennu z D\u016fbravy pou\u017e\u00edv\u00e1m pr\u016fb\u011b\u017en\u011b ji\u017e asi 30 let, st\u0159\u00edd\u00e1m jedno p\u0159es druh\u00e9 a vlasy m\u00e1m jednolit\u011b barevn\u00e9. A i kdyby se mi n\u011bkde objevil nestejn\u00fd barevn\u00fd prou\u017eek, je to to posledn\u00ed, co mi bude vadit. Tak\u017ee zb\u00fdvaj\u00ed je\u0161t\u011b n\u011bjak\u00e1 negativa na adresu henny? Nev\u00edm o nich. \uf04a Snad jen to, \u017ee se d\u00e1 sehnat m\u00e1lokde. Jednou z mo\u017enost\u00ed, kter\u00e9 m\u00e1te, je ale obr\u00e1tit se p\u0159\u00edmo na dru\u017estvo D\u016fbrava. Za stoprocentn\u00ed vlasovou regeneraci, zlep\u0161en\u00ed kvality vlas\u016f, \u010delen\u00ed l\u00e1mavosti a z\u00edsk\u00e1n\u00ed p\u0159irozen\u00e9ho zabarven\u00ed to rozhodn\u011b stoj\u00ed.<\/p>\n<p>HENNA<br \/>Henna je arabsk\u00fd n\u00e1zev pro rostlinu Lawsonia inermis. Po vysu\u0161en\u00ed a rozemlet\u00ed jej\u00edch list\u016f vznikne pr\u00e1\u0161ek zelen\u00e9 barvy \u2013 p\u0159\u00edrodn\u00ed barvivo Henna, kter\u00fd se pouze vy\u010dist\u00ed od tuh\u00fdch \u010d\u00e1st\u00ed. Henna se jako p\u0159\u00edrodn\u00ed barvivo a l\u00e9\u010div\u00e1 bylina pou\u017e\u00edv\u00e1 ji\u017e v\u00edc ne\u017e 5000 let. Dnes je Henna cen\u011bna zejm\u00e9na jako p\u0159\u00edrodn\u00ed prost\u0159edek bez chemick\u00fdch p\u0159\u00edsad ur\u010den\u00fd k barven\u00ed a regeneraci vlas\u016f.<br \/>Krom\u011b barv\u00edc\u00ed schopnosti se Henna pou\u017e\u00edv\u00e1 i pro sv\u00e9 \u010detn\u00e9 l\u00e9\u010debn\u00e9 vlastnosti:<br \/>&#8211; regeneruje a zpev\u0148uje vlasy,<br \/>&#8211; zamezuje nadm\u011brn\u00e9mu ma\u0161t\u011bn\u00ed poko\u017eky a sni\u017euje tvorbu lup\u016f,<br \/>&#8211; vytv\u00e1\u0159\u00ed na vlasech a poko\u017ece p\u0159\u00edrodn\u00ed UV filtr.<br \/>HENNA vytvo\u0159\u00ed na ka\u017ed\u00e9m vlasu mikroskopickou vrstvi\u010dku a t\u00edm vlas mechanicky ochr\u00e1n\u00ed proti vn\u011bj\u0161\u00edm nep\u0159\u00edzniv\u00fdm vliv\u016fm, zabra\u0148uje jeho dvojen\u00ed a l\u00e1m\u00e1n\u00ed.<\/p>\n<p>DOPORU\u010cUJEME TAK\u00c9\u2026<br \/>&#8211; Bylinn\u00fd \u0161ampon z Henny <br \/>&#8211; \u0160ampon proti lup\u016fm <br \/>&#8211; Balz\u00e1m na vlasy <br \/>&#8211; GEL z Henny<\/p>\n<p><a href=\"http:\/\/www.dubrava.cz\">www.dubrava.cz<\/a> <br \/>Text: Jana Henychov\u00e1<br \/>Foto: archiv D\u016fbrava<\/p>\n<p><img loading=\"lazy\" class=\" size-full wp-image-65\" src=\"https:\/\/jananews.cz\/wp-content\/uploads\/2016\/03\/henna.jpg\" alt=\"\" width=\"425\" height=\"204\" srcset=\"https:\/\/jananews.cz\/wp-content\/uploads\/2016\/03\/henna.jpg 640w, https:\/\/jananews.cz\/wp-content\/uploads\/2016\/03\/henna-300x144.jpg 300w\" sizes=\"(max-width: 425px) 100vw, 425px\" \/><\/p>\n","protected":false},"excerpt":{"rendered":"<p>PRAHA\/VALA\u0160SK\u00c9 KLOBOUKY &#8211; A\u0165 ji\u017e \u017eeny preferuj\u00ed \u00fa\u010des z kr\u00e1tk\u00fdch \u010di del\u0161\u00edch vlas\u016f, jedno je spojuje \u2013 m\u00edt pevn\u00e9 a zdrav\u00e9 hust\u00e9 vlasy. Nen\u00ed tajemstv\u00edm, \u017ee zejm\u00e9na s p\u0159ib\u00fdvaj\u00edc\u00edm v\u011bkem a hormon\u00e1ln\u00edmi procesy m\u016f\u017ee doch\u00e1zet ke zhor\u0161en\u00e9 kvalit\u011b vlas\u016f.<\/p>\n","protected":false},"author":1,"featured_media":65,"comment_status":"open","ping_status":"open","sticky":false,"template":"","format":"standard","meta":[],"categories":[19],"tags":[],"_links":{"self":[{"href":"https:\/\/jananews.cz\/index.php\/wp-json\/wp\/v2\/posts\/66"}],"collection":[{"href":"https:\/\/jananews.cz\/index.php\/wp-json\/wp\/v2\/posts"}],"about":[{"href":"https:\/\/jananews.cz\/index.php\/wp-json\/wp\/v2\/types\/post"}],"author":[{"embeddable":true,"href":"https:\/\/jananews.cz\/index.php\/wp-json\/wp\/v2\/users\/1"}],"replies":[{"embeddable":true,"href":"https:\/\/jananews.cz\/index.php\/wp-json\/wp\/v2\/comments?post=66"}],"version-history":[{"count":0,"href":"https:\/\/jananews.cz\/index.php\/wp-json\/wp\/v2\/posts\/66\/revisions"}],"wp:featuredmedia":[{"embeddable":true,"href":"https:\/\/jananews.cz\/index.php\/wp-json\/wp\/v2\/media\/65"}],"wp:attachment":[{"href":"https:\/\/jananews.cz\/index.php\/wp-json\/wp\/v2\/media?parent=66"}],"wp:term":[{"taxonomy":"category","embeddable":true,"href":"https:\/\/jananews.cz\/index.php\/wp-json\/wp\/v2\/categories?post=66"},{"taxonomy":"post_tag","embeddable":true,"href":"https:\/\/jananews.cz\/index.php\/wp-json\/wp\/v2\/tags?post=66"}],"curies":[{"name":"wp","href":"https:\/\/api.w.org\/{rel}","templated":true}]}}