{"id":689,"date":"2021-04-27T12:59:10","date_gmt":"2021-04-27T10:59:10","guid":{"rendered":"http:\/\/www.jananews.cz\/WP\/?p=689"},"modified":"2021-04-27T12:59:10","modified_gmt":"2021-04-27T10:59:10","slug":"nabidka-prostory-v-sedlcanech-k-pronajmu","status":"publish","type":"post","link":"https:\/\/jananews.cz\/index.php\/2021\/04\/27\/nabidka-prostory-v-sedlcanech-k-pronajmu\/","title":{"rendered":"NAB\u00cdDKA: Prostory v Sedl\u010danech k pron\u00e1jmu"},"content":{"rendered":"<p>Hled\u00e1te prostory k pron\u00e1jmu u seri\u00f3zn\u00edho pronaj\u00edmatele? M\u00e1me pro V\u00e1s tip &#8211; objekt v Sedl\u010danech.<\/p>\n<p><!--more--><\/p>\n<p>Jedn\u00e1 se o b\u00fdvalou \u0161koln\u00ed budovu St\u0159edn\u00edho odborn\u00e9ho u\u010dili\u0161t\u011b Sedl\u010dany.<\/p>\n<p>K pron\u00e1jmu jsou kancel\u00e1\u0159sk\u00e9 m\u00edstnosti o rozloze cca 440 metr\u016f \u010dtvere\u010dn\u00edch a d\u00e1le j\u00eddelna s kuchyn\u00ed o rozloze 53 metr\u016f \u010dtvere\u010dn\u00edch.<\/p>\n<p>Vlastn\u00edkem objektu je Svaz \u010desk\u00fdch a moravsk\u00fdch v\u00fdrobn\u00edch dru\u017estev.<\/p>\n<p>Pokud m\u00e1te z\u00e1jem si prostory prohl\u00e9dnout a sezn\u00e1mit se s bli\u017e\u0161\u00edmi informacemi, nev\u00e1hejte kontaktovat spr\u00e1vce are\u00e1lu.<\/p>\n<p><strong>KONTAKT:<\/strong><br \/>\n<strong>p. Tom\u00e1\u0161 Ko\u010dovsk\u00fd, spr\u00e1vce are\u00e1lu<\/strong><br \/>\n<strong>e-mail: commerciumplus@volny.cz<\/strong><br \/>\n<strong>tel.: +420 602 174 977<\/strong><\/p>\n<div id='gallery-1' class='gallery galleryid-689 gallery-columns-3 gallery-size-thumbnail'><figure class='gallery-item'>\n\t\t\t<div class='gallery-icon landscape'>\n\t\t\t\t<a href='https:\/\/jananews.cz\/index.php\/2021\/04\/27\/nabidka-prostory-v-sedlcanech-k-pronajmu\/scmvd_sedlcany1\/'><img width=\"150\" height=\"150\" src=\"https:\/\/jananews.cz\/wp-content\/uploads\/2021\/04\/scmvd_sedlcany1-150x150.jpg\" class=\"attachment-thumbnail size-thumbnail\" alt=\"\" loading=\"lazy\" \/><\/a>\n\t\t\t<\/div><\/figure><figure class='gallery-item'>\n\t\t\t<div class='gallery-icon portrait'>\n\t\t\t\t<a href='https:\/\/jananews.cz\/index.php\/2021\/04\/27\/nabidka-prostory-v-sedlcanech-k-pronajmu\/scmvd_sedlcany2\/'><img width=\"150\" height=\"150\" src=\"https:\/\/jananews.cz\/wp-content\/uploads\/2021\/04\/scmvd_sedlcany2-150x150.jpg\" class=\"attachment-thumbnail size-thumbnail\" alt=\"\" loading=\"lazy\" \/><\/a>\n\t\t\t<\/div><\/figure><figure class='gallery-item'>\n\t\t\t<div class='gallery-icon landscape'>\n\t\t\t\t<a href='https:\/\/jananews.cz\/index.php\/2021\/04\/27\/nabidka-prostory-v-sedlcanech-k-pronajmu\/scmvd_sedlcany3\/'><img width=\"150\" height=\"150\" src=\"https:\/\/jananews.cz\/wp-content\/uploads\/2021\/04\/scmvd_sedlcany3-150x150.jpg\" class=\"attachment-thumbnail size-thumbnail\" alt=\"\" loading=\"lazy\" \/><\/a>\n\t\t\t<\/div><\/figure><figure class='gallery-item'>\n\t\t\t<div class='gallery-icon landscape'>\n\t\t\t\t<a href='https:\/\/jananews.cz\/index.php\/2021\/04\/27\/nabidka-prostory-v-sedlcanech-k-pronajmu\/scmvd_sedlcany_4\/'><img width=\"150\" height=\"150\" src=\"https:\/\/jananews.cz\/wp-content\/uploads\/2021\/04\/scmvd_sedlcany_4-150x150.jpg\" class=\"attachment-thumbnail size-thumbnail\" alt=\"\" loading=\"lazy\" \/><\/a>\n\t\t\t<\/div><\/figure>\n\t\t<\/div>\n\n","protected":false},"excerpt":{"rendered":"<p>Hled\u00e1te prostory k pron\u00e1jmu u seri\u00f3zn\u00edho pronaj\u00edmatele? M\u00e1me pro V\u00e1s tip &#8211; objekt v Sedl\u010danech.<\/p>\n","protected":false},"author":1,"featured_media":690,"comment_status":"closed","ping_status":"open","sticky":false,"template":"","format":"standard","meta":[],"categories":[8],"tags":[],"_links":{"self":[{"href":"https:\/\/jananews.cz\/index.php\/wp-json\/wp\/v2\/posts\/689"}],"collection":[{"href":"https:\/\/jananews.cz\/index.php\/wp-json\/wp\/v2\/posts"}],"about":[{"href":"https:\/\/jananews.cz\/index.php\/wp-json\/wp\/v2\/types\/post"}],"author":[{"embeddable":true,"href":"https:\/\/jananews.cz\/index.php\/wp-json\/wp\/v2\/users\/1"}],"replies":[{"embeddable":true,"href":"https:\/\/jananews.cz\/index.php\/wp-json\/wp\/v2\/comments?post=689"}],"version-history":[{"count":1,"href":"https:\/\/jananews.cz\/index.php\/wp-json\/wp\/v2\/posts\/689\/revisions"}],"predecessor-version":[{"id":694,"href":"https:\/\/jananews.cz\/index.php\/wp-json\/wp\/v2\/posts\/689\/revisions\/694"}],"wp:featuredmedia":[{"embeddable":true,"href":"https:\/\/jananews.cz\/index.php\/wp-json\/wp\/v2\/media\/690"}],"wp:attachment":[{"href":"https:\/\/jananews.cz\/index.php\/wp-json\/wp\/v2\/media?parent=689"}],"wp:term":[{"taxonomy":"category","embeddable":true,"href":"https:\/\/jananews.cz\/index.php\/wp-json\/wp\/v2\/categories?post=689"},{"taxonomy":"post_tag","embeddable":true,"href":"https:\/\/jananews.cz\/index.php\/wp-json\/wp\/v2\/tags?post=689"}],"curies":[{"name":"wp","href":"https:\/\/api.w.org\/{rel}","templated":true}]}}