{"id":69,"date":"2016-03-07T22:08:38","date_gmt":"2016-03-07T21:08:38","guid":{"rendered":"http:\/\/www.jananews.cz\/WP\/index.php\/2016\/03\/07\/museum-montanelli-chysta-vystavu-substantia-nigra\/"},"modified":"2016-03-07T22:08:38","modified_gmt":"2016-03-07T21:08:38","slug":"museum-montanelli-chysta-vystavu-substantia-nigra","status":"publish","type":"post","link":"https:\/\/jananews.cz\/index.php\/2016\/03\/07\/museum-montanelli-chysta-vystavu-substantia-nigra\/","title":{"rendered":"Museum Montanelli chyst\u00e1 v\u00fdstavu Substantia Nigra"},"content":{"rendered":"<p>PRAHA &#8211; Erotika, v\u00e1\u0161e\u0148, kosmos. Obrazy v\u00fdznamn\u00e9ho n\u011bmeck\u00e9ho um\u011blce, mal\u00ed\u0159e a socha\u0159e Kaie Teicherta \u201eSubstantia nigra\u201c jsou v\u0161\u00edm, z \u010deho je stvo\u0159en univerz\u00e1ln\u00ed sv\u011bt. Od 23. b\u0159ezna do 22. \u010dervna je p\u0159edstav\u00ed Museum Montanelli v pra\u017esk\u00e9 Nerudov\u011b ulici.\u00a0Vernis\u00e1\u017e v\u00fdstavy Substantia Nigra se v Museu Montanelli uskute\u010dn\u00ed 22. b\u0159ezna od 18 hodin.\u00a0<\/p>\n<p>  <!--more-->  <\/p>\n<p>Nebe, peklo, v\u00e1\u0161e\u0148 i utrpen\u00ed&#8230;\u00a0Podv\u011bdom\u00ed je pramenem tvo\u0159iv\u00e9 inspirace, d\u00edlo produktem abstraktn\u00ed p\u0159edstavy zprvu re\u00e1ln\u00e9ho procesu \u010di paranorm\u00e1ln\u00edho pro\u017eitku.<\/p>\n<p>Um\u011blec naslouch\u00e1 citliv\u011b sv\u00e9 intuici a pomysln\u00fdm astrologick\u00fdm hodin\u00e1m, aby v hore\u010dnat\u00e9m okam\u017eiku ztv\u00e1rnil bytosti sv\u00e9ho paraleln\u00edho sv\u011bta. M\u011bs\u00ed\u010dn\u00ed f\u00e1ze jsou p\u0159i tom jeho pomocn\u00edkem, neklidn\u00e1 a nespoutan\u00e1 s\u00edla \u00fapl\u0148ku dod\u00e1v\u00e1 jeho tvorb\u011b spiritu\u00e1ln\u00ed dimenzi.<\/p>\n<p>Kai Teichert vytv\u00e1\u0159\u00ed vlastn\u00ed nezam\u011bnitelnou estetiku v realizaci kone\u010dn\u00e9ho d\u00edla. Da\u0159\u00ed se mu vdechnout anorganick\u00e9mu materi\u00e1lu \u017eivot a dokazuje, \u017ee v\u011b\u0159\u00ed sv\u00e9mu um\u011bleck\u00e9mu v\u00fdrazu, j\u00edm\u017e div\u00e1ka magicky vtahuje do d\u011bje. Prostory Musea Montanelli obohacuje o dal\u0161\u00ed velkoform\u00e1tov\u00e1 d\u00edla a p\u0159izp\u016fsobuje je architektu\u0159e v\u00fdstavn\u00edch s\u00edn\u00ed. \u00a0\u00a0<\/p>\n<p>V jedn\u00e9 z instalac\u00ed pou\u017e\u00edv\u00e1 d\u0159evo jako symbol stromu \u017eivota nebo jako symbol\u00a0univers\u00e1ln\u00edho k\u0159\u00ed\u017ee k\u0159es\u0165ansk\u00e9 tradice. Draka prom\u011b\u0148uje do podoby mu\u017esk\u00e9ho er\u00f3tu, na jeho\u017e \u0161pi\u010dce tan\u010d\u00ed nah\u00e1 \u017eena. V opulentn\u00ed zahrad\u011b rozko\u0161e nebude nikdo zat\u00ed\u017een smrteln\u00fdm h\u0159\u00edchem chl\u00edpnosti. Lidsk\u00e9 bytosti se zde chovaj\u00ed na prvn\u00ed pohled diskr\u00e9tn\u011b a obez\u0159etn\u011b, rafinovan\u011b se v zahrad\u011b l\u00e1sky maskuj\u00ed do \u00fakrytu strom\u016f, ke\u0159\u016f, v\u011btv\u00ed, list\u00ed, ko\u0159en\u016f a kv\u011btin. Tam, v rud\u00e9 zahrad\u011b, se miluj\u00ed a \u017eij\u00ed vlastn\u00ed touhou po samoz\u0159ejm\u00e9m, neru\u0161en\u00e9m napln\u011bn\u00ed slasti\u2026\u00a0<\/p>\n<p>Um\u011blec zde vyu\u017e\u00edv\u00e1 mnoha v\u00fdrazov\u00fdch forem, kter\u00e9 v minulosti sotva n\u011bkdo spat\u0159il, a chr\u00e1n\u00ed tak vlastn\u00ed sv\u011b\u0159ence v\u00e1\u0161n\u011b. V\u0161echny ty, kte\u0159\u00ed v nejr\u016fzn\u011bj\u0161\u00edch pozic\u00edch a form\u00e1ch milostn\u00fdch akt\u016f bizarn\u011b a mnohdy ne\u010dekan\u011b propleteni spl\u00fdvaj\u00ed s faunou, nebem a zem\u00ed. Proto\u017ee se jim da\u0159\u00ed dos\u00e1hnout tantrick\u00e9 spirituality, unikaj\u00ed zrak\u016fm nezasv\u011bcen\u00fdch vet\u0159elc\u016f a st\u00e1vaj\u00ed se nesmrteln\u00fdmi. Pro ty, kte\u0159\u00ed miluj\u00edc\u00edm nep\u0159ej\u00ed, z\u016fst\u00e1vaj\u00ed nav\u017edy utajeni v hlubin\u00e1ch tajupln\u00e9 fauny a fl\u00f3ry.<\/p>\n<p>Av\u0161ak ti, kte\u0159\u00ed n\u00e1poj l\u00e1sky ji\u017e ochutnali a neuzav\u0159eli sv\u00e1 srdce, rozpoznaj\u00ed sebe sama v milostn\u00e9m opojen\u00ed a svobod\u011b nekone\u010dn\u00e9ho prostoru. Barva rozko\u0161e je zde \u017eelezit\u00e1. Poch\u00e1z\u00ed z nitra mal\u00e9 oblasti na\u0161eho mozku zodpov\u011bdn\u00e9 za motorick\u00e9 funkce \u010dlov\u011bka a ozna\u010dovan\u00e9 jako nucleus ruber.\u00a0<\/p>\n<p>Zda je pr\u00e1v\u011b to d\u016fvodem, pro\u010d Kai Teichert svou zahradu l\u00e1sky pojmenoval \u201e\u010cerven\u00fdm h\u00e1jem\u201c, z\u016fst\u00e1v\u00e1 tajemstv\u00edm. Ale ka\u017ed\u00fd, kdo do n\u00ed vstoup\u00ed, pochop\u00ed, \u017ee tato halucinogenn\u00ed instalace pln\u00e1 tajupln\u00e9 erotiky je d\u00edlem velk\u00e9ho um\u011blce, kter\u00fd v n\u00e1s znovu probud\u00ed nad\u011bji ulo\u017eenou hluboko v na\u0161em nitru.\u00a0<\/p>\n<p>Museum Montanelli (Mumo) je jedn\u00edm z m\u00e1la soukrom\u00fdch muze\u00ed v\u00fdtvarn\u00e9ho um\u011bn\u00ed v \u010cesk\u00e9 republice. Sv\u00fdm interi\u00e9rem, prezentac\u00ed a p\u0159edev\u0161\u00edm v\u00fdstavn\u00edm programem si MuMo vybudovalo potenci\u00e1l, d\u00edky kter\u00e9mu se stalo centrem sou\u010dasn\u00e9ho um\u011bn\u00ed. Program t\u00e9to instituce se rozp\u00edn\u00e1 od prezentace sou\u010dasn\u00fdch \u010desk\u00fdch v\u00fdtvarn\u00edk\u016f p\u0159es v\u00fdznamn\u00e9 sv\u011btov\u00e9 um\u011blce a\u017e po autory za\u0159azovan\u00e9 pod pojem art brut.<\/p>\n<p>V\u00fdstava bude otev\u0159ena od 23. b\u0159ezna do 22. \u010dervna v dob\u011b: \u00fat-p\u00e1 14-18 h, so-ne 13-18 h<\/p>\n<p>Autorka textu: Kur\u00e1torka v\u00fdstavy Substantia Nigra Prof. Dr. Dadja Altenburg-Kohl<\/p>\n<p>Foto: archiv v\u00fdstavy<\/p>\n<p><img loading=\"lazy\" class=\" size-full wp-image-67\" src=\"https:\/\/jananews.cz\/wp-content\/uploads\/2016\/03\/substantia_nigra2.JPG\" alt=\"\" width=\"260\" height=\"260\" srcset=\"https:\/\/jananews.cz\/wp-content\/uploads\/2016\/03\/substantia_nigra2.JPG 480w, https:\/\/jananews.cz\/wp-content\/uploads\/2016\/03\/substantia_nigra2-300x300.jpg 300w, https:\/\/jananews.cz\/wp-content\/uploads\/2016\/03\/substantia_nigra2-150x150.jpg 150w, https:\/\/jananews.cz\/wp-content\/uploads\/2016\/03\/substantia_nigra2-100x100.jpg 100w\" sizes=\"(max-width: 260px) 100vw, 260px\" \/>\u00a0\u00a0<img loading=\"lazy\" class=\" size-full wp-image-68\" src=\"https:\/\/jananews.cz\/wp-content\/uploads\/2016\/03\/substantia_nigra1.JPG\" alt=\"\" width=\"260\" height=\"260\" srcset=\"https:\/\/jananews.cz\/wp-content\/uploads\/2016\/03\/substantia_nigra1.JPG 480w, https:\/\/jananews.cz\/wp-content\/uploads\/2016\/03\/substantia_nigra1-300x300.jpg 300w, https:\/\/jananews.cz\/wp-content\/uploads\/2016\/03\/substantia_nigra1-150x150.jpg 150w, https:\/\/jananews.cz\/wp-content\/uploads\/2016\/03\/substantia_nigra1-100x100.jpg 100w\" sizes=\"(max-width: 260px) 100vw, 260px\" \/><\/p>\n","protected":false},"excerpt":{"rendered":"<p>PRAHA &#8211; Erotika, v\u00e1\u0161e\u0148, kosmos. Obrazy v\u00fdznamn\u00e9ho n\u011bmeck\u00e9ho um\u011blce, mal\u00ed\u0159e a socha\u0159e Kaie Teicherta \u201eSubstantia nigra\u201c jsou v\u0161\u00edm, z \u010deho je stvo\u0159en univerz\u00e1ln\u00ed sv\u011bt. Od 23. b\u0159ezna do 22. \u010dervna je p\u0159edstav\u00ed Museum Montanelli v pra\u017esk\u00e9 Nerudov\u011b ulici.\u00a0Vernis\u00e1\u017e v\u00fdstavy Substantia Nigra se v Museu Montanelli uskute\u010dn\u00ed 22. b\u0159ezna od 18 hodin.\u00a0<\/p>\n","protected":false},"author":1,"featured_media":67,"comment_status":"open","ping_status":"open","sticky":false,"template":"","format":"standard","meta":[],"categories":[7],"tags":[],"_links":{"self":[{"href":"https:\/\/jananews.cz\/index.php\/wp-json\/wp\/v2\/posts\/69"}],"collection":[{"href":"https:\/\/jananews.cz\/index.php\/wp-json\/wp\/v2\/posts"}],"about":[{"href":"https:\/\/jananews.cz\/index.php\/wp-json\/wp\/v2\/types\/post"}],"author":[{"embeddable":true,"href":"https:\/\/jananews.cz\/index.php\/wp-json\/wp\/v2\/users\/1"}],"replies":[{"embeddable":true,"href":"https:\/\/jananews.cz\/index.php\/wp-json\/wp\/v2\/comments?post=69"}],"version-history":[{"count":0,"href":"https:\/\/jananews.cz\/index.php\/wp-json\/wp\/v2\/posts\/69\/revisions"}],"wp:featuredmedia":[{"embeddable":true,"href":"https:\/\/jananews.cz\/index.php\/wp-json\/wp\/v2\/media\/67"}],"wp:attachment":[{"href":"https:\/\/jananews.cz\/index.php\/wp-json\/wp\/v2\/media?parent=69"}],"wp:term":[{"taxonomy":"category","embeddable":true,"href":"https:\/\/jananews.cz\/index.php\/wp-json\/wp\/v2\/categories?post=69"},{"taxonomy":"post_tag","embeddable":true,"href":"https:\/\/jananews.cz\/index.php\/wp-json\/wp\/v2\/tags?post=69"}],"curies":[{"name":"wp","href":"https:\/\/api.w.org\/{rel}","templated":true}]}}