{"id":70,"date":"2016-03-07T22:35:20","date_gmt":"2016-03-07T21:35:20","guid":{"rendered":"http:\/\/www.jananews.cz\/WP\/index.php\/2016\/03\/07\/zajem-ceskych-firem-o-evropske-investice-trva\/"},"modified":"2020-08-19T22:22:51","modified_gmt":"2020-08-19T20:22:51","slug":"zajem-ceskych-firem-o-evropske-investice-trva","status":"publish","type":"post","link":"https:\/\/jananews.cz\/index.php\/2016\/03\/07\/zajem-ceskych-firem-o-evropske-investice-trva\/","title":{"rendered":"Z\u00e1jem \u010desk\u00fdch firem o evropsk\u00e9 investice trv\u00e1"},"content":{"rendered":"<p>PRAHA &#8211; V pra\u017esk\u00e9m pal\u00e1ci \u017dof\u00edn se 22. \u00fanora konala mezin\u00e1rodn\u00ed konference &#8222;Investi\u010dn\u00ed pl\u00e1n pro Evropu \u2013 n\u00e1stroj pro pos\u00edlen\u00ed hospod\u00e1\u0159sk\u00e9ho r\u016fstu&#8220;. Jej\u00edm c\u00edlem bylo zprost\u0159edkovat \u010desk\u00fdm podnikatel\u016fm, bank\u00e1m i startup\u016fm informace o rizikov\u00fdch investic\u00edch a p\u016fj\u010dk\u00e1ch poskytovan\u00fdch prost\u0159ednictv\u00edm Evropsk\u00e9 investi\u010dn\u00ed banky (EIB) z tzv. Investi\u010dn\u00edho pl\u00e1nu pro Evropu. V\u00edc ne\u017e t\u0159i stovky z\u00fa\u010dastn\u011bn\u00fdch jsou potvrzen\u00edm, \u017ee z\u00e1jem o tento typ investic garantovan\u00fdch rozpo\u010dtem EU v \u010cR je.<\/p>\n<p><!--more--><\/p>\n<p>Konference se z\u00fa\u010dastnili prezident EIB Werner Hoyer, m\u00edstop\u0159edseda vl\u00e1dy a ministr financ\u00ed \u010cR Andrej Babi\u0161, evropsk\u00e1 komisa\u0159ka V\u011bra Jourov\u00e1, guvern\u00e9r \u010cesk\u00e9 n\u00e1rodn\u00ed banky Miroslav Singer a prezident Hospod\u00e1\u0159sk\u00e9 komory \u010cR Vladim\u00edr Dlouh\u00fd. Z\u00e1znam z diskus\u00ed a program konference jsou k dispozici zde.<\/p>\n<p>&#8222;A\u010dkoliv ekonomika EU ji\u017e \u010dtvrt\u00fdm rokem m\u00edrn\u011b roste, ro\u010dn\u00ed m\u00edra investic je st\u00e1le p\u0159ibli\u017en\u011b o 300 miliard eur ni\u017e\u0161\u00ed ne\u017e p\u0159ed kriz\u00ed. I proto vznikl tzv. Investi\u010dn\u00ed pl\u00e1n pro Evropu. Jeho c\u00edlem je napumpovat do ekonomiky a\u017e 315 miliard eur b\u011bhem t\u0159\u00ed let. Financov\u00e1n\u00ed projekt\u016f, zejm\u00e9na v oblasti energetiky a dopravy, se ji\u017e v jin\u00fdch st\u00e1tech EU rozb\u011bhlo. V \u010cesk\u00e9 republice odstartovala iniciativa s podporou financov\u00e1n\u00ed mal\u00fdch a st\u0159edn\u00edch podnik\u016f. Aby mohl i \u010desk\u00fd byznys maxim\u00e1ln\u011b tuto p\u0159\u00edle\u017eitost vyu\u017e\u00edt, zorganizovali jsme tuto konferenci. Jsem tak\u00e9 r\u00e1da, \u017ee EIB dnes ofici\u00e1ln\u011b otev\u0159ela svou kancel\u00e1\u0159 v \u010cR a douf\u00e1m, \u017ee nov\u00e9 investice podpo\u0159\u00ed r\u016fst a vznik nov\u00fdch pracovn\u00edch m\u00edst,&#8220; \u0159ekla evropsk\u00e1 komisa\u0159ka pro spravedlnost, spot\u0159ebitele a rovnost \u017een a mu\u017e\u016f V\u011bra Jourov\u00e1, kter\u00e1 dnes konferenci jm\u00e9nem kolegia evropsk\u00fdch komisa\u0159\u016f zah\u00e1jila.<\/p>\n<p>&#8222;Juncker\u016fv investi\u010dn\u00ed bal\u00ed\u010dek m\u016f\u017ee p\u0159edstavovat jeden z pozitivn\u00edch impulz\u016f, jak rozh\u00fdbat evropskou ekonomiku. Tedy i pro n\u00e1s \u2013 \u010ceskou republiku &#8211; zn\u011bj\u00ed velmi aktu\u00e1ln\u011b a p\u0159ita\u017eliv\u011b oblasti, kam by cht\u011bla Evropsk\u00e1 komise investice nasm\u011b\u0159ovat, a\u0165 u\u017e jde o infrastrukturu (zejm\u00e9na dopravu), energetickou \u00fa\u010dinnost nebo vzd\u011bl\u00e1v\u00e1n\u00ed, v\u00fdzkum a v\u00fdvoj. Pova\u017euji dne\u0161n\u00ed konferenci za velice inspirativn\u00ed a douf\u00e1m, \u017ee akce tohoto druhu napom\u016f\u017ee dal\u0161\u00edmu rozvoji investic,\u201c uvedl prezident HK \u010cR Vladim\u00edr Dlouh\u00fd.<\/p>\n<p>Konferenci spoluorganizovalo Zastoupen\u00ed Evropsk\u00e9 komise v \u010cR a Hospod\u00e1\u0159sk\u00e1 komora \u010cR.<\/p>\n<p>V\u00edce informac\u00ed o Investi\u010dn\u00edm pl\u00e1nu pro Evropu je k dispozici na t\u011bchto webov\u00fdch str\u00e1nk\u00e1ch: http:\/\/ec.europa.eu\/priorities\/jobs-growth-and-investment\/investment-plan_cs<\/p>\n<p>Zdroj: <a href=\"http:\/\/www.evropska-unie.cz\">www.evropska-unie.cz<\/a><\/p>\n<p>(-jh-)<\/p>\n","protected":false},"excerpt":{"rendered":"<p>PRAHA &#8211; V pra\u017esk\u00e9m pal\u00e1ci \u017dof\u00edn se 22. \u00fanora konala mezin\u00e1rodn\u00ed konference &#8222;Investi\u010dn\u00ed pl\u00e1n pro Evropu \u2013 n\u00e1stroj pro pos\u00edlen\u00ed hospod\u00e1\u0159sk\u00e9ho r\u016fstu&#8220;. Jej\u00edm c\u00edlem bylo zprost\u0159edkovat \u010desk\u00fdm podnikatel\u016fm, bank\u00e1m i startup\u016fm informace o rizikov\u00fdch investic\u00edch a p\u016fj\u010dk\u00e1ch poskytovan\u00fdch prost\u0159ednictv\u00edm Evropsk\u00e9 investi\u010dn\u00ed banky (EIB) z tzv. Investi\u010dn\u00edho pl\u00e1nu pro Evropu. V\u00edc ne\u017e t\u0159i stovky z\u00fa\u010dastn\u011bn\u00fdch jsou<\/p>\n","protected":false},"author":1,"featured_media":537,"comment_status":"open","ping_status":"open","sticky":false,"template":"","format":"standard","meta":[],"categories":[18],"tags":[],"_links":{"self":[{"href":"https:\/\/jananews.cz\/index.php\/wp-json\/wp\/v2\/posts\/70"}],"collection":[{"href":"https:\/\/jananews.cz\/index.php\/wp-json\/wp\/v2\/posts"}],"about":[{"href":"https:\/\/jananews.cz\/index.php\/wp-json\/wp\/v2\/types\/post"}],"author":[{"embeddable":true,"href":"https:\/\/jananews.cz\/index.php\/wp-json\/wp\/v2\/users\/1"}],"replies":[{"embeddable":true,"href":"https:\/\/jananews.cz\/index.php\/wp-json\/wp\/v2\/comments?post=70"}],"version-history":[{"count":1,"href":"https:\/\/jananews.cz\/index.php\/wp-json\/wp\/v2\/posts\/70\/revisions"}],"predecessor-version":[{"id":547,"href":"https:\/\/jananews.cz\/index.php\/wp-json\/wp\/v2\/posts\/70\/revisions\/547"}],"wp:featuredmedia":[{"embeddable":true,"href":"https:\/\/jananews.cz\/index.php\/wp-json\/wp\/v2\/media\/537"}],"wp:attachment":[{"href":"https:\/\/jananews.cz\/index.php\/wp-json\/wp\/v2\/media?parent=70"}],"wp:term":[{"taxonomy":"category","embeddable":true,"href":"https:\/\/jananews.cz\/index.php\/wp-json\/wp\/v2\/categories?post=70"},{"taxonomy":"post_tag","embeddable":true,"href":"https:\/\/jananews.cz\/index.php\/wp-json\/wp\/v2\/tags?post=70"}],"curies":[{"name":"wp","href":"https:\/\/api.w.org\/{rel}","templated":true}]}}