{"id":72,"date":"2016-03-07T22:43:53","date_gmt":"2016-03-07T21:43:53","guid":{"rendered":"http:\/\/www.jananews.cz\/WP\/index.php\/2016\/03\/07\/dubrava-valasske-klobouky-tipy-na-prani-pradla\/"},"modified":"2016-03-07T22:43:53","modified_gmt":"2016-03-07T21:43:53","slug":"dubrava-valasske-klobouky-tipy-na-prani-pradla","status":"publish","type":"post","link":"https:\/\/jananews.cz\/index.php\/2016\/03\/07\/dubrava-valasske-klobouky-tipy-na-prani-pradla\/","title":{"rendered":"D\u016fbrava Vala\u0161sk\u00e9 Klobouky: tipy na pran\u00ed pr\u00e1dla"},"content":{"rendered":"<p>PRAHA\/VALA\u0160SK\u00c9 KLOBOUKY -M\u00e1te strach, aby va\u0161e miminko nedostalo ekz\u00e9m z prac\u00edho pr\u00e1\u0161ku? Vyzkou\u0161ejte prac\u00ed pr\u00e1\u0161ek Mimino na b\u00edl\u00e9 a st\u00e1lobarevn\u00e9 pr\u00e1dlo nebo Mimino color na barevn\u00e9 pr\u00e1dlo. Tento prac\u00ed pr\u00e1\u0161ek je ur\u010den na d\u011btskou a citlivou poko\u017eku, je jen m\u00edrn\u011b parfemovan\u00fd.<\/p>\n<p>  <!--more-->  <\/p>\n<p>Samoz\u0159ejm\u011b p\u0159i pou\u017eit\u00ed kter\u00e9hokoliv pr\u00e1\u0161ku je d\u016fle\u017eit\u00e9 v\u017edy pr\u00e1dlo dob\u0159e vym\u00e1chat &#8211; dne\u0161n\u00ed pra\u010dky toti\u017e v honb\u011b za \u00fasporami \u0161et\u0159\u00ed vodu, ale v\u00fdsledky test\u016f m\u00e1ch\u00e1n\u00ed b\u00fdvaj\u00ed dost nelichotiv\u00e9. V tomto p\u0159\u00edpad\u011b je d\u016fle\u017eit\u00e9 d\u00e1t p\u0159ednost zdrav\u00ed a tak doporu\u010dujeme nastavit dvoj\u00ed m\u00e1ch\u00e1n\u00ed a nepou\u017e\u00edvat aviv\u00e1\u017e. Oba prac\u00ed pr\u00e1\u0161ky, ur\u010den\u00e9 pro d\u011btskou a citlivou poko\u017eku, byly testov\u00e1ny v akreditovan\u00fdch zku\u0161ebn\u00edch laborato\u0159\u00edch. Jak je uvedeno v posudku St\u00e1tn\u00edho zdravotn\u00edho \u00fastavu, \u201eTato laboratorn\u00ed vy\u0161et\u0159en\u00ed proveden\u00e1 v souladu s pou\u017eit\u00edm v\u00fdrobk\u016f potvrzuj\u00ed zdravotn\u00ed nez\u00e1vadnost z hlediska chemick\u00e9ho i ko\u017en\u00ed dr\u00e1\u017edivosti. \u00a0Obsahuje l\u00e1tky s p\u0159\u00edznivou kompatibilitou pro citlivou poko\u017eku. V\u00fdrobky spl\u0148uj\u00ed z\u00e1kladn\u00ed po\u017eadavek na bezpe\u010dnost v\u00fdrobk\u016f z hlediska kontaktu s k\u016f\u017e\u00ed v souladu se z\u00e1konem.\u201c.<\/p>\n<p><strong>Zd\u00e1 se v\u00e1m, \u017ee v pr\u00e1dle vypran\u00e9m prac\u00edm pr\u00e1\u0161kem Mimino nez\u016fst\u00e1v\u00e1 intenzivn\u00ed v\u016fn\u011b?<\/strong> \u00a0<\/p>\n<p>M\u00e1te pravdu, a pova\u017eujte to za v\u00fdhodu. D\u00e1v\u00e1me v\u00e1m alternativu k r\u016fzn\u00fdm \u201ep\u0159evon\u011bn\u00fdm\u201c p\u0159\u00edpravk\u016fm. Dnes u\u017e se nesm\u011bj\u00ed pou\u017e\u00edvat parf\u00e9my, kter\u00e9 by mohly vyvol\u00e1vat alergie &#8211; n\u011bkdy je m\u00e9n\u011b v\u00edce. Mnohdy se st\u00e1v\u00e1, \u017ee v\u00fdrazn\u00fdch v\u016fn\u00ed, kter\u00fdmi se n\u011bkter\u00e9 p\u0159\u00edpravky vyzna\u010duj\u00ed, u\u017e m\u00e1me dost, a to zvl\u00e1\u0161t\u011b, kdy\u017e jedna p\u0159eb\u00edj\u00ed druhou. Pro\u010d nenab\u00eddnout variantu s pr\u00e1\u0161kem, kter\u00fd tak v\u00fdrazn\u011b nevon\u00ed, ale pokud z\u00e1kazn\u00edk preferuje v\u016fni, nen\u00ed probl\u00e9m, aby pr\u00e1\u0161ek pou\u017eil v kombinaci s tekut\u00fdm Miminem &#8211; prac\u00edm gelem s v\u00fdrazn\u011bj\u0161\u00ed, i kdy\u017e trochu odli\u0161nou v\u016fn\u00ed. Ano, u\u017e v\u00e1s sly\u0161\u00edm, ale v\u017edy\u0165 jsem u n\u00e1vodu k pra\u010dce \u010detla, \u017ee se nem\u00e1 tekut\u00fd a pr\u00e1\u0161kov\u00fd prac\u00ed prost\u0159edek kombinovat. Z vlastn\u00ed mnohalet\u00e9 zku\u0161enosti ale v\u00edm, \u017ee pokud p\u0159iliju do prac\u00edho bubnu v mal\u00e9m mno\u017estv\u00ed tekut\u00fd prost\u0159edek, nejl\u00e9pe p\u0159\u00edmo na v\u00edce zne\u010di\u0161t\u011bn\u00fd kousek od\u011bvu a pak p\u0159isypu sn\u00ed\u017eenou d\u00e1vku pr\u00e1\u0161ku, \u00fa\u010dinek je v\u00fdborn\u00fd. Zkombinuj\u00ed se mi v\u00fdhody gelu a \u010dist\u00edc\u00edch slo\u017eek v pr\u00e1\u0161ku. U na\u0161eho gelu Mimino doporu\u010duji ni\u017e\u0161\u00ed d\u00e1vkov\u00e1n\u00ed, sta\u010d\u00ed ho men\u0161\u00ed mno\u017estv\u00ed, proto\u017ee v\u00edce p\u011bn\u00ed. Je vhodn\u011bj\u0161\u00ed pro p\u0159ep\u00edr\u00e1n\u00ed, pr\u00e1\u0161ek pak pro v\u00edce \u0161pinav\u00e9 pr\u00e1dlo. V\u017edy je vhodn\u00e9 vyzkou\u0161et, co vyhovuje konkr\u00e9tn\u011b va\u0161im podm\u00ednk\u00e1m pran\u00ed (pr\u00e1dlo, pr\u00e1\u0161ek, tvrdost vody, prac\u00ed cyklus apod.).<\/p>\n<p>A je\u0161t\u011b jeden poznatek ze spole\u010dn\u00e9ho \u017eivota s \u010dlov\u011bkem trp\u00edc\u00edm alergi\u00ed. S \u00a0intenzivn\u00edmi v\u016fn\u011bmi mohou m\u00edt n\u011bkte\u0159\u00ed alergici probl\u00e9m, tzv. \u201eje to dus\u00ed\u201c, intenzivn\u00ed v\u016fn\u011b z\u0159ejm\u011b dr\u00e1\u017ed\u00ed d\u00fdchac\u00ed cesty nebo prost\u011b jen vyvol\u00e1v\u00e1 nep\u0159\u00edjemn\u00fd pocit p\u0159i nadechnut\u00ed. Tak\u017ee pro d\u011bti a osoby s podez\u0159en\u00edm na alergickou reakci jsou vhodn\u011bj\u0161\u00ed p\u0159\u00edpravky s minim\u00e1ln\u00ed nebo \u017e\u00e1dnou parfemac\u00ed. Tak\u00e9 mu\u017ei v\u011bt\u0161inou d\u00e1vaj\u00ed p\u0159ednost sv\u00e9 p\u00e1nsk\u00e9 kosmetice a v\u016fni, kterou si vybrali, a necht\u011bj\u00ed, aby jejich ko\u0161ile von\u011bla nap\u0159\u00edklad jarn\u00ed \u010di kv\u011btinovou v\u016fn\u00ed. Prac\u00ed pr\u00e1\u0161ek Mimino na b\u00edl\u00e9 a st\u00e1lobarevn\u00e9 pr\u00e1dlo a Mimino color na barevn\u00e9 pr\u00e1dlo jsou tou spr\u00e1vnou volbou nejen pro va\u0161e miminko, ale i pro v\u00e1s a va\u0161e bl\u00edzk\u00e9.<\/p>\n<p><strong>Maminky, tak\u00e9 neust\u00e1le \u0159e\u0161\u00edte, jak vyprat nejr\u016fzn\u011bj\u0161\u00ed skvrny z d\u011btsk\u00e9ho oble\u010den\u00ed?<\/strong><\/p>\n<p>Va\u0161e d\u011bti u\u017e zase p\u0159i\u0161ly zvenku se zelen\u00fdmi skvrnami od tr\u00e1vy na barevn\u00e9m oble\u010den\u00ed, na va\u0161ich obl\u00edben\u00fdch rifl\u00edch je skvrna od kdov\u00ed\u010deho nebo v\u00e1m n\u00e1v\u0161t\u011bva polila vy\u0161\u00edvan\u00fd ubrus po babi\u010dce \u010derven\u00fdm v\u00ednem a skvrna zaschla, proto\u017ee jste hned nemohli zas\u00e1hnout? Nic se ned\u011bje.\u00a0<\/p>\n<p>M\u00e1me pro v\u00e1s \u0159e\u0161en\u00ed. Zachr\u00e1n\u00edte to Pertilexem na skvrny a \u0161p\u00ednu ve spreji. Pokud chcete u\u0161et\u0159it, m\u016f\u017eete si koupit i n\u00e1hradn\u00ed n\u00e1pl\u0148 a obsah nal\u00edt do vlastn\u00edho rozpra\u0161ova\u010de, kter\u00fd v\u00e1m nejl\u00e9pe padne do ruky. Prost\u011b na skvrnu nast\u0159\u00edk\u00e1te p\u0159\u00edpravek Pertilex a ne\u017e nachyst\u00e1te ostatn\u00ed pr\u00e1dlo do pra\u010dky, nech\u00e1te chv\u00edli p\u016fsobit, pak p\u0159\u00edpadn\u011b k\u00e1pnete p\u0159\u00edmo na skvrnu v\u00e1\u0161 osv\u011bd\u010den\u00fd prac\u00ed gel (m\u016f\u017ee b\u00fdt zmi\u0148ovan\u00e9 tekut\u00e9 Mimino) a perete v pr\u00e1\u0161ku na barevn\u00e9 pr\u00e1dlo (Mimino color). \u00a0Pokud by n\u011bjak\u00e1 \u00faporn\u00e1 skvrna byla je\u0161t\u011b trochu zn\u00e1t, pak sta\u010d\u00ed v\u0161e zopakovat. Ale v\u011bt\u0161inou u\u017e ani nepozn\u00e1te, kde skvrna byla. Tento postup je vynikaj\u00edc\u00ed je i na skvrny od krve a od potravin. Pokud ale v\u00edte, \u017ee jde o mastnou skvrnu, je dobr\u00e9 na ni nejd\u0159\u00edve k\u00e1pnout odma\u0161\u0165ovac\u00ed prost\u0159edek (nap\u0159\u00edklad Brela na n\u00e1dob\u00ed) a pak u\u017e pokra\u010dovat v\u00fd\u0161e uveden\u00fdm postupem. Vyzkou\u0161ejte, doporu\u010dujeme z vlastn\u00ed zku\u0161enosti!<\/p>\n<p>Na skvrny u b\u00edl\u00e9ho a st\u00e1lobarevn\u00e9ho pr\u00e1dla pak m\u016f\u017eete tak\u00e9 pou\u017e\u00edt Pertilex v pr\u00e1\u0161ku, kter\u00fd pr\u00e1dlo vyb\u011bl\u00ed a tak\u00e9 rozjasn\u00ed. P\u0159id\u00e1te ho k prac\u00edmu pr\u00e1\u0161ku do pra\u010dky a vyperete sv\u00fdm obl\u00edben\u00fdm prac\u00edm cyklem. Osv\u011bd\u010den\u00fd je zvl\u00e1\u0161t\u011b p\u0159i pran\u00ed z\u00e1clon.\u00a0<\/p>\n<p><strong>A je\u0161t\u011b n\u011bkolik tip\u016f na ekologi\u010dt\u011bj\u0161\u00ed pran\u00ed\u00a0<\/strong><\/p>\n<p>(pou\u017eit\u00fd zdroj: \u010dasopis d-Test):<\/p>\n<p>&#8211; Nep\u0159edp\u00edrejte pr\u00e1dlo, u\u0161et\u0159\u00edte vodu, energii i prac\u00ed pr\u00e1\u0161ek. Siln\u011b za\u0161pin\u011bn\u00e9 pr\u00e1dlo p\u0159edem pouze namo\u010dte do vody s p\u0159id\u00e1n\u00edm klasick\u00e9 sody.<\/p>\n<p>&#8211; Dbejte na spr\u00e1vn\u00e9 d\u00e1vkov\u00e1n\u00ed. Nej\u00fasporn\u011bj\u0161\u00ed je d\u00e1vat prac\u00ed pr\u00e1\u0161ek p\u0159\u00edmo do bubnu pra\u010dky. Zkuste sn\u00ed\u017eit doporu\u010den\u00e9 d\u00e1vkov\u00e1n\u00ed t\u0159eba o 20 procent, v\u011bt\u0161ina v\u00fdrobc\u016f toti\u017e d\u00e1vkov\u00e1n\u00ed uv\u00e1d\u00ed pro siln\u011b za\u0161pin\u011bn\u00e9 pr\u00e1dlo. Vy\u0161\u0161\u00ed d\u00e1vky kvalitu vypr\u00e1n\u00ed v\u011bt\u0161inou nezlep\u0161\u00ed, zbyte\u010dn\u011b ale zat\u00ed\u017e\u00ed odpadn\u00ed vody.<\/p>\n<p>&#8211; Podobn\u011b pokud perete pr\u00e1dlo, na kter\u00e9m jsou skvrny, nepom\u016f\u017ee zv\u00fd\u0161it d\u00e1vku pr\u00e1\u0161ku. Zkuste nejd\u0159\u00edve odstranit skvrnu pomoc\u00ed p\u0159\u00edrodn\u00edch postup\u016f nebo vyu\u017eijte v\u00fd\u0161e uveden\u00fd postup.<\/p>\n<p>&#8211; Perte p\u0159i co nejni\u017e\u0161\u00ed teplot\u011b, pran\u00ed na 90 \u00b0C pou\u017e\u00edvejte jen v\u00fdjime\u010dn\u011b, na siln\u011b za\u0161pin\u011bn\u00e9 pr\u00e1dlo nebo pr\u00e1dlo nemocn\u00fdch a kojenc\u016f. P\u0159i pran\u00ed na 60\u00b0C u\u0161et\u0159\u00edte a\u017e 40 procent energie oproti pran\u00ed na 90\u00b0C.<\/p>\n<p>&#8211; Zva\u017ete pou\u017e\u00edv\u00e1n\u00ed aviv\u00e1\u017e\u00ed. Na vlastn\u00ed \u010distotu pr\u00e1dla nemaj\u00ed vliv, pouze ho zm\u011bk\u010duj\u00ed a provon\u00ed. Tohoto efektu doc\u00edl\u00edte t\u0159eba t\u00edm, \u017ee pr\u00e1dlo m\u00edsto v koupeln\u011b budete su\u0161it na balkon\u011b. Aviv\u00e1\u017ee zbyte\u010dn\u011b zat\u011b\u017euj\u00ed \u017eivotn\u00ed prost\u0159ed\u00ed, proto\u017ee jsou obt\u00ed\u017en\u011b biologicky odbourateln\u00e9 a ve vod\u011b se zcela nerozlo\u017e\u00ed.<\/p>\n<p>\u00a0<\/p>\n<p><strong>Jak spr\u00e1vn\u011b vybrat prac\u00ed prost\u0159edek<\/strong><\/p>\n<p><strong>V\u00fdhody pr\u00e1\u0161ku<\/strong><\/p>\n<p>Pokud m\u00e1te velmi zne\u010di\u0161t\u011bn\u00e9 pr\u00e1dlo a chcete jej co nejl\u00e9pe vyprat, potom je pr\u00e1\u0161ek lep\u0161\u00ed volbou.\u00a0Pr\u00e1\u0161ek vyu\u017eijte i v p\u0159\u00edpad\u011b, \u017ee chcete va\u0161e oble\u010den\u00ed udr\u017eet dokonale b\u00edl\u00e9 a r\u00e1di byste zamezili jeho ze\u0161ediv\u011bn\u00ed. Pr\u00e1\u0161ky toti\u017e obsahuj\u00ed b\u011blidla.<\/p>\n<p>P\u0159i pran\u00ed barevn\u00e9ho pr\u00e1dla je v\u0161ak t\u0159eba m\u00edt na pam\u011bti, \u017ee \u010d\u00edm v\u011bt\u0161\u00ed je prac\u00ed s\u00edla, t\u00edm h\u016f\u0159e odol\u00e1vaj\u00ed barvy na oble\u010den\u00ed. Zkr\u00e1tka pr\u00e1\u0161ek s b\u011blidly \u00fa\u010dinn\u011b vypere b\u00edlou ko\u0161ili, ale \u00a0pestrobarevn\u00e9mu triku prok\u00e1\u017ee &#8211; zejm\u00e9na p\u0159i dlouhodob\u00e9m pou\u017e\u00edv\u00e1n\u00ed &#8211; sp\u00ed\u0161e medv\u011bd\u00ed slu\u017ebu. Proto by se p\u0159i pran\u00ed barevn\u00fdch tkanin m\u011bly pou\u017e\u00edvat prost\u0159edky na barevn\u00e9 pr\u00e1dlo obsahuj\u00edc\u00edch p\u0159\u00edsady, kter\u00e9 napom\u00e1haj\u00ed udr\u017eovat st\u00e1lost barev.<\/p>\n<p><strong>Kdy zvolit tekut\u00fd prost\u0159edek<\/strong><\/p>\n<p>Pokud nechcete po\u0159izovat v\u00edce pr\u00e1\u0161k\u016f na pran\u00ed a tou\u017e\u00edte po univerz\u00e1ln\u00edm (na b\u00edl\u00e9 i barevn\u00e9), s\u00e1hn\u011bte po prac\u00edm gelu. Tekut\u00e9 prost\u0159edky v\u00e1m v tomto ohledu vyjdou vst\u0159\u00edc. V\u011bt\u0161inou sice tak\u00e9 obsahuj\u00ed optick\u00e9 zjas\u0148ova\u010de, ale sou\u010dasn\u011b i p\u0159\u00edsady, kter\u00e9 st\u00e1lost barev pom\u00e1haj\u00ed udr\u017eet. Pou\u017e\u00edv\u00e1n\u00edm gelu sice neztrat\u00edte syt\u00e9 barvy, ani v\u011bt\u0161\u00ed za\u0161pin\u011bn\u00ed v\u0161ak nezmiz\u00ed. Pokud pou\u017e\u00edv\u00e1te tekut\u00fd prac\u00ed prost\u0159edek na pot\u0159\u00edsn\u011bn\u00e9 barevn\u00e9 oble\u010den\u00ed, doporu\u010dujeme p\u0159ed samotn\u00fdm pran\u00edm l\u00e1tku se skvrnou o\u010distit nejd\u0159\u00edve m\u00fddlem, odstra\u0148ova\u010dem skvrn nebo nal\u00edt prac\u00ed prost\u0159edek p\u0159\u00edmo na ni.<\/p>\n<p>\u00a0<\/p>\n<p><strong>P\u0159\u00edtomnost alergen\u016f<\/strong><\/p>\n<p>Testy ukazuj\u00ed, \u017ee valn\u00e1 v\u011bt\u0161ina tekut\u00fdch pr\u00e1\u0161k\u016f obsahuje celkem velk\u00e9 mno\u017estv\u00ed alergenn\u00edch l\u00e1tek. Bohu\u017eel pr\u00e1v\u011b tyto l\u00e1tky v podstat\u011b v\u016fbec neslou\u017e\u00ed ke zlep\u0161en\u00ed prac\u00edho \u00fa\u010dinku, ale jen jako aromatick\u00e9 prost\u0159edky.<\/p>\n<p><strong>Mimino &#8211; prac\u00ed prost\u0159edek na pran\u00ed b\u00edl\u00e9ho a st\u00e1lobarevn\u00e9ho pr\u00e1dla<\/strong> p\u0159i teplot\u00e1ch od 40\u00b0C do 90\u00b0C ve v\u0161ech typech pra\u010dek. Je vhodn\u00fd pro v\u0161echny druhy tkanin krom\u011b vlny a p\u0159\u00edrodn\u00edho hedv\u00e1b\u00ed. Slo\u017een\u00edm a jemnou parfemac\u00ed je vhodn\u00fd na d\u011btsk\u00e9 pr\u00e1dlo a na citlivou poko\u017eku. Vyr\u00e1b\u00ed se od roku 1994, tedy v\u00edce ne\u017e 20 let. B\u011bhem t\u00e9 doby byla receptura vylep\u0161ena a p\u0159izp\u016fsobena tak, aby v\u017edy vyhovovala z\u00e1konn\u00fdm norm\u00e1m a po\u017eadavk\u016fm na zdravotn\u00ed nez\u00e1vadnost p\u0159i zachov\u00e1n\u00ed \u00fa\u010dinnosti pran\u00ed.<\/p>\n<p><strong>Mimino color \u2013 pr\u00e1\u0161kov\u00fd prac\u00ed prost\u0159edek,<\/strong> kter\u00fd obsahuje p\u0159\u00edsady napom\u00e1haj\u00edc\u00ed udr\u017eet st\u00e1lost barev.<\/p>\n<p>Je ur\u010den\u00fd p\u0159edev\u0161\u00edm pro pran\u00ed barevn\u00fdch tkanin (krom\u011b vlny), kter\u00e9 jsou kombinov\u00e1ny s b\u00edl\u00fdmi partiemi, v rozsahu teplot od 30\u00ba do 60 \u00baC, ve v\u0161ech typech pra\u010dek. Roz\u0161\u00ed\u0159en\u00e9 pou\u017e\u00edv\u00e1n\u00ed v\u00fdrazn\u011bj\u0161\u00edch barev na d\u011btsk\u00e9m oble\u010den\u00ed vyvolalo pot\u0159ebu vyvinout tak\u00e9 variantu pr\u00e1\u0161ku, kter\u00fd by zachov\u00e1val barvy i p\u0159i \u010dast\u00e9m pran\u00ed. Za\u010dal se vyr\u00e1b\u011bt o t\u0159i roky pozd\u011bji ne\u017e klasick\u00e9 Mimino.<\/p>\n<p><strong>Mimino prac\u00ed gel<\/strong> \u2013 tekut\u00fd prac\u00ed prost\u0159edek na b\u00edl\u00e9 i barevn\u00e9 pr\u00e1dlo. Pronik\u00e1 hluboko do vl\u00e1ken od\u011bv\u016f a tak \u00fa\u010dinn\u011b odstra\u0148uje ne\u010distoty. \u00a0Jeho prodej zapo\u010dal v roce 2010.<\/p>\n<p><a href=\"http:\/\/www.dubrava.cz\">www.dubrava.cz<\/a>\u00a0\u00a0<\/p>\n<p>Text: Ing. \u0160t\u011bp\u00e1nka Toma\u0161t\u00edkov\u00e1<\/p>\n<p>Foto: D\u016fbrava<\/p>\n<p>\u00a0<\/p>\n<p><img loading=\"lazy\" class=\" size-full wp-image-71\" src=\"https:\/\/jananews.cz\/wp-content\/uploads\/2016\/03\/dubrava_mimino.jpg\" alt=\"\" width=\"397\" height=\"480\" srcset=\"https:\/\/jananews.cz\/wp-content\/uploads\/2016\/03\/dubrava_mimino.jpg 397w, https:\/\/jananews.cz\/wp-content\/uploads\/2016\/03\/dubrava_mimino-248x300.jpg 248w\" sizes=\"(max-width: 397px) 100vw, 397px\" \/><\/p>\n<p>\u00a0<\/p>\n","protected":false},"excerpt":{"rendered":"<p>PRAHA\/VALA\u0160SK\u00c9 KLOBOUKY -M\u00e1te strach, aby va\u0161e miminko nedostalo ekz\u00e9m z prac\u00edho pr\u00e1\u0161ku? Vyzkou\u0161ejte prac\u00ed pr\u00e1\u0161ek Mimino na b\u00edl\u00e9 a st\u00e1lobarevn\u00e9 pr\u00e1dlo nebo Mimino color na barevn\u00e9 pr\u00e1dlo. Tento prac\u00ed pr\u00e1\u0161ek je ur\u010den na d\u011btskou a citlivou poko\u017eku, je jen m\u00edrn\u011b parfemovan\u00fd.<\/p>\n","protected":false},"author":1,"featured_media":71,"comment_status":"open","ping_status":"open","sticky":false,"template":"","format":"standard","meta":[],"categories":[19],"tags":[],"_links":{"self":[{"href":"https:\/\/jananews.cz\/index.php\/wp-json\/wp\/v2\/posts\/72"}],"collection":[{"href":"https:\/\/jananews.cz\/index.php\/wp-json\/wp\/v2\/posts"}],"about":[{"href":"https:\/\/jananews.cz\/index.php\/wp-json\/wp\/v2\/types\/post"}],"author":[{"embeddable":true,"href":"https:\/\/jananews.cz\/index.php\/wp-json\/wp\/v2\/users\/1"}],"replies":[{"embeddable":true,"href":"https:\/\/jananews.cz\/index.php\/wp-json\/wp\/v2\/comments?post=72"}],"version-history":[{"count":0,"href":"https:\/\/jananews.cz\/index.php\/wp-json\/wp\/v2\/posts\/72\/revisions"}],"wp:featuredmedia":[{"embeddable":true,"href":"https:\/\/jananews.cz\/index.php\/wp-json\/wp\/v2\/media\/71"}],"wp:attachment":[{"href":"https:\/\/jananews.cz\/index.php\/wp-json\/wp\/v2\/media?parent=72"}],"wp:term":[{"taxonomy":"category","embeddable":true,"href":"https:\/\/jananews.cz\/index.php\/wp-json\/wp\/v2\/categories?post=72"},{"taxonomy":"post_tag","embeddable":true,"href":"https:\/\/jananews.cz\/index.php\/wp-json\/wp\/v2\/tags?post=72"}],"curies":[{"name":"wp","href":"https:\/\/api.w.org\/{rel}","templated":true}]}}