{"id":738,"date":"2022-01-24T19:44:17","date_gmt":"2022-01-24T18:44:17","guid":{"rendered":"https:\/\/www.jananews.cz\/WP\/?p=738"},"modified":"2022-01-24T19:44:17","modified_gmt":"2022-01-24T18:44:17","slug":"velky-navrat-legendarni-skupiny-elan-do-opusu","status":"publish","type":"post","link":"https:\/\/jananews.cz\/index.php\/2022\/01\/24\/velky-navrat-legendarni-skupiny-elan-do-opusu\/","title":{"rendered":"Velk\u00fd n\u00e1vrat legend\u00e1rn\u00ed skupiny EL\u00c1N do Opusu!"},"content":{"rendered":"<p>PRAHA\/BRATISLAVA &#8211; Skupina El\u00e1n se po t\u0159iceti letech vrac\u00ed nazp\u011bt do sv\u00e9ho mate\u0159sk\u00e9ho vydavatelstv\u00ed Opus, pro kter\u00e9 nahr\u00e1la svoje nej\u00fasp\u011b\u0161n\u011bj\u0161\u00ed alba. P\u0159edstavitel\u00e9 Opusu Vladim\u00edr Ko\u010dandrle a J\u00falius Kin\u010dek podepsali p\u0159\u00edslu\u0161n\u00e9 smlouvy se z\u00e1stupci skupiny Jo\u017eo R\u00e1\u017eem, Va\u0161o Patejdlem a J\u00e1nem Bal\u00e1\u017eem a se spole\u010dnost\u00ed Musica.<\/p>\n<p>El\u00e1n se stal v 80. letech 20. stolet\u00ed nejv\u00fdrazn\u011bj\u0161\u00edm symbolem tzv. velk\u00e9 \u00e9ry slovensk\u00e9 modern\u00ed popul\u00e1rn\u00ed hudby. LP desky, kter\u00e9 nahr\u00e1val pro Opus, dosahovaly stotis\u00edcov\u00e9 prodeje, a jeho album Detekt\u00edvka se stalo podle dostupn\u00fdch informac\u00ed nejprod\u00e1van\u011bj\u0161\u00edm titulem v historii slovensk\u00e9ho i \u010desk\u00e9ho nahr\u00e1vac\u00edho pr\u016fmyslu. Na za\u010d\u00e1tku 90. let odkoupila od Opusu katalog nahr\u00e1vek skupiny El\u00e1n rakousk\u00e1 spole\u010dnost Musica a sv\u011b\u0159ila ho do spr\u00e1vy svoj\u00ed slovensk\u00e9 pobo\u010dce. No a dnes se tento katalog i s dal\u0161\u00edmi nahr\u00e1vkami, kter\u00e9 El\u00e1n realizoval pro Musicu, vrac\u00ed zp\u011bt do Opusu. Jedn\u00e1 se o dvan\u00e1ct alb ve sloven\u0161tin\u011b a v angli\u010dtin\u011b obsahuj\u00edc\u00edch v\u00edce ne\u017e 200 p\u00edsn\u00ed v\u010detn\u011b nahr\u00e1vek, kter\u00e9 vy\u0161ly na singlov\u00fdch SP desk\u00e1ch.<\/p>\n<p>\u0158editel Opusu J\u00falius Kin\u010dek ud\u00e1lost okomentoval slovy: \u201eOpus se stal v letech 2019 \u010dlenem nadn\u00e1rodn\u00ed skupiny Warner Music Group, s n\u00ed\u017e u\u017e p\u0159edt\u00edm spolupracoval. Z\u00edskal tak v\u00fdznamnou logistickou podporu od sv\u011btov\u00e9ho hr\u00e1\u010de, a to zejm\u00e9na v oblasti distribuce a prodeje hudby tradi\u010dn\u00edmi zp\u016fsoby na fyzick\u00fdch nosi\u010d\u00edch i modern\u00edmi zp\u016fsoby v digit\u00e1ln\u00edm prost\u0159ed\u00ed. To se okam\u017eit\u011b projevilo na hospod\u00e1\u0159sk\u00fdch v\u00fdsledc\u00edch. No a El\u00e1n nyn\u00ed z\u00edsk\u00e1 v\u0161echny benefity tohoto partnerstv\u00ed.\u201c P\u0159edseda p\u0159edstavenstva Vladim\u00edr Ko\u010dandrle dodal: \u201eTuto akvizici pova\u017eujeme za velmi v\u00fdznamnou a sv\u00fdm zp\u016fsobem historickou. El\u00e1n se vr\u00e1til tam, kde za\u010d\u00ednal, a z na\u0161\u00ed strany se mu dostane maxim\u00e1ln\u00ed mo\u017en\u00e9 podpory. Cel\u00e9 je to nav\u00edc umocn\u011bn\u00e9 na\u0161imi p\u0159\u00e1telsk\u00fdmi vztahy se \u010dleny skupiny, \u010deho\u017e si velmi v\u00e1\u017e\u00edme.\u201c Jo\u017eo R\u00e1\u017e k tomu lakonicky doplnil: \u201eVelc\u00ed hr\u00e1\u010di k sob\u011b pat\u0159\u00ed\u2026\u201c<\/p>\n<p>Zdroj: Warnermusic<\/p>\n<p>Marcela Ko\u010dandrlov\u00e1<\/p>\n","protected":false},"excerpt":{"rendered":"<p>PRAHA\/BRATISLAVA &#8211; Skupina El\u00e1n se po t\u0159iceti letech vrac\u00ed nazp\u011bt do sv\u00e9ho mate\u0159sk\u00e9ho vydavatelstv\u00ed Opus, pro kter\u00e9 nahr\u00e1la svoje nej\u00fasp\u011b\u0161n\u011bj\u0161\u00ed alba. P\u0159edstavitel\u00e9 Opusu Vladim\u00edr Ko\u010dandrle a J\u00falius Kin\u010dek podepsali p\u0159\u00edslu\u0161n\u00e9 smlouvy se z\u00e1stupci skupiny Jo\u017eo R\u00e1\u017eem, Va\u0161o Patejdlem a J\u00e1nem Bal\u00e1\u017eem a se spole\u010dnost\u00ed Musica. El\u00e1n se stal v 80. letech 20. stolet\u00ed nejv\u00fdrazn\u011bj\u0161\u00edm symbolem<\/p>\n","protected":false},"author":1,"featured_media":739,"comment_status":"closed","ping_status":"open","sticky":false,"template":"","format":"standard","meta":[],"categories":[7],"tags":[],"_links":{"self":[{"href":"https:\/\/jananews.cz\/index.php\/wp-json\/wp\/v2\/posts\/738"}],"collection":[{"href":"https:\/\/jananews.cz\/index.php\/wp-json\/wp\/v2\/posts"}],"about":[{"href":"https:\/\/jananews.cz\/index.php\/wp-json\/wp\/v2\/types\/post"}],"author":[{"embeddable":true,"href":"https:\/\/jananews.cz\/index.php\/wp-json\/wp\/v2\/users\/1"}],"replies":[{"embeddable":true,"href":"https:\/\/jananews.cz\/index.php\/wp-json\/wp\/v2\/comments?post=738"}],"version-history":[{"count":1,"href":"https:\/\/jananews.cz\/index.php\/wp-json\/wp\/v2\/posts\/738\/revisions"}],"predecessor-version":[{"id":740,"href":"https:\/\/jananews.cz\/index.php\/wp-json\/wp\/v2\/posts\/738\/revisions\/740"}],"wp:featuredmedia":[{"embeddable":true,"href":"https:\/\/jananews.cz\/index.php\/wp-json\/wp\/v2\/media\/739"}],"wp:attachment":[{"href":"https:\/\/jananews.cz\/index.php\/wp-json\/wp\/v2\/media?parent=738"}],"wp:term":[{"taxonomy":"category","embeddable":true,"href":"https:\/\/jananews.cz\/index.php\/wp-json\/wp\/v2\/categories?post=738"},{"taxonomy":"post_tag","embeddable":true,"href":"https:\/\/jananews.cz\/index.php\/wp-json\/wp\/v2\/tags?post=738"}],"curies":[{"name":"wp","href":"https:\/\/api.w.org\/{rel}","templated":true}]}}