{"id":75,"date":"2016-03-13T13:10:07","date_gmt":"2016-03-13T12:10:07","guid":{"rendered":"http:\/\/www.jananews.cz\/WP\/index.php\/2016\/03\/13\/divadlo-pod-palmovkou-namesicna-komedie-aneb-kankan-u-stareho-mladence\/"},"modified":"2016-03-13T13:10:07","modified_gmt":"2016-03-13T12:10:07","slug":"divadlo-pod-palmovkou-namesicna-komedie-aneb-kankan-u-stareho-mladence","status":"publish","type":"post","link":"https:\/\/jananews.cz\/index.php\/2016\/03\/13\/divadlo-pod-palmovkou-namesicna-komedie-aneb-kankan-u-stareho-mladence\/","title":{"rendered":"Divadlo pod Palmovkou: N\u00e1m\u011bs\u00ed\u010dn\u00e1 komedie aneb Kank\u00e1n u star\u00e9ho ml\u00e1dence"},"content":{"rendered":"<p>PRAHA &#8211; Pra\u017esk\u00e9 Divadlo pod Palmovkou uvedla v sobotu 12. b\u0159ezna sedmou premi\u00e9ru leto\u0161n\u00ed sez\u00f3ny. Hru Seana O\u00b4Caseyho N\u00e1m\u011bs\u00ed\u010dn\u00e1 komedie aneb Kank\u00e1n u star\u00e9ho ml\u00e1dence nastudoval re\u017eis\u00e9r Nikolaj Penev. V hlavn\u00edch rol\u00edch hraj\u00ed Jan Hu\u0161ek, Lenka Langov\u00e1, Marcela Noh\u00fdnkov\u00e1 a Radek Valenta.<\/p>\n<p>  <!--more-->  <\/p>\n<p>N\u00e1m\u011bs\u00ed\u010dn\u00e1 komedie aneb Kank\u00e1n u star\u00e9ho ml\u00e1dence, p\u016fvodn\u00edm n\u00e1zvem The Bedtime Story, vznikla podle kr\u00e1tk\u00e9 pov\u00eddky Seana O\u00b4Caseyho z roku 1933 nazvan\u00e9 Chci \u017eenskou (I Wanna Woman). P\u016fvodn\u011b byla ur\u010dena pro tehdy v\u00fdznamn\u00fd feministick\u00fd, liter\u00e1rn\u00ed a politick\u00fd t\u00fdden\u00edk Time and Tide. V pades\u00e1t\u00fdch letech autor pov\u00eddku p\u0159epracoval a p\u0159evedl do podoby sv\u00e9r\u00e1zn\u00e9 jednoaktov\u00e9 divadeln\u00ed fra\u0161ky s groteskn\u00edmi prvky.<\/p>\n<p>P\u0159\u00edb\u011bhov\u00e1 linka O\u00b4Caseyho N\u00e1m\u011bs\u00ed\u010dn\u00e9 komedie byla autorem zasazena do Dublinu po\u010d\u00e1tku t\u0159ic\u00e1t\u00fdch let minul\u00e9ho stolet\u00ed a je velmi jednoduch\u00e1: op\u00edr\u00e1 se o jednu barvitou, vynikaj\u00edc\u00edm zp\u016fsobem uchopenou a rozvinutou situaci. Nemajetn\u00fd svobodn\u00fd ml\u00e1denec John Jo Mulligan pozve do pronajat\u00e9ho bytu v penzionu st\u0159e\u017een\u00e9m p\u0159\u00edsnou sle\u010dnou Mossieovou d\u00edvku Angelu, se kterou pro\u017eije divokou noc plnou v\u00e1\u0161n\u011b. Ve chv\u00edli, kdy m\u00e1 brzy r\u00e1no Angela byt diskr\u00e9tn\u011b opustit, se v\u0161ak v\u0161e ne\u010dekan\u011b zkomplikuje a vyvine v s\u00e9rii a\u017e neuv\u011b\u0159iteln\u011b bizarn\u00edch situac\u00ed na t\u00e9ma \u201ejak dostat \u017eenu v\u010das z postele\u201c a spolu s t\u00edm i v komedi\u00e1ln\u00ed a v mnoh\u00e9m modelov\u00fd souboj mu\u017esk\u00e9ho a \u017eensk\u00e9ho pohlav\u00ed, ve kter\u00e9m m\u00e1 zd\u00e1nliv\u011b iracion\u00e1ln\u011b a bezstarostn\u011b se chovaj\u00edc\u00ed \u017eena nad mu\u017eem fat\u00e1ln\u011b navrch a John Jo trp\u00edc\u00ed v\u00fd\u010ditkami a nucen\u00fd okolnostmi \u201ehr\u00e1t o \u010das\u201c i vlastn\u00ed \u010dest nakonec prohr\u00e1v\u00e1.<\/p>\n<p>\u201eDobr\u00e1 komedie je v\u017edycky zalo\u017een\u00e1 na paradoxu, na neobvykl\u00e9m vid\u011bn\u00ed d\u016fv\u011brn\u011b zn\u00e1m\u00fdch v\u011bc\u00ed a ud\u00e1lost\u00ed. Hrdinovi N\u00e1m\u011bs\u00ed\u010dn\u00e9 komedie se stalo n\u011bco, co je vlastn\u011b \u00fapln\u011b norm\u00e1ln\u00ed, proto\u017ee vz\u00edt si d\u011bv\u010de v noci na staroml\u00e1deneck\u00fd pokoj je jedna z nejnorm\u00e1ln\u011bj\u0161\u00edch, nejradostn\u011bj\u0161\u00edch a nejp\u0159irozen\u011bj\u0161\u00edch v\u011bc\u00ed, kter\u00e9 v\u016fbec existuj\u00ed,\u201c \u0159\u00edk\u00e1 re\u017eis\u00e9r inscenace Nikolaj Penev.<\/p>\n<p>Po N\u00e1m\u011bs\u00ed\u010dn\u00e9 komedii odehraj\u00ed v Divadle pod Palmovkou tak\u00e9 osmou leto\u0161n\u00ed premi\u00e9ru &#8211; Shakespear\u016fv Ve\u010der t\u0159\u00edkr\u00e1lov\u00fd v re\u017eii Ivana Krej\u010d\u00edho. V kv\u011btnu uvede divadlo v obnoven\u00e9 premi\u00e9\u0159e Krvavou svatbu od Federica Garc\u00edi Lorcy v re\u017eii Michala Langa.<\/p>\n<p>Text: Michaela Roz\u0161afn\u00e1<\/p>\n<p>Foto: <a href=\"http:\/\/www.2media.cz\">www.2media.cz<\/a><\/p>\n<p><img loading=\"lazy\" class=\" size-full wp-image-74\" src=\"https:\/\/jananews.cz\/wp-content\/uploads\/2016\/03\/namesicna_komedie.jpg\" alt=\"\" width=\"252\" height=\"332\" srcset=\"https:\/\/jananews.cz\/wp-content\/uploads\/2016\/03\/namesicna_komedie.jpg 364w, https:\/\/jananews.cz\/wp-content\/uploads\/2016\/03\/namesicna_komedie-228x300.jpg 228w\" sizes=\"(max-width: 252px) 100vw, 252px\" \/><\/p>\n","protected":false},"excerpt":{"rendered":"<p>PRAHA &#8211; Pra\u017esk\u00e9 Divadlo pod Palmovkou uvedla v sobotu 12. b\u0159ezna sedmou premi\u00e9ru leto\u0161n\u00ed sez\u00f3ny. Hru Seana O\u00b4Caseyho N\u00e1m\u011bs\u00ed\u010dn\u00e1 komedie aneb Kank\u00e1n u star\u00e9ho ml\u00e1dence nastudoval re\u017eis\u00e9r Nikolaj Penev. V hlavn\u00edch rol\u00edch hraj\u00ed Jan Hu\u0161ek, Lenka Langov\u00e1, Marcela Noh\u00fdnkov\u00e1 a Radek Valenta.<\/p>\n","protected":false},"author":1,"featured_media":74,"comment_status":"open","ping_status":"open","sticky":false,"template":"","format":"standard","meta":[],"categories":[7],"tags":[],"_links":{"self":[{"href":"https:\/\/jananews.cz\/index.php\/wp-json\/wp\/v2\/posts\/75"}],"collection":[{"href":"https:\/\/jananews.cz\/index.php\/wp-json\/wp\/v2\/posts"}],"about":[{"href":"https:\/\/jananews.cz\/index.php\/wp-json\/wp\/v2\/types\/post"}],"author":[{"embeddable":true,"href":"https:\/\/jananews.cz\/index.php\/wp-json\/wp\/v2\/users\/1"}],"replies":[{"embeddable":true,"href":"https:\/\/jananews.cz\/index.php\/wp-json\/wp\/v2\/comments?post=75"}],"version-history":[{"count":0,"href":"https:\/\/jananews.cz\/index.php\/wp-json\/wp\/v2\/posts\/75\/revisions"}],"wp:featuredmedia":[{"embeddable":true,"href":"https:\/\/jananews.cz\/index.php\/wp-json\/wp\/v2\/media\/74"}],"wp:attachment":[{"href":"https:\/\/jananews.cz\/index.php\/wp-json\/wp\/v2\/media?parent=75"}],"wp:term":[{"taxonomy":"category","embeddable":true,"href":"https:\/\/jananews.cz\/index.php\/wp-json\/wp\/v2\/categories?post=75"},{"taxonomy":"post_tag","embeddable":true,"href":"https:\/\/jananews.cz\/index.php\/wp-json\/wp\/v2\/tags?post=75"}],"curies":[{"name":"wp","href":"https:\/\/api.w.org\/{rel}","templated":true}]}}