{"id":76,"date":"2016-03-14T15:52:48","date_gmt":"2016-03-14T14:52:48","guid":{"rendered":"http:\/\/www.jananews.cz\/WP\/index.php\/2016\/03\/14\/v-brne-zahajuje-tyden-vytvarne-kultury\/"},"modified":"2020-08-16T22:32:05","modified_gmt":"2020-08-16T20:32:05","slug":"v-brne-zahajuje-tyden-vytvarne-kultury","status":"publish","type":"post","link":"https:\/\/jananews.cz\/index.php\/2016\/03\/14\/v-brne-zahajuje-tyden-vytvarne-kultury\/","title":{"rendered":"V Brn\u011b zahajuje T\u00fdden v\u00fdtvarn\u00e9 kultury"},"content":{"rendered":"<p>BRNO\u00a0&#8211; Ji\u017e sedm\u00fd ro\u010dn\u00edk T\u00fddne v\u00fdtvarn\u00e9 kultury (TVK) v pond\u011bl\u00ed 14. b\u0159ezna zahajuje v Brn\u011b. P\u0159edn\u00ed brn\u011bnsk\u00e1 muzea, galerie i dal\u0161\u00ed kulturn\u00ed instituce nab\u00eddnou a\u017e do ned\u011ble propojen\u00ed vizu\u00e1ln\u00edho a slovesn\u00e9ho vyj\u00e1d\u0159en\u00ed, mottem leto\u0161n\u00edho ro\u010dn\u00edku je toti\u017e t\u00e9ma \u201cNapi\u0161 obraz\u201d.<\/p>\n<p><!--more--><\/p>\n<p>\u017de se milovn\u00edci um\u011bn\u00ed maj\u00ed opravdu na co t\u011b\u0161it, potvrzuj\u00ed slova jedn\u00e9 ze spoluorganiz\u00e1torek Ireny Rodriguez To\u010d\u00edkov\u00e9. C\u00edlem TVK je podle n\u00ed snaha p\u0159edstavit v\u00fdtvarn\u00e9 um\u011bn\u00ed \u0161irok\u00e9 ve\u0159ejnosti prost\u0159ednictv\u00edm poutav\u00fdch p\u0159edn\u00e1\u0161ek, diskuz\u00ed a nev\u0161edn\u00edch workshop\u016f.<\/p>\n<p>\u201cNezam\u011b\u0159ujeme se jen na galerie, ale vyr\u00e1\u017e\u00edme i do ulic.Letos nap\u0159\u00edklad v duchu t\u00e9matu uspo\u0159\u00e1d\u00e1me proch\u00e1zku, na kter\u00e9 budeme p\u00e1trat po brn\u011bnsk\u00e9m street artu,\u201d \u0159\u00edk\u00e1 Rodriguez To\u010d\u00edkov\u00e1.<\/p>\n<p>Na programu budou mimo jin\u00e9 komentovan\u00e9 prohl\u00eddky nov\u00e9 st\u00e1l\u00e9 expozice Moravsk\u00e9 galerie v Brn\u011b nazvan\u00e9 ART IS HERE, jej\u00ed\u017e osu tvo\u0159\u00ed sb\u00edrka um\u011blce, teoretika um\u011bn\u00ed a kur\u00e1tora Ji\u0159\u00edho Valocha. D\u016fm um\u011bn\u00ed m\u011bsta Brna pak nab\u00eddne tvo\u0159iv\u00e9 programy zab\u00fdvaj\u00edc\u00ed se slovn\u00ed interpretac\u00ed v\u00fdtvarn\u00fdch d\u011bl.<\/p>\n<p>Mezi nejatraktivn\u011bjs\u00ed akce cel\u00e9ho t\u00fddne budou bezpochyby pat\u0159it woskhopy, kde si n\u00e1v\u0161t\u011bvn\u00edci mohou vyrobit sklen\u011bn\u00fd \u0161perk s vlastn\u00ed inici\u00e1lou \u010di keramickou kachli s obl\u00edben\u00fdm cit\u00e1tem. Vernis\u00e1\u017e bude m\u00edt v r\u00e1mci TVK tak\u00e9 v\u00fdstup z projektu zalo\u017een\u00e9ho na spolupr\u00e1ci \u010desk\u00fdch v\u00fdtvarn\u00edk\u016f s um\u011blci z Hongkongu, jeho\u017e z\u00e1kladem je rekonstrukce d\u00edla v\u00fdtvarn\u00edka z druh\u00e9 zem\u011b jen na z\u00e1klad\u011b jeho slovn\u00edho popisu.<\/p>\n<p>Ji\u017e tradi\u010dn\u011b se do TVK se sv\u00fdmi programy zapoj\u00ed Moravsk\u00e1 galerie v Brn\u011b, D\u016fm um\u011bn\u00ed m\u011bsta Brna, Muzeum m\u011bsta Brna, Galerie ARS \u010di Galerie TIC. N\u00e1v\u0161t\u011bvn\u00edci budou moci zhl\u00e9dnout n\u011bkolik vernis\u00e1\u017e\u00ed, z\u00fa\u010dastnit se p\u0159edn\u00e1\u0161ek \u010di komentovan\u00fdch prohl\u00eddek na v\u00fdstav\u00e1ch i samostatn\u011b v\u00fdtvarn\u011b tvo\u0159it. V \u0161irok\u00e9 \u0161k\u00e1le program\u016f si mohou vybrat v\u0161echny v\u011bkov\u00e9 kategorie.<\/p>\n<p>TVK po\u0159\u00e1daj\u00ed ka\u017edoro\u010dn\u011b studenti a vyu\u010duj\u00edc\u00ed z Katedry v\u00fdtvarn\u00e9 v\u00fdchovy Pedagogick\u00e9 fakulty Masarykovy univerzity. Letos poprv\u00e9 se do jeho organizace zapojil tak\u00e9 \u00dastav \u010desk\u00e9 literatury a knihovnictv\u00ed Filozofick\u00e9 fakulty.<\/p>\n<p>Text: Ji\u0159\u00ed K. R\u016f\u017ei\u010dka<\/p>\n","protected":false},"excerpt":{"rendered":"<p>BRNO\u00a0&#8211; Ji\u017e sedm\u00fd ro\u010dn\u00edk T\u00fddne v\u00fdtvarn\u00e9 kultury (TVK) v pond\u011bl\u00ed 14. b\u0159ezna zahajuje v Brn\u011b. P\u0159edn\u00ed brn\u011bnsk\u00e1 muzea, galerie i dal\u0161\u00ed kulturn\u00ed instituce nab\u00eddnou a\u017e do ned\u011ble propojen\u00ed vizu\u00e1ln\u00edho a slovesn\u00e9ho vyj\u00e1d\u0159en\u00ed, mottem leto\u0161n\u00edho ro\u010dn\u00edku je toti\u017e t\u00e9ma \u201cNapi\u0161 obraz\u201d.<\/p>\n","protected":false},"author":1,"featured_media":398,"comment_status":"open","ping_status":"open","sticky":false,"template":"","format":"standard","meta":[],"categories":[7],"tags":[],"_links":{"self":[{"href":"https:\/\/jananews.cz\/index.php\/wp-json\/wp\/v2\/posts\/76"}],"collection":[{"href":"https:\/\/jananews.cz\/index.php\/wp-json\/wp\/v2\/posts"}],"about":[{"href":"https:\/\/jananews.cz\/index.php\/wp-json\/wp\/v2\/types\/post"}],"author":[{"embeddable":true,"href":"https:\/\/jananews.cz\/index.php\/wp-json\/wp\/v2\/users\/1"}],"replies":[{"embeddable":true,"href":"https:\/\/jananews.cz\/index.php\/wp-json\/wp\/v2\/comments?post=76"}],"version-history":[{"count":1,"href":"https:\/\/jananews.cz\/index.php\/wp-json\/wp\/v2\/posts\/76\/revisions"}],"predecessor-version":[{"id":474,"href":"https:\/\/jananews.cz\/index.php\/wp-json\/wp\/v2\/posts\/76\/revisions\/474"}],"wp:featuredmedia":[{"embeddable":true,"href":"https:\/\/jananews.cz\/index.php\/wp-json\/wp\/v2\/media\/398"}],"wp:attachment":[{"href":"https:\/\/jananews.cz\/index.php\/wp-json\/wp\/v2\/media?parent=76"}],"wp:term":[{"taxonomy":"category","embeddable":true,"href":"https:\/\/jananews.cz\/index.php\/wp-json\/wp\/v2\/categories?post=76"},{"taxonomy":"post_tag","embeddable":true,"href":"https:\/\/jananews.cz\/index.php\/wp-json\/wp\/v2\/tags?post=76"}],"curies":[{"name":"wp","href":"https:\/\/api.w.org\/{rel}","templated":true}]}}