{"id":78,"date":"2016-03-14T16:11:56","date_gmt":"2016-03-14T15:11:56","guid":{"rendered":"http:\/\/www.jananews.cz\/WP\/index.php\/2016\/03\/14\/do-prahy-prijede-spisovatel-paulo-coelho\/"},"modified":"2020-08-16T22:43:15","modified_gmt":"2020-08-16T20:43:15","slug":"do-prahy-prijede-spisovatel-paulo-coelho","status":"publish","type":"post","link":"https:\/\/jananews.cz\/index.php\/2016\/03\/14\/do-prahy-prijede-spisovatel-paulo-coelho\/","title":{"rendered":"Do Prahy p\u0159ijede spisovatel Paulo Coelho"},"content":{"rendered":"<p>PRAHA &#8211; Pra\u017eskou oslavu sv\u00e1tku svat\u00e9ho Josefa chyst\u00e1 na konec t\u00fddne brazilsk\u00fd spisovatel Paulo Coelho. Do Prahy doraz\u00ed v p\u00e1tek, o den pozd\u011bji pak bude m\u00edt v prav\u00e9 poledne tiskovou konferenci a ve\u010der uspo\u0159\u00e1d\u00e1 samotnou oslavu v Lobkovick\u00e9m pal\u00e1ci pra\u017esk\u00e9ho hradu.<\/p>\n<p><!--more--><\/p>\n<p>\u201cCoelho pozval do Prahy p\u0159\u00e1tele\u00a0 z cel\u00e9ho sv\u011bta,\u201d uvedla Radka Potm\u011b\u0161ilov\u00e1 z nakladatelstv\u00ed Argo, kter\u00e9 v \u010cesk\u00e9 republice autorovy knihy vyd\u00e1v\u00e1. Sv\u00e1tek svat\u00e9ho Josefa podle n\u00ed slav\u00ed brazilsk\u00fd spisovatel ka\u017ed\u00fd rok na jin\u00e9m magick\u00e9m m\u00edst\u011b. Vloni jej p\u0159iv\u00edtalo \u0161pan\u011blsk\u00e9 Santiago de Compostella, V pr\u016fb\u011bhu n\u00e1v\u0161t\u011bvy si Coelho p\u0159ipomene tak\u00e9 milion prodan\u00fdch knih v \u010de\u0161tin\u011b.<\/p>\n<p>Brazilsk\u00fd spisovatel je jedn\u00edm z p\u011bti nejprod\u00e1van\u011bj\u0161\u00edch autor\u016f na sv\u011bt\u011b. Prodal p\u0159es 100 milion\u016f knih ve v\u00edce ne\u017e t\u0159iceti jazyc\u00edch. K t\u011bm nejslavn\u011bj\u0161\u00edm pat\u0159\u00ed Alchymista, U \u0159eky Piedra jsem usedla a plakala, Valk\u00fdry nebo Veronika se rozhodla zem\u0159\u00edt. Alchymista vy\u0161el v \u010cesku poprv\u00e9 v roce 1995, od t\u00e9 doby se ho u n\u00e1s prodalo 200 tis\u00edc v\u00fdtisk\u016f.<\/p>\n<p>Text: Ji\u0159\u00ed K. R\u016f\u017ei\u010dka<\/p>\n","protected":false},"excerpt":{"rendered":"<p>PRAHA &#8211; Pra\u017eskou oslavu sv\u00e1tku svat\u00e9ho Josefa chyst\u00e1 na konec t\u00fddne brazilsk\u00fd spisovatel Paulo Coelho. Do Prahy doraz\u00ed v p\u00e1tek, o den pozd\u011bji pak bude m\u00edt v prav\u00e9 poledne tiskovou konferenci a ve\u010der uspo\u0159\u00e1d\u00e1 samotnou oslavu v Lobkovick\u00e9m pal\u00e1ci pra\u017esk\u00e9ho hradu.<\/p>\n","protected":false},"author":1,"featured_media":398,"comment_status":"open","ping_status":"open","sticky":false,"template":"","format":"standard","meta":[],"categories":[7],"tags":[],"_links":{"self":[{"href":"https:\/\/jananews.cz\/index.php\/wp-json\/wp\/v2\/posts\/78"}],"collection":[{"href":"https:\/\/jananews.cz\/index.php\/wp-json\/wp\/v2\/posts"}],"about":[{"href":"https:\/\/jananews.cz\/index.php\/wp-json\/wp\/v2\/types\/post"}],"author":[{"embeddable":true,"href":"https:\/\/jananews.cz\/index.php\/wp-json\/wp\/v2\/users\/1"}],"replies":[{"embeddable":true,"href":"https:\/\/jananews.cz\/index.php\/wp-json\/wp\/v2\/comments?post=78"}],"version-history":[{"count":1,"href":"https:\/\/jananews.cz\/index.php\/wp-json\/wp\/v2\/posts\/78\/revisions"}],"predecessor-version":[{"id":502,"href":"https:\/\/jananews.cz\/index.php\/wp-json\/wp\/v2\/posts\/78\/revisions\/502"}],"wp:featuredmedia":[{"embeddable":true,"href":"https:\/\/jananews.cz\/index.php\/wp-json\/wp\/v2\/media\/398"}],"wp:attachment":[{"href":"https:\/\/jananews.cz\/index.php\/wp-json\/wp\/v2\/media?parent=78"}],"wp:term":[{"taxonomy":"category","embeddable":true,"href":"https:\/\/jananews.cz\/index.php\/wp-json\/wp\/v2\/categories?post=78"},{"taxonomy":"post_tag","embeddable":true,"href":"https:\/\/jananews.cz\/index.php\/wp-json\/wp\/v2\/tags?post=78"}],"curies":[{"name":"wp","href":"https:\/\/api.w.org\/{rel}","templated":true}]}}